{"id":452316,"date":"2025-10-10T10:49:10","date_gmt":"2025-10-10T10:49:10","guid":{"rendered":"https:\/\/www.europesays.com\/fr\/452316\/"},"modified":"2025-10-10T10:49:10","modified_gmt":"2025-10-10T10:49:10","slug":"atp-moselle-open-deja-un-terrible-forfait-a-metz","status":"publish","type":"post","link":"https:\/\/www.europesays.com\/fr\/452316\/","title":{"rendered":"ATP &#8211; Moselle Open > D\u00e9j\u00e0 un terrible forfait \u00e0 Metz !"},"content":{"rendered":"<p>Les amou\u00adreux du tennis le savent tous, l\u2019\u00e9di\u00adtion 2025 de l\u2019Open de Moselle, la 22\u00e8me sera la derni\u00e8re.\u00a0<\/p>\n<p>Les orga\u00adni\u00adsa\u00adteurs qui se sont toujours battus pour offrir un plateau digne de cette cat\u00e9\u00adgorie n\u2019ont pas toujours eu de la chance.\u00a0<\/p>\n<p>Chaque ann\u00e9e, les forfaits s\u2019ac\u00adcu\u00admulent apr\u00e8s l\u2019an\u00adnonce d\u2019une liste souvent all\u00e9\u00adchante,. Par le pass\u00e9, c\u2019\u00e9tait la date du tournoi qui \u00e9tait point\u00e9e du doigt car elle se situait face \u00e0 la Coupe Davis puis la Laver\u00a0Cup.<\/p>\n<p>Mais depuis 2023, le tournoi a \u00e9t\u00e9 d\u00e9plac\u00e9 pour \u00eatre situ\u00e9 juste avant \u00ab\u202fBercy\u202f\u00bb ce qui devait permettre d\u2019\u00e9viter certains \u00ab\u202fcouacs\u202f\u00bb.\u00a0<\/p>\n<p>Cette ann\u00e9e, <strong><a href=\"https:\/\/letsgometz.com\/le-moselle-open-2025-devoile-son-entry-list\/\" data-wpel-link=\"external\" target=\"_blank\" rel=\"nofollow external noopener\">la liste avait une vraie gueule <\/a><\/strong>mais cela n\u2019a pas dur\u00e9 car Frances Tiafoe tr\u00e8s attendu car il reste un showman a du d\u00e9clarer forfait.\u00a0<\/p>\n<p>On ne peut pas incri\u00adminer le staff du Moselle Open ou le tournoi car l\u2019Am\u00e9ricain a carr\u00e9\u00adment d\u00e9cid\u00e9 d\u2019ar\u00adr\u00eater sa saison offi\u00adcielle. Selon certaines sources, Frances ne va ressortir sa raquette pour une exhi\u00adbi\u00adtion face \u00e0 Alcaraz en d\u00e9cembre\u2026<\/p>\n<p><strong>La liste des 16 premiers joueurs\u00a0<\/strong><\/p>\n<ol class=\"wp-block-list\">\n<li>Felix Auger\u2010Aliassime \u2013 CAN \u2013 13\u00e8me mondial<\/li>\n<li>Alexander Bublik \u2013 KAZ \u2013 17\u00e8me mondial<\/li>\n<li>Flavio Coboli \u2013 ITA \u2013 22\u00e8me mondial<\/li>\n<li>Ugo Humbert \u2013 FRA \u2013 26\u00e8me mondial<\/li>\n<li><strong>Frances Tiafoe \u2013 USA \u2013 28\u00e8me mondial (forfait)<\/strong><\/li>\n<li>Tallon Griekspoor \u2013 NED \u2013 31\u00e8me mondial<\/li>\n<li>Cameron Norrie \u2013 GBR \u2013 33\u00e8me mondial<\/li>\n<li>Alex Michelsen \u2013 USA \u2013 34\u00e8me mondial<\/li>\n<li>Learner Tien \u2013 USA \u2013 36\u00e8me mondial<\/li>\n<li>Giovanni Mpetschi Perricard \u2013 FRA \u2013 37\u00e8me mondial<\/li>\n<li>Corentin Moutet \u2013 FRA \u2013 38\u00e8me mondial<\/li>\n<li>Zizou Bergs \u2013 BEL \u2013 44\u00e8me mondial<\/li>\n<li>Lorenzo Sonego \u2013 ITA \u2013 46\u00e8me mondial<\/li>\n<li>Benjamin Bonzi \u2013 FRA \u2013 48\u00e8me mondial et cham\u00adpion en\u00a0titre<\/li>\n<li>Daniel Altmaier \u2013 GER \u2013 49\u00e8me mondial<\/li>\n<li>Arthur Rinderknech \u2013 FRA \u2013 54\u00e8me mondial<\/li>\n<\/ol>\n<p class=\"post-published-date\" style=\"color: silver; font-size: 75%; text-align: left;\">Publi\u00e9 le vendredi 10 octobre 2025 \u00e0 11:55<\/p>\n","protected":false},"excerpt":{"rendered":"Les amou\u00adreux du tennis le savent tous, l\u2019\u00e9di\u00adtion 2025 de l\u2019Open de Moselle, la 22\u00e8me sera la derni\u00e8re.\u00a0&hellip;\n","protected":false},"author":2,"featured_media":452317,"comment_status":"","ping_status":"","sticky":false,"template":"","format":"standard","meta":{"footnotes":""},"categories":[1415],"tags":[1744,14496,15212,1011,27,3769,60,1467],"class_list":{"0":"post-452316","1":"post","2":"type-post","3":"status-publish","4":"format-standard","5":"has-post-thumbnail","7":"category-tennis","8":"tag-alcaraz","9":"tag-auger-aliassime","10":"tag-bublik","11":"tag-fr","12":"tag-france","13":"tag-humbert","14":"tag-sports","15":"tag-tennis"},"share_on_mastodon":{"url":"https:\/\/pubeurope.com\/@fr\/115349485203338659","error":""},"_links":{"self":[{"href":"https:\/\/www.europesays.com\/fr\/wp-json\/wp\/v2\/posts\/452316","targetHints":{"allow":["GET"]}}],"collection":[{"href":"https:\/\/www.europesays.com\/fr\/wp-json\/wp\/v2\/posts"}],"about":[{"href":"https:\/\/www.europesays.com\/fr\/wp-json\/wp\/v2\/types\/post"}],"author":[{"embeddable":true,"href":"https:\/\/www.europesays.com\/fr\/wp-json\/wp\/v2\/users\/2"}],"replies":[{"embeddable":true,"href":"https:\/\/www.europesays.com\/fr\/wp-json\/wp\/v2\/comments?post=452316"}],"version-history":[{"count":0,"href":"https:\/\/www.europesays.com\/fr\/wp-json\/wp\/v2\/posts\/452316\/revisions"}],"wp:featuredmedia":[{"embeddable":true,"href":"https:\/\/www.europesays.com\/fr\/wp-json\/wp\/v2\/media\/452317"}],"wp:attachment":[{"href":"https:\/\/www.europesays.com\/fr\/wp-json\/wp\/v2\/media?parent=452316"}],"wp:term":[{"taxonomy":"category","embeddable":true,"href":"https:\/\/www.europesays.com\/fr\/wp-json\/wp\/v2\/categories?post=452316"},{"taxonomy":"post_tag","embeddable":true,"href":"https:\/\/www.europesays.com\/fr\/wp-json\/wp\/v2\/tags?post=452316"}],"curies":[{"name":"wp","href":"https:\/\/api.w.org\/{rel}","templated":true}]}}