{"id":452320,"date":"2025-10-10T10:56:18","date_gmt":"2025-10-10T10:56:18","guid":{"rendered":"https:\/\/www.europesays.com\/fr\/452320\/"},"modified":"2025-10-10T10:56:18","modified_gmt":"2025-10-10T10:56:18","slug":"muret-lart-contemporain-pour-immortaliser-clement-ader","status":"publish","type":"post","link":"https:\/\/www.europesays.com\/fr\/452320\/","title":{"rendered":"Muret. L\u2019art contemporain pour immortaliser Cl\u00e9ment Ader"},"content":{"rendered":"<p>\n                                                                    l&rsquo;essentiel<br \/>\n                                                                \u00ab\u00a0Volar\u00a0\u00bb, la sculpture monumentale d\u00e9di\u00e9e \u00e0 Cl\u00e9ment Ader a \u00e9t\u00e9 inaugur\u00e9e ce jeudi soir, avenue des Pyr\u00e9n\u00e9es. Point d\u2019orgue d\u2019une ann\u00e9e de c\u00e9l\u00e9brations \u00e0 Muret, pour f\u00eater le centenaire de la disparition du pionnier de l\u2019aviation.\n                            <\/p>\n<p>\u00ab\u00a0L\u2019origine de mon projet, c\u2019est un oiseau qui ouvre ses ailes pour prendre son envol, m\u00e9lang\u00e9 \u00e0 un avion en papier fusel\u00e9 comme le font les enfants\u00a0\u00bb, raconte, les bras crois\u00e9s, Ernest Alt\u00e8s, l\u2019artiste catalan qui a r\u00e9alis\u00e9 \u00ab\u00a0Volar\u00a0\u00bb. \u00ab\u00a0En faisant ce travail qui m\u2019a pris quatre mois, j\u2019ai d\u00e9couvert qui \u00e9tait Cl\u00e9ment Ader, un personnage extraordinaire qui a fait tant de choses. Aussi, \u00e0 partir d\u2019aujourd\u2019hui, je suis un peu Muretain\u2026\u00a0\u00bb\n<\/p>\n<p>        <img decoding=\"async\" class=\"std-img__img responsive-img\" src=\"https:\/\/www.europesays.com\/fr\/wp-content\/uploads\/2025\/10\/1760093777_940_image.jpg\" alt=\"L\u2019artiste Ernest Alt\u00e8s, fier d\u2019avoir contribu\u00e9 \u00e0 perp\u00e9tuer la m\u00e9moire de Cl\u00e9ment Ader \u00e0 Muret au travers de cette \u0153uvre en aluminium et inox de 10 m\u00e8tres de long.\"\/><\/p>\n<p>                L\u2019artiste Ernest Alt\u00e8s, fier d\u2019avoir contribu\u00e9 \u00e0 perp\u00e9tuer la m\u00e9moire de Cl\u00e9ment Ader \u00e0 Muret au travers de cette \u0153uvre en aluminium et inox de 10 m\u00e8tres de long.<br \/>\n                                    DDM &#8211; V.S.<\/p>\n<p>Cette sculpture contemporaine d\u2019inox et d\u2019acier, tr\u00f4ne d\u00e9sormais sur un rond-point avenue des Pyr\u00e9n\u00e9es, marquant l\u2019entr\u00e9e du futur centre commercial Porte des Pyr\u00e9n\u00e9es. Ce jeudi soir, devant un parterre d\u2019\u00e9lus et d\u2019invit\u00e9s, le maire Andr\u00e9 Mandement a inaugur\u00e9 cette \u0153uvre d\u2019art d\u00e9di\u00e9e \u00e0 Cl\u00e9ment Ader.\n<\/p>\n<p>        <img decoding=\"async\" class=\"std-img__img responsive-img\" src=\"https:\/\/www.europesays.com\/fr\/wp-content\/uploads\/2025\/10\/1760093778_183_image.jpg\" alt=\"Invit\u00e9s et \u00e9lus de Muret ont particip\u00e9 \u00e0 l\u2019inauguration de &quot;Volar&quot; ce jeudi soir avenue des Pyr\u00e9n\u00e9es.\"\/><\/p>\n<p>                Invit\u00e9s et \u00e9lus de Muret ont particip\u00e9 \u00e0 l\u2019inauguration de \u00ab\u00a0Volar\u00a0\u00bb ce jeudi soir avenue des Pyr\u00e9n\u00e9es.<br \/>\n                                    DDM &#8211; V.S.<\/p>\n<p>\u00ab\u00a0C\u2019est la conclusion d\u2019une ann\u00e9e particuli\u00e8re, ponctu\u00e9e par des manifestations pour rendre hommage \u00e0 ce grand Muretain. On se devait de laisser une trace avec une \u0153uvre d\u2019art. Il y a de la modernit\u00e9 dans votre \u0153uvre, et m\u00eame si \u00e0 Muret on est tr\u00e8s attach\u00e9 au pass\u00e9, Muret est une ville tourn\u00e9e vers l\u2019avenir\u00a0\u00bb, a rappel\u00e9 le maire. \u00ab\u00a0Je suis tr\u00e8s heureux de participer \u00e0 ma mani\u00e8re au patrimoine de Muret\u00a0\u00bb, a ajout\u00e9 Ernest Alt\u00e8s, \u00ab\u00a0la sculpture publique est une bonne mani\u00e8re d\u2019appr\u00e9hender l\u2019art contemporain, car il y a des gens qui n\u2019iront jamais dans une salle d\u2019exposition\u00a0\u00bb, a-t-il ajout\u00e9. Et d\u00e9j\u00e0 dans l\u2019assistance, si certains tournaient autour de Volar pour y chercher un sens, d\u2019autres \u00e9taient litt\u00e9ralement s\u00e9duits par cette sculpture aux ailes de g\u00e9ant, qui laisse planer l\u2019imagination.<\/p>\n","protected":false},"excerpt":{"rendered":"l&rsquo;essentiel \u00ab\u00a0Volar\u00a0\u00bb, la sculpture monumentale d\u00e9di\u00e9e \u00e0 Cl\u00e9ment Ader a \u00e9t\u00e9 inaugur\u00e9e ce jeudi soir, avenue des Pyr\u00e9n\u00e9es.&hellip;\n","protected":false},"author":2,"featured_media":452321,"comment_status":"","ping_status":"","sticky":false,"template":"","format":"standard","meta":{"footnotes":""},"categories":[1358],"tags":[1348,1384,1385,1386,58,59,1011,27],"class_list":{"0":"post-452320","1":"post","2":"type-post","3":"status-publish","4":"format-standard","5":"has-post-thumbnail","7":"category-arts-et-design","8":"tag-arts","9":"tag-arts-and-design","10":"tag-arts-et-design","11":"tag-design","12":"tag-divertissement","13":"tag-entertainment","14":"tag-fr","15":"tag-france"},"share_on_mastodon":{"url":"https:\/\/pubeurope.com\/@fr\/115349513588667825","error":""},"_links":{"self":[{"href":"https:\/\/www.europesays.com\/fr\/wp-json\/wp\/v2\/posts\/452320","targetHints":{"allow":["GET"]}}],"collection":[{"href":"https:\/\/www.europesays.com\/fr\/wp-json\/wp\/v2\/posts"}],"about":[{"href":"https:\/\/www.europesays.com\/fr\/wp-json\/wp\/v2\/types\/post"}],"author":[{"embeddable":true,"href":"https:\/\/www.europesays.com\/fr\/wp-json\/wp\/v2\/users\/2"}],"replies":[{"embeddable":true,"href":"https:\/\/www.europesays.com\/fr\/wp-json\/wp\/v2\/comments?post=452320"}],"version-history":[{"count":0,"href":"https:\/\/www.europesays.com\/fr\/wp-json\/wp\/v2\/posts\/452320\/revisions"}],"wp:featuredmedia":[{"embeddable":true,"href":"https:\/\/www.europesays.com\/fr\/wp-json\/wp\/v2\/media\/452321"}],"wp:attachment":[{"href":"https:\/\/www.europesays.com\/fr\/wp-json\/wp\/v2\/media?parent=452320"}],"wp:term":[{"taxonomy":"category","embeddable":true,"href":"https:\/\/www.europesays.com\/fr\/wp-json\/wp\/v2\/categories?post=452320"},{"taxonomy":"post_tag","embeddable":true,"href":"https:\/\/www.europesays.com\/fr\/wp-json\/wp\/v2\/tags?post=452320"}],"curies":[{"name":"wp","href":"https:\/\/api.w.org\/{rel}","templated":true}]}}