{"id":452322,"date":"2025-10-10T10:57:15","date_gmt":"2025-10-10T10:57:15","guid":{"rendered":"https:\/\/www.europesays.com\/fr\/452322\/"},"modified":"2025-10-10T10:57:15","modified_gmt":"2025-10-10T10:57:15","slug":"claire-deya-laureate-du-prix-des-mangeurs-de-livres-a-pontlevoy","status":"publish","type":"post","link":"https:\/\/www.europesays.com\/fr\/452322\/","title":{"rendered":"Claire Deya laur\u00e9ate du prix des Mangeurs de livres \u00e0 Pontlevoy"},"content":{"rendered":"<p>Vendredi 3\u00a0octobre, la librairie Mangeurs de livres de Pontlevoy a organis\u00e9 une soir\u00e9e d\u00e9dicace avec la romanci\u00e8re Claire Deya, ainsi que la remise du prix des Mangeurs de livres 2025. De nombreux lecteurs sont venus assister \u00e0 ce moment de partage. Entre coulisses d\u2019\u00e9criture de son roman et gen\u00e8se de son projet, Claire Deya a partag\u00e9 au public sa \u00ab\u00a0r\u00e9volte de l\u2019invisibil&#8230; <\/p>\n<p>    Cet article a \u00e9t\u00e9 tronqu\u00e9. Abonnez-vous pour lire l&rsquo;article complet sur notre site.<\/p>\n<p style=\"margin: 0 !important; padding: 0 !important; font-size: 12px !important;\">Cet article a \u00e9t\u00e9 tronqu\u00e9. Abonnez-vous pour lire l&rsquo;article complet.<\/p>\n<p>    <a href=\"https:\/\/www.lanouvellerepublique.fr\/abonnements\" style=\"display: inline-block; margin-top: 5px !important; padding: 6px 12px !important; background: #cb1c27; color: white; text-decoration: none; border-radius: 4px; font-size: 12px !important;\" rel=\"nofollow noopener\" target=\"_blank\"><br \/>\n      S&rsquo;abonner<br \/>\n    <\/a><\/p>\n","protected":false},"excerpt":{"rendered":"Vendredi 3\u00a0octobre, la librairie Mangeurs de livres de Pontlevoy a organis\u00e9 une soir\u00e9e d\u00e9dicace avec la romanci\u00e8re Claire&hellip;\n","protected":false},"author":2,"featured_media":452323,"comment_status":"","ping_status":"","sticky":false,"template":"","format":"standard","meta":{"footnotes":""},"categories":[1357],"tags":[1379,1674,58,59,1011,27,1380,29250],"class_list":{"0":"post-452322","1":"post","2":"type-post","3":"status-publish","4":"format-standard","5":"has-post-thumbnail","7":"category-livres","8":"tag-books","9":"tag-communes","10":"tag-divertissement","11":"tag-entertainment","12":"tag-fr","13":"tag-france","14":"tag-livres","15":"tag-pontlevoy"},"share_on_mastodon":{"url":"https:\/\/pubeurope.com\/@fr\/115349516850940386","error":""},"_links":{"self":[{"href":"https:\/\/www.europesays.com\/fr\/wp-json\/wp\/v2\/posts\/452322","targetHints":{"allow":["GET"]}}],"collection":[{"href":"https:\/\/www.europesays.com\/fr\/wp-json\/wp\/v2\/posts"}],"about":[{"href":"https:\/\/www.europesays.com\/fr\/wp-json\/wp\/v2\/types\/post"}],"author":[{"embeddable":true,"href":"https:\/\/www.europesays.com\/fr\/wp-json\/wp\/v2\/users\/2"}],"replies":[{"embeddable":true,"href":"https:\/\/www.europesays.com\/fr\/wp-json\/wp\/v2\/comments?post=452322"}],"version-history":[{"count":0,"href":"https:\/\/www.europesays.com\/fr\/wp-json\/wp\/v2\/posts\/452322\/revisions"}],"wp:featuredmedia":[{"embeddable":true,"href":"https:\/\/www.europesays.com\/fr\/wp-json\/wp\/v2\/media\/452323"}],"wp:attachment":[{"href":"https:\/\/www.europesays.com\/fr\/wp-json\/wp\/v2\/media?parent=452322"}],"wp:term":[{"taxonomy":"category","embeddable":true,"href":"https:\/\/www.europesays.com\/fr\/wp-json\/wp\/v2\/categories?post=452322"},{"taxonomy":"post_tag","embeddable":true,"href":"https:\/\/www.europesays.com\/fr\/wp-json\/wp\/v2\/tags?post=452322"}],"curies":[{"name":"wp","href":"https:\/\/api.w.org\/{rel}","templated":true}]}}