{"id":452324,"date":"2025-10-10T10:58:13","date_gmt":"2025-10-10T10:58:13","guid":{"rendered":"https:\/\/www.europesays.com\/fr\/452324\/"},"modified":"2025-10-10T10:58:13","modified_gmt":"2025-10-10T10:58:13","slug":"dans-telematin-ce-celebre-invite-confie-ses-soucis-lies-a-son-comportement-dans-sa-nouvelle-vie-jai-fini-par-trouver-des-strategies","status":"publish","type":"post","link":"https:\/\/www.europesays.com\/fr\/452324\/","title":{"rendered":"Dans T\u00e9l\u00e9matin, ce c\u00e9l\u00e8bre invit\u00e9 confie ses soucis li\u00e9s \u00e0 son comportement dans sa nouvelle vie : \u00ab\u00a0J\u2019ai fini par trouver des strat\u00e9gies\u00a0\u00bb"},"content":{"rendered":"<p>            <img loading=\"lazy\" decoding=\"async\" src=\"https:\/\/www.europesays.com\/fr\/wp-content\/uploads\/2025\/04\/144-64f8c016610ee-35x35-1.jpg\" class=\"author-article-picture\" width=\"35\" height=\"35\"\/><\/p>\n<p>                Par<br \/>\n                                    <a class=\"author-article-bio-link\" href=\"https:\/\/www.purepeople.com\/auteur\/louise-martin_a144\" rel=\"nofollow noopener\" target=\"_blank\">Louise Martin<\/a><br \/>\n                                                    | R\u00e9dactrice<\/p>\n<p>\n                Koh Lanta, Les Marseillais mais aussi Mari\u00e9s au Premier regards\u2026 Louise Martin est une t\u00e9l\u00e9vore qui essaye, \u00e0 ses heures perdues, de refaire les g\u00e2teaux qu\u2019elle admire devant le Meilleur P\u00e2tissier\u2026 mais elle ne risque pas de gagner le tablier bleu ! Les r\u00e9seaux sociaux n\u2019ont pas de secret pour elle, les derniers scoops, les derni\u00e8res \u00e9missions, elle les conna\u00eet tous.\n            <\/p>\n<p>\n    Vendredi 10 octobre, une c\u00e9l\u00e8bre personnalit\u00e9 \u00e9tait l\u2019invit\u00e9e de \u00ab\u00a0T\u00e9l\u00e9matin\u00a0\u00bb sur France 2. D\u00e9sormais com\u00e9dien au th\u00e9\u00e2tre, il en a profit\u00e9 pour se confier sur son TDAH et ses difficult\u00e9s. Un trouble qui ne l\u2019emp\u00eache pas de performer gr\u00e2ce \u00e0 \u00ab\u00a0des strat\u00e9gies\u00a0\u00bb.\n<\/p>\n<p>                            <img loading=\"lazy\" decoding=\"async\" class=\"player-thumbnail\" src=\"https:\/\/www.europesays.com\/fr\/wp-content\/uploads\/2025\/10\/3a167b9417e52891-580x326-1.jpg\" width=\"580\" height=\"326\"\/><\/p>\n<p>                    Un c\u00e9l\u00e8bre m\u00e9decin \u00e9t\u00e9 l&rsquo;invit\u00e9 de T\u00e9l\u00e9matin sur France 2. &#13;<br \/>\n&#13;<br \/>\nMichel Cymes \u00e9tait l&rsquo;invit\u00e9 de T\u00e9l\u00e9matin sur France 2. \u00a9 France 2, France 2<\/p>\n<p>La suite apr\u00e8s la publicit\u00e9<\/p>\n<p>\u00c0 68 ans, <a href=\"https:\/\/www.purepeople.com\/people\/michel-cymes_p2227\" rel=\"nofollow noopener\" target=\"_blank\">Michel Cymes<\/a> continue de surprendre. M\u00e9decin, animateur, vulgarisateur,<strong> il ajoute une nouvelle corde \u00e0 son arc : le th\u00e9\u00e2tre<\/strong>. Invit\u00e9 vendredi 10 octobre sur le plateau de <a href=\"https:\/\/www.purepeople.com\/article\/alice-taglioni-en-solo-une-chroniqueuse-de-telematin-et-son-celebre-epoux-pluie-de-celebrites-a-nice-pour-un-grand-final_a543293\/1\" rel=\"nofollow noopener\" target=\"_blank\">T\u00e9l\u00e9matin<\/a> sur France 2, il est venu pr\u00e9senter sa premi\u00e8re com\u00e9die sur sc\u00e8ne, Secret(s) m\u00e9dical.<\/p>\n<p>La pi\u00e8ce met en sc\u00e8ne quatre amis m\u00e9decins qui se retrouvent pour un d\u00eener entre confr\u00e8res. Mais la soir\u00e9e d\u00e9g\u00e9n\u00e8re lorsqu\u2019un psy du groupe confie que son patient, un homme politique sulfureux, brigue la pr\u00e9sidence. Sur les planches du Th\u00e9\u00e2tre Saint-Georges, du 25 septembre 2025 au 3 janvier 2026, <a href=\"https:\/\/www.purepeople.com\/article\/le-diagnostic-n-est-intervenu-qu-a-60-ans-michel-cymes-a-enfin-pu-savoir-pourquoi-sa-vie-n-etait-pas-comme-celles-des-autres_a539264\/1\" rel=\"nofollow noopener\" target=\"_blank\">Michel Cymes<\/a> partage l\u2019affiche avec Philippe Dusseau, Jean-Pierre Malignon, <a href=\"https:\/\/www.purepeople.com\/article\/julien-boisselier-qui-est-sa-compagne-clemence-thioly-elle-aussi-actrice_a419528\/1\" rel=\"nofollow noopener\" target=\"_blank\">Cl\u00e9mence Thioly<\/a> et Philippe Vieux, sous la direction de <a href=\"https:\/\/www.purepeople.com\/article\/alysson-paradis-et-philippe-lelievre-complices-pour-un-numero-inedit-d-olympiascope-avec-bernard-montiel_a517194\/1\" rel=\"nofollow noopener\" target=\"_blank\">Philippe Leli\u00e8vre<\/a>.\u00a0<\/p>\n<p>\u00ab\u00a0Je ne me suis pas fait engueuler comme \u00e7a depuis l\u2019\u00e9cole primaire\u00a0\u00bb<\/p>\n<p><a href=\"https:\/\/www.purepeople.com\/article\/michel-cymes-depose-deux-plaintes-contre-cyril-hanouna-un-chroniqueur-de-tpmp-est-aussi-concerne_a538422\/1\" rel=\"nofollow noopener\" target=\"_blank\">Le m\u00e9decin<\/a> le plus c\u00e9l\u00e8bre du petit \u00e9cran confie : \u00ab\u00a0\u00c7a fait 35 ans que je fais de la formation et de la vulgarisation m\u00e9dicale et j&rsquo;essaie de donner une image d\u00e9tendue de la m\u00e9decine. Le Magazine de la sant\u00e9 [France 5], sa carte de visite, c\u2019\u00e9tait aussi de faire marrer les gens. Je pense qu\u2019on peut \u00eatre tr\u00e8s s\u00e9rieux, bien exercer son m\u00e9tier et en m\u00eame temps faire sourire.\u00a0\u00bb<\/p>\n<p>Mais sur sc\u00e8ne, un autre d\u00e9fi s\u2019est impos\u00e9 \u00e0 lui : <a href=\"https:\/\/www.purepeople.com\/article\/jai-un-tdah-compense-vanessa-demouy-se-confie-sur-sa-sante-ses-enfants-solal-et-sharlie-aussi-concernes_a535155\/1\" rel=\"nofollow noopener\" target=\"_blank\">son TDAH,<\/a> un trouble de l\u2019attention qu\u2019il a d\u00e9couvert sur le tard alors qu\u2019il avait 60 ans. \u00ab\u00a0Une pi\u00e8ce de th\u00e9\u00e2tre, c\u2019est une chor\u00e9graphie, c\u2019est des semaines de r\u00e9p\u00e9tition. <strong>Pendant une heure et demie, on doit \u00eatre concentr\u00e9<\/strong>, et la concentration, je vous assure que ce n\u2019est pas ma principale qualit\u00e9.\u00a0\u00bb<\/p>\n<p>Et <a href=\"https:\/\/www.purepeople.com\/article\/michel-cymes-apercu-avec-des-bequilles-apres-une-operation-il-avoue-ne-pas-etre-en-forme-je-suis-sous-morphine_a534040\/1\" rel=\"nofollow noopener\" target=\"_blank\">le professionnel de sant\u00e9<\/a> de poursuivre : \u00ab\u00a0Les gens qui viendront voir la pi\u00e8ce le verront, c\u2019est du ping-pong en permanence. Il faut \u00eatre vigilant en permanence sinon vous loupez la r\u00e9plique de l\u2019autre et la v\u00f4tre. Je n\u2019ai pas boss\u00e9 comme \u00e7a depuis la fac de m\u00e9decine.\u00a0\u00bb Et il ajoute avec humour : \u00ab\u00a0Je ne me suis pas fait engueuler comme \u00e7a depuis l\u2019\u00e9cole primaire. Pour un TDAH, c\u2019est compliqu\u00e9, mais<strong> j\u2019ai fini par trouver des strat\u00e9gies <\/strong>qui font que \u00e7a passe tr\u00e8s bien.\u00a0\u00bb<\/p>\n","protected":false},"excerpt":{"rendered":"Par Louise Martin | R\u00e9dactrice Koh Lanta, Les Marseillais mais aussi Mari\u00e9s au Premier regards\u2026 Louise Martin est&hellip;\n","protected":false},"author":2,"featured_media":452325,"comment_status":"","ping_status":"","sticky":false,"template":"","format":"standard","meta":{"footnotes":""},"categories":[1356],"tags":[58,59,1011,27,252,1364],"class_list":{"0":"post-452324","1":"post","2":"type-post","3":"status-publish","4":"format-standard","5":"has-post-thumbnail","7":"category-television","8":"tag-divertissement","9":"tag-entertainment","10":"tag-fr","11":"tag-france","12":"tag-television","13":"tag-tv"},"share_on_mastodon":{"url":"https:\/\/pubeurope.com\/@fr\/115349522333737887","error":""},"_links":{"self":[{"href":"https:\/\/www.europesays.com\/fr\/wp-json\/wp\/v2\/posts\/452324","targetHints":{"allow":["GET"]}}],"collection":[{"href":"https:\/\/www.europesays.com\/fr\/wp-json\/wp\/v2\/posts"}],"about":[{"href":"https:\/\/www.europesays.com\/fr\/wp-json\/wp\/v2\/types\/post"}],"author":[{"embeddable":true,"href":"https:\/\/www.europesays.com\/fr\/wp-json\/wp\/v2\/users\/2"}],"replies":[{"embeddable":true,"href":"https:\/\/www.europesays.com\/fr\/wp-json\/wp\/v2\/comments?post=452324"}],"version-history":[{"count":0,"href":"https:\/\/www.europesays.com\/fr\/wp-json\/wp\/v2\/posts\/452324\/revisions"}],"wp:featuredmedia":[{"embeddable":true,"href":"https:\/\/www.europesays.com\/fr\/wp-json\/wp\/v2\/media\/452325"}],"wp:attachment":[{"href":"https:\/\/www.europesays.com\/fr\/wp-json\/wp\/v2\/media?parent=452324"}],"wp:term":[{"taxonomy":"category","embeddable":true,"href":"https:\/\/www.europesays.com\/fr\/wp-json\/wp\/v2\/categories?post=452324"},{"taxonomy":"post_tag","embeddable":true,"href":"https:\/\/www.europesays.com\/fr\/wp-json\/wp\/v2\/tags?post=452324"}],"curies":[{"name":"wp","href":"https:\/\/api.w.org\/{rel}","templated":true}]}}