{"id":452326,"date":"2025-10-10T10:59:11","date_gmt":"2025-10-10T10:59:11","guid":{"rendered":"https:\/\/www.europesays.com\/fr\/452326\/"},"modified":"2025-10-10T10:59:11","modified_gmt":"2025-10-10T10:59:11","slug":"je-connais-ce-sentiment-detre-prisonnier-de-son-esprit","status":"publish","type":"post","link":"https:\/\/www.europesays.com\/fr\/452326\/","title":{"rendered":"\u00abJe connais ce sentiment d\u2019\u00eatre prisonnier de son esprit\u00bb"},"content":{"rendered":"<p>\n    \u00c0 l\u2019occasion de la Journ\u00e9e mondiale de la sant\u00e9 mentale, l\u2019actrice et fondatrice de Rare Beauty s\u2019associe \u00e0 Sephora pour une op\u00e9ration caritative internationale. Une cause qui r\u00e9sonne profond\u00e9ment avec son parcours personnel.<\/p>\n<p class=\"fig-paragraph\">D\u00e8s la cr\u00e9ation de Rare Beauty,\u00a0<a href=\"https:\/\/madame.lefigaro.fr\/tag\/selena-gomez\" data-fig-type=\"Keyword\" rel=\"sponsored noopener\" data-gtm-custom-categorie=\"navigation\" data-gtm-custom-action=\"crossclick\" data-gtm-custom-label=\"Contextuel\" data-gtm-event=\"customEventSPE\" data-fig-domain=\"MADAME\" target=\"_blank\">Selena Gomez<\/a>\u00a0voulait donner du sens \u00e0 son projet. \u00abC\u2019\u00e9tait il y a cinq ans, et je me souviens d\u2019une r\u00e9union avec seulement une poign\u00e9e de personnes \u00e0 l\u2019\u00e9poque. Avant m\u00eame de commencer \u00e0 vendre un produit, ils savaient que ma mission, mon objectif principal \u00e9tait de partager ce que j\u2019ai v\u00e9cu et de montrer aux autres qu\u2019ils ne sont pas seuls\u00bb, raconte-t-elle lors d\u2019une conf\u00e9rence de presse virtuelle depuis Los Angeles, \u00e0 laquelle Madame Figaro a assist\u00e9. \u00abC\u2019est pourquoi nous avons cr\u00e9\u00e9 le Fonds Rare Impact, afin de faciliter l\u2019acc\u00e8s aux ressources et \u00e0 l\u2019\u00e9ducation en sant\u00e9 mentale pour les jeunes du monde entier.\u00bb<\/p>\n<p class=\"fig-paragraph\">Depuis trois ans, chaque 10 octobre, \u00e0 l\u2019occasion de la Journ\u00e9e mondiale de la sant\u00e9 mentale, Rare Beauty lance l\u2019op\u00e9ration \u00abMake a Rare Impact\u00bb (\u00abCr\u00e9ez un impact rare\u00bb, en fran\u00e7ais). Cette ann\u00e9e, la marque reversera au fonds Rare Impact 100 % des b\u00e9n\u00e9fices des ventes de sa fragrance et de ses baumes parfum\u00e9s chez\u00a0<a href=\"https:\/\/madame.lefigaro.fr\/tag\/sephora\" data-fig-type=\"Keyword\" rel=\"sponsored noopener\" data-gtm-custom-categorie=\"navigation\" data-gtm-custom-action=\"crossclick\" data-gtm-custom-label=\"Contextuel\" data-gtm-event=\"customEventSPE\" data-fig-domain=\"MADAME\" target=\"_blank\">Sephora<\/a>\u00a0(o\u00f9 elle est distribu\u00e9e en exclusivit\u00e9). L\u2019initiative sera d\u00e9ploy\u00e9e dans 25 pays, dont la France.<\/p>\n<p>                                    <a class=\"fig-a11y-skip a11y-hidden\" href=\"#fig-a11y-skip-main-inarticle\"><br \/>\n        Passer la publicit\u00e9<br \/>\n    <\/a><\/p>\n<p>2 millions de jeunes accompagn\u00e9s<\/p>\n<p class=\"fig-paragraph\">\u00abNous soutenons 30 associations partenaires \u00e0 but non lucratif sur les cinq continents. Chaque jour, nous collaborons avec ces organisations, aux \u00c9tats-Unis, au Canada, au Br\u00e9sil, en Australie, en Europe ou encore en Inde, et nous constatons \u00e0 quel point notre action est indispensable\u00bb, explique Elyse Cohen, Chief Impact Officer chez Rare Beauty et pr\u00e9sidente du Rare Impact Fund. \u00abNous avons collect\u00e9 plus de 20 millions de dollars et accompagnons d\u00e9sormais plus de 2 millions de jeunes chaque ann\u00e9e\u00bb, poursuit-elle, soulignant l\u2019importance de l\u2019humain derri\u00e8re les chiffres\u00a0: \u00abCe qui compte, ce sont les retours que recevons. Nous entendons des histoires de personnes sauv\u00e9es de la\u00a0<a href=\"https:\/\/madame.lefigaro.fr\/tag\/depression\" target=\"_blank\" data-fig-type=\"Keyword\" rel=\"sponsored noopener\" data-gtm-custom-categorie=\"navigation\" data-gtm-custom-action=\"crossclick\" data-gtm-custom-label=\"Contextuel\" data-gtm-event=\"customEventSPE\" data-fig-domain=\"MADAME\">d\u00e9pression<\/a>, d\u2019autres qui ont trouv\u00e9 du soutien, un diagnostic, ou simplement le sentiment de ne plus \u00eatre seules.\u00bb<\/p>\n<p>Changer le discours de la beaut\u00e9<\/p>\n<p class=\"fig-paragraph\">En rompant avec le culte de la perfection depuis ses d\u00e9buts, Rare Beauty a contribu\u00e9 \u00e0 transformer l\u2019industrie des cosm\u00e9tiques. \u00abNous avons r\u00e9ussi \u00e0 changer la conversation dans le secteur, en ouvrant le dialogue sur l\u2019acceptation de soi et la\u00a0<a href=\"http:\/\/madame.lefigaro.fr\/bien-etre\/psycho\/connaissez-vous-les-gestes-de-premiers-secours-en-sante-mentale-20250530\" data-fig-type=\"Article\" data-gtm-custom-categorie=\"navigation\" data-gtm-custom-action=\"crossclick\" data-gtm-custom-label=\"Contextuel\" data-gtm-event=\"customEventSPE\" data-fig-domain=\"MADAME\" target=\"_blank\" rel=\"noopener\">sant\u00e9 mentale<\/a>, plut\u00f4t que de dissimuler ce qui nous rend uniques &#8211; ce qui \u00e9tait crucial\u00bb, insiste Elyse Cohen, qui se r\u00e9jouit d\u2019avoir particip\u00e9 \u00e0 un mouvement global. \u00abNous avons constat\u00e9 un effet exceptionnel d\u2019entra\u00eenement dans toute l\u2019industrie. Ce travail n\u2019a jamais \u00e9t\u00e9 pens\u00e9 pour \u00eatre fait en solitaire. Il s\u2019agissait de f\u00e9d\u00e9rer, d\u2019inspirer, et d\u2019encourager les autres marques \u00e0 en faire un pilier essentiel dans le monde de la beaut\u00e9.\u00bb<\/p>\n<p class=\"fig-paragraph\">Une philosophie que Selena Gomez s\u2019applique \u00e0 elle-m\u00eame. \u00abC\u2019est important de pratiquer ce que je pr\u00f4ne, m\u00eame dans les plus petites choses du quotidien\u00a0: prendre un moment pour soi, \u00e9crire dans un journal, ou simplement r\u00e9fl\u00e9chir \u00e0 ses \u00e9motions et en comprendre l\u2019origine\u00bb, partage celle qui a r\u00e9v\u00e9l\u00e9, dans son documentaire\u00a0<a href=\"http:\/\/madame.lefigaro.fr\/celebrites\/actu-people\/rires-et-larmes-selena-gomez-apparait-sans-filtre-dans-la-bande-annonce-de-son-documentaire-my-mind-me-20220923\" data-fig-type=\"Article\" data-gtm-custom-categorie=\"navigation\" data-gtm-custom-action=\"crossclick\" data-gtm-custom-label=\"Contextuel\" data-gtm-event=\"customEventSPE\" data-fig-domain=\"MADAME\" target=\"_blank\" rel=\"noopener\">My Mind and Me<\/a> \u00a0(2022), avoir \u00e9t\u00e9 diagnostiqu\u00e9e d\u2019un trouble bipolaire. \u00abJe ne veux pas que les gens aient l\u2019impression qu\u2019ils sont les seuls \u00e0 se sentir prisonnier de leur esprit. Car je connais ce sentiment. Je ne vais pas mentir, je n\u2019ai pas toujours su prendre soin de moi. Mais avec les ann\u00e9es, j\u2019ai appris \u00e0 appr\u00e9cier cela, ou simplement \u00e0 m\u2019accorder des moments juste pour moi. Parfois, c\u2019est tout ce dont j\u2019ai besoin. Et quand je ne veux pas \u00eatre seule, je sais aussi que je peux compter sur un petit cercle de personnes. C\u2019est vraiment important pour moi de ne pas avoir peur de demander de l\u2019aide, car ce n\u2019est pas une faiblesse.\u00bb<\/p>\n<blockquote class=\"fig-quote&#10;    \">\n<p class=\"fig-quote__text\">Demander de l\u2019aide n\u2019est pas une faiblesse<\/p>\n<p>            Selena Gomez\n    <\/p><\/blockquote>\n<p>Parfums et \u00e9motions<\/p>\n<p class=\"fig-paragraph\">Cette ann\u00e9e, la campagne met \u00e0 l\u2019honneur la\u00a0<a href=\"http:\/\/madame.lefigaro.fr\/beaute\/parfum\/selena-gomez-j-ai-toujours-voulu-montrer-ou-j-en-etais-dans-ma-vie-a-travers-ce-que-je-cree-20250822\" data-fig-type=\"Article\" data-gtm-custom-categorie=\"navigation\" data-gtm-custom-action=\"crossclick\" data-gtm-custom-label=\"Contextuel\" data-gtm-event=\"customEventSPE\" data-fig-domain=\"MADAME\" target=\"_blank\" rel=\"noopener\">premi\u00e8re fragrance de Rare Beauty<\/a>\u00a0et ses baumes parfum\u00e9s pour le corps, \u00e0 superposer selon l\u2019humeur ou le moment de la journ\u00e9e pour personnaliser sa signature olfactive. Il se d\u00e9cline en quatre senteurs (ambre vanill\u00e9, ch\u00eane bois\u00e9, bouquet floral de pivoines ou bergamote fra\u00eeche &#8211; son pr\u00e9f\u00e9r\u00e9.) \u00abJe crois que le parfum participe au bien-\u00eatre. Pour moi, les odeurs sont li\u00e9es aux \u00e9motions. Il suffit de voir comme une simple odeur provenant de la cuisine peut nous ramener \u00e0 l\u2019enfance, tandis qu\u2019une autre peut r\u00e9veiller des souvenirs plus d\u00e9licats. Il peut nous transporter\u00bb, confie Selena. Ce jus, qu\u2019elle a mis deux ans \u00e0 \u00e9laborer, marque une nouvelle \u00e8re joyeuse de sa vie, incluant son 33e anniversaire et les pr\u00e9paratifs de\u00a0<a href=\"http:\/\/madame.lefigaro.fr\/celebrites\/actu-people\/deux-amoureux-dans-la-nature-la-seance-photos-vintage-de-selena-gomez-et-benny-blanco-pour-leur-mariage-20250928\" data-fig-type=\"Article\" data-gtm-custom-categorie=\"navigation\" data-gtm-custom-action=\"crossclick\" data-gtm-custom-label=\"Contextuel\" data-gtm-event=\"customEventSPE\" data-fig-domain=\"MADAME\" target=\"_blank\" rel=\"noopener\">son mariage avec le producteur de musique Benny Blanco<\/a>. \u00abJe voulais qu\u2019il incarne cette p\u00e9riode r\u00e9cente. Pendant les multiples essais, j\u2019ai pu le porter longtemps avant sa sortie. Il est aujourd\u2019hui associ\u00e9 \u00e0 de merveilleux souvenirs.\u00bb<\/p>\n<p>    En juillet 2025, Selena Gomez a lanc\u00e9 Rare eau de parfum, la premi\u00e8re fragrance de sa marque de cosm\u00e9tiques, Rare Beauty.<br \/>\n                Service presse\/Rare Beauty<\/p>\n<p class=\"fig-body-link&#10;    \">\n            \u00c0 lire aussi<br \/>\n        <a class=\"fig-body-link__link\" href=\"http:\/\/madame.lefigaro.fr\/beaute\/parfum\/selena-gomez-j-ai-toujours-voulu-montrer-ou-j-en-etais-dans-ma-vie-a-travers-ce-que-je-cree-20250822\" data-fig-type=\"Article\" data-gtm-custom-categorie=\"navigation\" data-gtm-custom-action=\"crossclick\" data-gtm-custom-label=\"Contextuel\" data-gtm-event=\"customEventSPE\" data-fig-domain=\"MADAME\" target=\"_blank\" rel=\"noopener\">Selena Gomez\u00a0: \u00abJ\u2019ai toujours voulu montrer o\u00f9 j\u2019en \u00e9tais dans ma vie \u00e0 travers ce que je cr\u00e9e\u00bb<\/a>\n<\/p>\n<p>\u00abPlus qu\u2019une simple marque de cosm\u00e9tiques\u00bb<\/p>\n<p class=\"fig-paragraph\">Pour la chanteuse, cette aventure d\u00e9passe le cadre d\u2019une aventure entrepreneuriale. \u00abCe que nous avons accompli avec cette mission est probablement l\u2019une des choses dont je suis la plus fi\u00e8re dans ma vie, avec ma s\u0153ur et ma famille\u00bb, affirme celle qui a \u00e9t\u00e9 prim\u00e9e \u00e0 Cannes pour son r\u00f4le dans le film Emilia Perez, reconnaissante de voir Rare Beauty devenir \u00abplus qu\u2019une simple marque de cosm\u00e9tiques\u00bb.<\/p>\n<p>                                    <a class=\"fig-a11y-skip a11y-hidden\" href=\"#fig-a11y-skip-main-inarticle_mtf\"><br \/>\n        Passer la publicit\u00e9<br \/>\n    <\/a><\/p>\n<p class=\"fig-paragraph\">La soir\u00e9e caritative annuelle du Rare Impact Fund se tiendra le 29 octobre \u00e0 Los Angeles, avec pour objectif de poursuivre la collecte de 100 millions de dollars pour soutenir durablement les associations d\u00e9di\u00e9es \u00e0 la sant\u00e9 mentale des jeunes.<\/p>\n<p>    Le temps de la campagne \u00abMake a Rare Impact\u00bb de Rare Beauty et Sephora, du 10 au 12 octobre, tous les b\u00e9n\u00e9fices des ventes de Rare eau de parfum et des baumes parfum\u00e9s seront revers\u00e9s au fonds Rare Impact.<br \/>\n                Sephora\/Rare Beauty\/Service de presse<\/p>\n<p class=\"fig-paragraph\">Campagne Make a Rare Impact de Rare Beauty et Sephora du 10 au 12 octobre, en magasin et en ligne. Tous les b\u00e9n\u00e9fices des ventes de Rare Eau de Parfum et des baumes parfum\u00e9s seront revers\u00e9s au Rare Impact Fund.<\/p>\n","protected":false},"excerpt":{"rendered":"\u00c0 l\u2019occasion de la Journ\u00e9e mondiale de la sant\u00e9 mentale, l\u2019actrice et fondatrice de Rare Beauty s\u2019associe \u00e0&hellip;\n","protected":false},"author":2,"featured_media":452327,"comment_status":"","ping_status":"","sticky":false,"template":"","format":"standard","meta":{"footnotes":""},"categories":[1355],"tags":[58,47452,59,1011,27,1361,873,8831,15030],"class_list":{"0":"post-452326","1":"post","2":"type-post","3":"status-publish","4":"format-standard","5":"has-post-thumbnail","7":"category-musique","8":"tag-divertissement","9":"tag-eau-de-parfum","10":"tag-entertainment","11":"tag-fr","12":"tag-france","13":"tag-music","14":"tag-musique","15":"tag-selena-gomez","16":"tag-sephora"},"share_on_mastodon":{"url":"https:\/\/pubeurope.com\/@fr\/115349524838004186","error":""},"_links":{"self":[{"href":"https:\/\/www.europesays.com\/fr\/wp-json\/wp\/v2\/posts\/452326","targetHints":{"allow":["GET"]}}],"collection":[{"href":"https:\/\/www.europesays.com\/fr\/wp-json\/wp\/v2\/posts"}],"about":[{"href":"https:\/\/www.europesays.com\/fr\/wp-json\/wp\/v2\/types\/post"}],"author":[{"embeddable":true,"href":"https:\/\/www.europesays.com\/fr\/wp-json\/wp\/v2\/users\/2"}],"replies":[{"embeddable":true,"href":"https:\/\/www.europesays.com\/fr\/wp-json\/wp\/v2\/comments?post=452326"}],"version-history":[{"count":0,"href":"https:\/\/www.europesays.com\/fr\/wp-json\/wp\/v2\/posts\/452326\/revisions"}],"wp:featuredmedia":[{"embeddable":true,"href":"https:\/\/www.europesays.com\/fr\/wp-json\/wp\/v2\/media\/452327"}],"wp:attachment":[{"href":"https:\/\/www.europesays.com\/fr\/wp-json\/wp\/v2\/media?parent=452326"}],"wp:term":[{"taxonomy":"category","embeddable":true,"href":"https:\/\/www.europesays.com\/fr\/wp-json\/wp\/v2\/categories?post=452326"},{"taxonomy":"post_tag","embeddable":true,"href":"https:\/\/www.europesays.com\/fr\/wp-json\/wp\/v2\/tags?post=452326"}],"curies":[{"name":"wp","href":"https:\/\/api.w.org\/{rel}","templated":true}]}}