{"id":452328,"date":"2025-10-10T11:00:23","date_gmt":"2025-10-10T11:00:23","guid":{"rendered":"https:\/\/www.europesays.com\/fr\/452328\/"},"modified":"2025-10-10T11:00:23","modified_gmt":"2025-10-10T11:00:23","slug":"le-film-minecraft-aura-une-suite-et-sa-date-de-sortie-en-fait-un-pari-tres-risque","status":"publish","type":"post","link":"https:\/\/www.europesays.com\/fr\/452328\/","title":{"rendered":"Le film Minecraft aura une suite, et sa date de sortie en fait un pari tr\u00e8s risqu\u00e9"},"content":{"rendered":"<p class=\"sc-29e2a271-0 jjhUrQ start\">Warner Bros. ne part pas sans munitions. Le premier film a laiss\u00e9 une empreinte durable, prouvant que l&rsquo;univers du jeu a toute sa place sur grand \u00e9cran. Le retour du r\u00e9alisateur Jared Hess est un gage de continuit\u00e9, une promesse de retrouver l&rsquo;esprit qui a fait le succ\u00e8s du premier opus. La force de\u00a0Minecraft\u00a0r\u00e9side dans sa communaut\u00e9 plan\u00e9taire et son potentiel cr\u00e9atif infini, des atouts ma\u00eetres pour mobiliser les foules, m\u00eame face \u00e0 la famille la plus c\u00e9l\u00e8bre de Springfield.<\/p>\n<p class=\"sc-29e2a271-0 jjhUrQ start\">Alors, pari risqu\u00e9 ou coup de g\u00e9nie ? Seul l&rsquo;avenir nous le dira. Il est possible que l&rsquo;un des studios finisse par d\u00e9placer sa date de sortie pour s&rsquo;assurer une voie royale. Mais l&rsquo;id\u00e9e d&rsquo;un \u00e9t\u00e9 2027 marqu\u00e9 par un tel choc des titans a de quoi enthousiasmer internet (et agacer les cin\u00e9philes).<\/p>\n","protected":false},"excerpt":{"rendered":"Warner Bros. ne part pas sans munitions. Le premier film a laiss\u00e9 une empreinte durable, prouvant que l&rsquo;univers&hellip;\n","protected":false},"author":2,"featured_media":452329,"comment_status":"","ping_status":"","sticky":false,"template":"","format":"standard","meta":{"footnotes":""},"categories":[1354],"tags":[58,59,1346,1011,27,1360],"class_list":{"0":"post-452328","1":"post","2":"type-post","3":"status-publish","4":"format-standard","5":"has-post-thumbnail","7":"category-films","8":"tag-divertissement","9":"tag-entertainment","10":"tag-films","11":"tag-fr","12":"tag-france","13":"tag-movies"},"share_on_mastodon":{"url":"https:\/\/pubeurope.com\/@fr\/115349528472525401","error":""},"_links":{"self":[{"href":"https:\/\/www.europesays.com\/fr\/wp-json\/wp\/v2\/posts\/452328","targetHints":{"allow":["GET"]}}],"collection":[{"href":"https:\/\/www.europesays.com\/fr\/wp-json\/wp\/v2\/posts"}],"about":[{"href":"https:\/\/www.europesays.com\/fr\/wp-json\/wp\/v2\/types\/post"}],"author":[{"embeddable":true,"href":"https:\/\/www.europesays.com\/fr\/wp-json\/wp\/v2\/users\/2"}],"replies":[{"embeddable":true,"href":"https:\/\/www.europesays.com\/fr\/wp-json\/wp\/v2\/comments?post=452328"}],"version-history":[{"count":0,"href":"https:\/\/www.europesays.com\/fr\/wp-json\/wp\/v2\/posts\/452328\/revisions"}],"wp:featuredmedia":[{"embeddable":true,"href":"https:\/\/www.europesays.com\/fr\/wp-json\/wp\/v2\/media\/452329"}],"wp:attachment":[{"href":"https:\/\/www.europesays.com\/fr\/wp-json\/wp\/v2\/media?parent=452328"}],"wp:term":[{"taxonomy":"category","embeddable":true,"href":"https:\/\/www.europesays.com\/fr\/wp-json\/wp\/v2\/categories?post=452328"},{"taxonomy":"post_tag","embeddable":true,"href":"https:\/\/www.europesays.com\/fr\/wp-json\/wp\/v2\/tags?post=452328"}],"curies":[{"name":"wp","href":"https:\/\/api.w.org\/{rel}","templated":true}]}}