{"id":452334,"date":"2025-10-10T11:04:12","date_gmt":"2025-10-10T11:04:12","guid":{"rendered":"https:\/\/www.europesays.com\/fr\/452334\/"},"modified":"2025-10-10T11:04:12","modified_gmt":"2025-10-10T11:04:12","slug":"de-plus-en-plus-difficile-renaud-sevre-de-lalcool-mais-il-a-developpe-deux-nouvelles-addictions","status":"publish","type":"post","link":"https:\/\/www.europesays.com\/fr\/452334\/","title":{"rendered":"\u00ab\u00a0De plus en plus difficile\u00a0\u00bb : Renaud sevr\u00e9 de l\u2019alcool mais il a d\u00e9velopp\u00e9 deux nouvelles addictions"},"content":{"rendered":"<p>\u00c0 73 ans, <strong>Renaud reste une figure<br \/>\nincontournable<\/strong> de la chanson fran\u00e7aise, un artiste \u00e0 la<br \/>\nfois rebelle et tendre, dont la voix cass\u00e9e continue d\u2019\u00e9mouvoir des<br \/>\ng\u00e9n\u00e9rations enti\u00e8res. Apr\u00e8s des ann\u00e9es de luttes contre ses d\u00e9mons,<br \/>\nle chanteur semble avoir retrouv\u00e9 un \u00e9quilibre fragile, soutenu par<br \/>\nses proches. Mais s\u2019il est aujourd\u2019hui sevr\u00e9 de <strong>l\u2019alcool et<br \/>\nde la cigarette<\/strong>, deux nouvelles addictions ont pris le<br \/>\nrelais, comme le confie <a href=\"https:\/\/www.closermag.fr\/people\/la-sexualite-de-sa-fille-lolita-sechan-tres-genee-par-cette-initiative-de-son-pere-renaud-3584991\" target=\"_blank\" rel=\"noopener\"><br \/>\nsa fille Lolita S\u00e9chan<\/a>, d\u00e9sormais tr\u00e8s impliqu\u00e9e dans la vie de<br \/>\nson p\u00e8re.<\/p>\n<p>Dans une interview accord\u00e9e au <a href=\"https:\/\/www.leparisien.fr\/culture-loisirs\/musique\/papa-a-arrete-de-boire-mais-il-est-extreme-la-fille-de-renaud-lolita-sechan-se-confie-sur-son-pere-06-10-2025-WCLODZD7VVAITEUH64B25FZAX4.php\" target=\"_blank\" rel=\"nofollow noopener\">Parisien<\/a>,<br \/>\nLolita, qui g\u00e8re aujourd\u2019hui <a href=\"https:\/\/www.closermag.fr\/people\/je-suis-plus-legitime-la-fille-de-renaud-lolita-sechan-fait-une-mise-au-point-sur-sa-belle-mere-cerise-3585216\" target=\"_blank\" rel=\"noopener\"><br \/>\nle patrimoine artistique de son p\u00e8re,<\/a> revient sur les ann\u00e9es de<br \/>\ncombat contre l\u2019autodestruction du chanteur de Mistral gagnant.<br \/>\n\u201cCe n\u2019est pas une femme seule mais tout un village qui l\u2019a<br \/>\nsauv\u00e9\u201d, explique-t-elle. \u201cMa m\u00e8re l\u2019a longtemps<br \/>\naccompagn\u00e9, j\u2019ai pris la suite, son ami d\u2019enfance J\u00e9r\u00f4me, qui est<br \/>\nm\u00e9decin, est pr\u00e9cieux, Pierre et Bloodi, ses anges gardiens, sont<br \/>\nindispensables, <a href=\"https:\/\/www.closermag.fr\/people\/nous-avons-le-meme-age-lolita-sechan-ne-prend-pas-de-pincette-sur-cerise-la-femme-de-renaud-3585304\" target=\"_blank\" rel=\"noopener\"><br \/>\nsa femme Cerise<\/a>\u2026 Surtout, <strong>c\u2019est lui qui a sa force de<br \/>\nvie<\/strong>, de remonter sur sc\u00e8ne, de refaire des albums. Et<br \/>\nc\u2019est toujours lui qui d\u00e9cide\u201d.\u00a0<\/p>\n<p>Lolita S\u00e9chan se confie sur la sant\u00e9 de son p\u00e8re Renaud<\/p>\n<p><a href=\"https:\/\/www.closermag.fr\/people\/renaud-sa-fille-bouleversee-face-a-des-archives-de-son-pere-son-humour-cache-son-emotion-3583973\" target=\"_blank\" rel=\"noopener\"><br \/>\nRenaud<\/a>, qui a fr\u00f4l\u00e9 le pire \u00e0 plusieurs reprises, a pu compter<br \/>\nsur ce cercle restreint pour traverser les temp\u00eates. \u201cDans<br \/>\nplusieurs moments critiques, on m\u2019avait parl\u00e9 de le placer sous<br \/>\ntutelle, mais c\u2019est impensable de lui enlever sa libert\u00e9\u2026 m\u00eame la<br \/>\nlibert\u00e9 de se tuer\u201d, confie encore sa fille, \u00e9mue. <strong>Un<br \/>\nt\u00e9moignage bouleversant,<\/strong> qui en dit long sur la<br \/>\nd\u00e9termination et la fragilit\u00e9 d\u2019un homme visc\u00e9ralement attach\u00e9 \u00e0 sa<br \/>\nlibert\u00e9, m\u00eame lorsqu\u2019elle le met en danger.<\/p>\n<p>Aujourd\u2019hui, la sant\u00e9 du <a href=\"https:\/\/www.closermag.fr\/people\/jai-gagne-pas-mal-dargent-renaud-mal-a-laise-sur-ses-finances-dorees-3539761\" target=\"_blank\" rel=\"noopener\"><br \/>\nchanteur Renaud<\/a> s\u2019est am\u00e9lior\u00e9e. L\u2019artiste a arr\u00eat\u00e9 de boire et<br \/>\nde fumer, une victoire consid\u00e9rable pour celui qui s\u2019\u00e9tait<br \/>\nlongtemps d\u00e9crit comme un \u00ab\u00a0alcoolo repenti\u00a0\u00bb. Mais cette<br \/>\nvictoire a un prix.<\/p>\n<p>\u00ab\u00a0Il a arr\u00eat\u00e9 de fumer et de boire\u00a0\u00bb<\/p>\n<p>Comme le r\u00e9v\u00e8le sa fille : \u201cIl a arr\u00eat\u00e9 de fumer et de<br \/>\nboire. Mais il est extr\u00eame, donc il compense avec <strong>le sucre<br \/>\net la vapoteuse.<\/strong> Il a besoin de vibrer, il a besoin d\u2019un<br \/>\ncomportement extr\u00eame, et en vieillissant c\u2019est de plus en plus<br \/>\ndifficile. Je comprends, j\u2019ai pas mal h\u00e9rit\u00e9 de \u00e7a\u201d.<\/p>\n<p>Toujours anim\u00e9 par cette \u00e9nergie paradoxale entre exc\u00e8s et<br \/>\nsensibilit\u00e9, Renaud continue d\u2019avancer. Il travaille actuellement<br \/>\nsur de nouveaux projets musicaux, tout en pr\u00e9parant la<br \/>\npanth\u00e9onisation symbolique de son ami Robert Badinter, \u00e0 laquelle<br \/>\nil rendra hommage lors d\u2019une c\u00e9r\u00e9monie tr\u00e8s attendue. Loin de la<br \/>\nd\u00e9ch\u00e9ance qu\u2019on lui a souvent pr\u00eat\u00e9e, <strong>Renaud reste un<br \/>\nsurvivant.<\/strong> Un homme lucide sur ses failles, entour\u00e9<br \/>\nd\u2019amour et d\u2019une famille bienveillante, qui veille sur lui sans<br \/>\njamais l\u2019enfermer.<\/p>\n","protected":false},"excerpt":{"rendered":"\u00c0 73 ans, Renaud reste une figure incontournable de la chanson fran\u00e7aise, un artiste \u00e0 la fois rebelle&hellip;\n","protected":false},"author":2,"featured_media":452335,"comment_status":"","ping_status":"","sticky":false,"template":"","format":"standard","meta":{"footnotes":""},"categories":[8],"tags":[58,59,1011,27,1628],"class_list":{"0":"post-452334","1":"post","2":"type-post","3":"status-publish","4":"format-standard","5":"has-post-thumbnail","7":"category-divertissement","8":"tag-divertissement","9":"tag-entertainment","10":"tag-fr","11":"tag-france","12":"tag-renaud"},"share_on_mastodon":{"url":"https:\/\/pubeurope.com\/@fr\/115349546578896934","error":""},"_links":{"self":[{"href":"https:\/\/www.europesays.com\/fr\/wp-json\/wp\/v2\/posts\/452334","targetHints":{"allow":["GET"]}}],"collection":[{"href":"https:\/\/www.europesays.com\/fr\/wp-json\/wp\/v2\/posts"}],"about":[{"href":"https:\/\/www.europesays.com\/fr\/wp-json\/wp\/v2\/types\/post"}],"author":[{"embeddable":true,"href":"https:\/\/www.europesays.com\/fr\/wp-json\/wp\/v2\/users\/2"}],"replies":[{"embeddable":true,"href":"https:\/\/www.europesays.com\/fr\/wp-json\/wp\/v2\/comments?post=452334"}],"version-history":[{"count":0,"href":"https:\/\/www.europesays.com\/fr\/wp-json\/wp\/v2\/posts\/452334\/revisions"}],"wp:featuredmedia":[{"embeddable":true,"href":"https:\/\/www.europesays.com\/fr\/wp-json\/wp\/v2\/media\/452335"}],"wp:attachment":[{"href":"https:\/\/www.europesays.com\/fr\/wp-json\/wp\/v2\/media?parent=452334"}],"wp:term":[{"taxonomy":"category","embeddable":true,"href":"https:\/\/www.europesays.com\/fr\/wp-json\/wp\/v2\/categories?post=452334"},{"taxonomy":"post_tag","embeddable":true,"href":"https:\/\/www.europesays.com\/fr\/wp-json\/wp\/v2\/tags?post=452334"}],"curies":[{"name":"wp","href":"https:\/\/api.w.org\/{rel}","templated":true}]}}