{"id":452346,"date":"2025-10-10T11:10:13","date_gmt":"2025-10-10T11:10:13","guid":{"rendered":"https:\/\/www.europesays.com\/fr\/452346\/"},"modified":"2025-10-10T11:10:13","modified_gmt":"2025-10-10T11:10:13","slug":"loire-et-haute-loire-vogue-des-noix-fete-de-la-courge-foire-on-fait-quoi-ce-week-end-des-11-et-12-octobre","status":"publish","type":"post","link":"https:\/\/www.europesays.com\/fr\/452346\/","title":{"rendered":"Loire et Haute-Loire. Vogue des Noix, f\u00eate de la Courge, foire&#8230; On fait quoi ce week-end des 11 et 12\u00a0octobre\u00a0?"},"content":{"rendered":"<p>  1. Top d\u00e9part pour la vogue des Noix \u00e0 Firminy\u00a0!<\/p>\n<p>Pr\u00e8s de 250 attractions, man\u00e8ges et stands de gourmandises ont pris place dans le centre-ville pour r\u00e9galer les visiteurs, du 11 au 19\u00a0octobre\u00a0! Rayon nouveaut\u00e9s, on trouve une grande roue, la Bellevue Tower, le Flashback ou encore une intrigante Ghost House. La vogue, c\u2019est aussi les nombreuses animations du comit\u00e9 des f\u00eates\u00a0: concert des soci\u00e9t\u00e9s musicales, raid et rando VTT, relais de l\u2019OMS, retraite aux flambeaux et d\u00eener-spectacle au Firmament. Cette semaine de f\u00eate s\u2019ach\u00e8vera le dimanche 19\u00a0octobre, dans l\u2019ambiance anim\u00e9e du corso qui s\u2019\u00e9lancera dans les rues de la ville, d\u00e8s 14\u00a0h\u00a030.<\/p>\n<p class=\"note\">Samedi\u00a011 et 18\u00a0octobre, de 14\u00a0h \u00e0 minuit. Dimanche\u00a012 et mercredi 15\u00a0octobre, de 14 \u00e0 22\u00a0h. Vendredi\u00a017, de 16\u00a0h\u00a030 \u00e0 23\u00a0h, dimanche 19\u00a0octobre de 14 \u00e0 21\u00a0h. Centre-ville. Renseignements\u00a0: ville-firminy.fr<\/p>\n<p>2. Courges et saveurs d\u2019automne \u00e0 Andr\u00e9zieux-Bouth\u00e9on<\/p>\n<p>Le parc du ch\u00e2teau de Bouth\u00e9on vous attend pour c\u00e9l\u00e9brer le retour de l\u2019automne\u00a0! Deux jours d\u2019animations sont au programme de cette 26e \u1d49 \u00e9dition\u00a0: march\u00e9 de producteurs et d\u2019artisans locaux, ateliers gourmands, jeux p\u00e9dagogiques, p\u00eache \u00e0 la citrouille\u2026 Sans oublier les traditionnels concours du plus beau potiron d\u00e9cor\u00e9 (adultes et enfants) et de la plus grosse courge\u00a0! La joyeuse Banda Gif sera de la partie pour faire danser les visiteurs, et les \u00e9l\u00e8ves du lyc\u00e9e professionnel h\u00f4telier de Saint-Chamond offriront un show culinaire au cours du week-end. Samedi soir\u00a0: direction la salle des f\u00eates de Bouth\u00e9on pour le grand bal de l\u2019automne\u00a0!<\/p>\n<p class=\"note\">Samedi\u00a011 de 14 \u00e0 19\u00a0h et dimanche 12\u00a0octobre, de 10 \u00e0 18\u00a0h. Ch\u00e2teau de Bouth\u00e9on. Entr\u00e9e libre. Renseignements et programme d\u00e9taill\u00e9 des animations\u00a0: www.chateau-boutheon.com<\/p>\n<p>3. Trois jours de Foire du Roannais \u00e0 Riorges<\/p>\n<p>La 23e \u00e9dition du \u00ab\u00a0plus grand centre commercial \u00e9ph\u00e9m\u00e8re du Roannais\u00a0\u00bb s\u2019installe au Scarab\u00e9e d\u00e8s ce vendredi. Plus de 230 stands sont annonc\u00e9s, allant de l\u2019habitat \u00e0 la d\u00e9coration int\u00e9rieure, en passant par la gastronomie, les loisirs et le monde de l\u2019automobile. Parmi les animations, le Cirque Tempo s\u2019invite \u00e0 la foire avec les Fr\u00e8res P\u00e9rez, un duo qui m\u00e9lange clown, acrobaties, jonglerie, \u00e9quilibres, monocycle g\u00e9ant et musique live\u00a0!<\/p>\n<p>Au cours du week-end, une tombola gratuite permettra aux visiteurs de remporter de nombreux lots, notamment une console de jeux, ainsi que des bons d\u2019achat.<\/p>\n<p class=\"note\">Vendredi\u00a010 et samedi\u00a011, de 10 \u00e0 20\u00a0h. Dimanche 12\u00a0octobre de 10 \u00e0 19\u00a0h. Le Scarab\u00e9e. Entr\u00e9e libre. Renseignements\u00a0: www.spacom-events.com<\/p>\n<p>  4. Vieilles Pierres et Jeunes Plantes \u00e0 Saint-Marcel- de-F\u00e9lines<\/p>\n<p>\u00ab\u00a0Cr\u00e9ez, am\u00e9nagez, cultivez et m\u00eame go\u00fbtez votre jardin\u00a0!\u00a0\u00bb Avec pour th\u00e8me \u00ab\u00a0Le voyage des plantes\u00a0\u00bb, la 16e \u00e9dition de cette manifestation rassemblera des dizaines d\u2019exposants s\u00e9lectionn\u00e9s pour la qualit\u00e9 et l\u2019originalit\u00e9 de leurs produits\u00a0: p\u00e9pini\u00e9ristes, horticulteurs, mais aussi des artisans d\u2019art et des producteurs locaux. Au sein d\u2019un \u00ab\u00a0village des jardiniers\u00a0\u00bb, professionnels et amateurs vous prodigueront \u00e9galement leurs meilleurs conseils pour entretenir, d\u00e9corer et bichonner vos espaces verts. Possibilit\u00e9 de d\u00e9jeuner sur place (r\u00e9servation conseill\u00e9e).<\/p>\n<p class=\"note\">Samedi\u00a011 et dimanche 12\u00a0octobre, de 10 \u00e0 18\u00a0h. Parc et ch\u00e2teau. Tarifs\u00a0: 5\u00a0\u20ac, gratuit moins de 12 ans et habitants du village. Site\u00a0: www.domainesaintmarceldefelines.fr<\/p>\n<p>5. On f\u00eate la bi\u00e8re \u00e0 Saint-Just- Saint-Rambert\u00a0!<\/p>\n<p>Des bi\u00e8res artisanales, de la bonne bouffe et des concerts, voil\u00e0 ce qui vous attend samedi soir \u00e0 L\u2019Embarcad\u00e8re\u00a0! Pour cette 10e \u00e9dition, six brasseurs lig\u00e9riens offriront un festival de saveurs, que vous soyez plut\u00f4t blondes, blanches, brunes ou ambr\u00e9es, l\u00e9g\u00e8res ou de caract\u00e8re (\u00e0 consommer avec mod\u00e9ration). Pour se restaurer sur place, les organisateurs ont tout pr\u00e9vu\u00a0: food truck (snacking) ou traiteur (flammekueche et choucroute). Et pour ambiancer la soir\u00e9e, deux groupes seront \u00e0 l\u2019affiche\u00a0: All of us (rock, funk) et The Galleries (punk\/rock). Une tombola permettra de remporter un spa \u00e0 la bi\u00e8re pour deux personnes.<\/p>\n<p class=\"note\">Samedi 11\u00a0octobre de 18\u00a0h \u00e0 minuit. L\u2019Embarcad\u00e8re. Tarif unique\u00a0: 3\u00a0\u20ac avec une chope offerte. Facebook\u00a0: Office des F\u00eates de St-Just St-Rambert<\/p>\n<p>  6. Mobs et 205 pour la bonne cause \u00e0 Solignac-sur-Loire<\/p>\n<p>Dimanche, l\u2019association Passion 205-Ensemble pour Jonathan vous invite \u00e0 partager une journ\u00e9e d\u00e9di\u00e9e aux belles m\u00e9caniques, dans une ambiance chaleureuse. D\u00e8s 9 heures, il sera possible d\u2019admirer les v\u00e9hicules \u00e0 deux ou quatre roues, et de grimper \u00e0 bord pour une balade sur les routes de Haute-Loire (5\u00a0\u20ac).<\/p>\n<p>\u00c0 midi\u00a0: petite restauration ou repas sur r\u00e9servation (16\u00a0\u20ac, moins de 10 ans\u00a0: 12\u00a0\u20ac.) Des animations et un orchestre \u00e9gayeront l\u2019apr\u00e8s-midi, avant la remise des prix d\u00e9cern\u00e9s \u00e0 des v\u00e9hicules d\u2019exception. Les visiteurs pourront aussi tenter de remporter une Peugeot 205 (5\u00a0\u20ac le ticket de tombola)\u00a0! Tous les b\u00e9n\u00e9fices de cette journ\u00e9e seront revers\u00e9s \u00e0 la Ligue contre le cancer.<\/p>\n<p class=\"note\">Dimanche 12\u00a0octobre d\u00e8s 9\u00a0h. Coucouron. Entr\u00e9e libre. Renseignements et r\u00e9servations pour le repas\u00a0: 06.64.51.66.21 (\u00e0 partir de 14\u00a0h).<\/p>\n","protected":false},"excerpt":{"rendered":"1. Top d\u00e9part pour la vogue des Noix \u00e0 Firminy\u00a0! Pr\u00e8s de 250 attractions, man\u00e8ges et stands de&hellip;\n","protected":false},"author":2,"featured_media":452347,"comment_status":"","ping_status":"","sticky":false,"template":"","format":"standard","meta":{"footnotes":""},"categories":[9653],"tags":[1111,11,2430,1687,7359,16734,7539,1777,674,1011,27,4002,3367,12,25,4001,7538],"class_list":{"0":"post-452346","1":"post","2":"type-post","3":"status-publish","4":"format-standard","5":"has-post-thumbnail","7":"category-saint-etienne","8":"tag-actu","9":"tag-actualites","10":"tag-auvergne-rhone-alpes","11":"tag-culture-loisirs","12":"tag-edition-loire-centre","13":"tag-edition-loire-nord","14":"tag-edition-loire-sud","15":"tag-eu","16":"tag-europe","17":"tag-fr","18":"tag-france","19":"tag-haute-loire","20":"tag-loire","21":"tag-news","22":"tag-republique-francaise","23":"tag-saint-etienne","24":"tag-saint-etienne-ville"},"share_on_mastodon":{"url":"https:\/\/pubeurope.com\/@fr\/115349567855184999","error":""},"_links":{"self":[{"href":"https:\/\/www.europesays.com\/fr\/wp-json\/wp\/v2\/posts\/452346","targetHints":{"allow":["GET"]}}],"collection":[{"href":"https:\/\/www.europesays.com\/fr\/wp-json\/wp\/v2\/posts"}],"about":[{"href":"https:\/\/www.europesays.com\/fr\/wp-json\/wp\/v2\/types\/post"}],"author":[{"embeddable":true,"href":"https:\/\/www.europesays.com\/fr\/wp-json\/wp\/v2\/users\/2"}],"replies":[{"embeddable":true,"href":"https:\/\/www.europesays.com\/fr\/wp-json\/wp\/v2\/comments?post=452346"}],"version-history":[{"count":0,"href":"https:\/\/www.europesays.com\/fr\/wp-json\/wp\/v2\/posts\/452346\/revisions"}],"wp:featuredmedia":[{"embeddable":true,"href":"https:\/\/www.europesays.com\/fr\/wp-json\/wp\/v2\/media\/452347"}],"wp:attachment":[{"href":"https:\/\/www.europesays.com\/fr\/wp-json\/wp\/v2\/media?parent=452346"}],"wp:term":[{"taxonomy":"category","embeddable":true,"href":"https:\/\/www.europesays.com\/fr\/wp-json\/wp\/v2\/categories?post=452346"},{"taxonomy":"post_tag","embeddable":true,"href":"https:\/\/www.europesays.com\/fr\/wp-json\/wp\/v2\/tags?post=452346"}],"curies":[{"name":"wp","href":"https:\/\/api.w.org\/{rel}","templated":true}]}}