{"id":452362,"date":"2025-10-10T11:21:15","date_gmt":"2025-10-10T11:21:15","guid":{"rendered":"https:\/\/www.europesays.com\/fr\/452362\/"},"modified":"2025-10-10T11:21:15","modified_gmt":"2025-10-10T11:21:15","slug":"la-direction-depose-plainte-contre-x","status":"publish","type":"post","link":"https:\/\/www.europesays.com\/fr\/452362\/","title":{"rendered":"la direction d\u00e9pose plainte contre X"},"content":{"rendered":"<p>Le personnel de MTag, qui exploite les r\u00e9seaux de transports en commun de la M\u00e9tropole de Grenoble, du Voironnais et du Gr\u00e9sivaudan, <a href=\"https:\/\/www.ledauphine.com\/social\/2025\/10\/09\/isere-grenoble-aucun-tramway-en-circulation-le-jour-des-50-ans-du-reseau-m-tag\" target=\"_blank\" rel=\"noopener\">\u00e9tait en gr\u00e8ve ce jeudi 9\u00a0octobre<\/a>.<\/p>\n<p>Dans la suite d\u2019un mouvement qui couve depuis de longs mois et apr\u00e8s de premi\u00e8res journ\u00e9es d\u2019actions en juin dernier, l\u2019intersyndicale FO, Sud Solidaires, Unsa et CFE-CGC avait appel\u00e9 <a href=\"https:\/\/www.ledauphine.com\/social\/2025\/10\/06\/isere-metropole-de-grenoble-transports-en-commun-un-appel-a-la-greve-lance-aupres-du-personnel-de-mtag-ce-jeudi\" target=\"_blank\" rel=\"noopener\">les salari\u00e9s de tous les services \u00e0 protester<\/a> contre \u201cl\u2019aust\u00e9rit\u00e9, le m\u00e9pris et la d\u00e9gradation continue de nos conditions de travail\u201d. Les syndicats avaient annonc\u00e9 un r\u00e9seau \u201cquasi \u00e0 l\u2019arr\u00eat\u201d et une journ\u00e9e <a href=\"https:\/\/www.ledauphine.com\/transport\/2025\/10\/08\/greve-du-personnel-mtag-aucun-tramway-ne-circulera-ce-jeudi\" target=\"_blank\" rel=\"noopener\">compl\u00e8te sans tramway<\/a>.<\/p>\n<p>  MTag \u201cd\u00e9plore et d\u00e9nonce\u201d des proc\u00e9d\u00e9s ill\u00e9gaux<\/p>\n<p>Les lignes de bus Chrono devaient, elles, \u00eatre moins impact\u00e9es et circuler entre 6 heures et 20 heures en service adapt\u00e9. Mais, en plus des d\u00e9p\u00f4ts de tram d\u2019Eybens et de Gi\u00e8res, celui de Sassenage a \u00e9galement \u00e9t\u00e9 bloqu\u00e9 \u201cjusqu\u2019\u00e0 environ 8 h par une vingtaine de personnes ext\u00e9rieures \u00e0 l\u2019entreprise et masqu\u00e9es que seule l\u2019intervention des forces de l\u2019ordre a r\u00e9ussi \u00e0 d\u00e9loger\u201d, pr\u00e9cise MTag ce jeudi soir dans un communiqu\u00e9.<\/p>\n<p>L\u2019entreprise \u201cd\u00e9plore et d\u00e9nonce ces proc\u00e9d\u00e9s ill\u00e9gaux emp\u00eachant la r\u00e9alisation du service public pr\u00e9vu et les salari\u00e9s non-gr\u00e9vistes de travailler\u201d. Elle a annonc\u00e9 qu\u2019une plainte contre X \u00e0 l\u2019encontre de ces personnes serait d\u00e9pos\u00e9e.<\/p>\n","protected":false},"excerpt":{"rendered":"Le personnel de MTag, qui exploite les r\u00e9seaux de transports en commun de la M\u00e9tropole de Grenoble, du&hellip;\n","protected":false},"author":2,"featured_media":452363,"comment_status":"","ping_status":"","sticky":false,"template":"","format":"standard","meta":{"footnotes":""},"categories":[9566],"tags":[1111,11,2430,3542,112,1777,674,107,1011,27,2731,2732,108,12,25,801,2803],"class_list":{"0":"post-452362","1":"post","2":"type-post","3":"status-publish","4":"format-standard","5":"has-post-thumbnail","7":"category-grenoble","8":"tag-actu","9":"tag-actualites","10":"tag-auvergne-rhone-alpes","11":"tag-circulation","12":"tag-edition-grenoble-agglomeration","13":"tag-eu","14":"tag-europe","15":"tag-fil-info","16":"tag-fr","17":"tag-france","18":"tag-grenoble","19":"tag-grenoble-bassin","20":"tag-isere","21":"tag-news","22":"tag-republique-francaise","23":"tag-social","24":"tag-transport"},"share_on_mastodon":{"url":"https:\/\/pubeurope.com\/@fr\/115349611216572580","error":""},"_links":{"self":[{"href":"https:\/\/www.europesays.com\/fr\/wp-json\/wp\/v2\/posts\/452362","targetHints":{"allow":["GET"]}}],"collection":[{"href":"https:\/\/www.europesays.com\/fr\/wp-json\/wp\/v2\/posts"}],"about":[{"href":"https:\/\/www.europesays.com\/fr\/wp-json\/wp\/v2\/types\/post"}],"author":[{"embeddable":true,"href":"https:\/\/www.europesays.com\/fr\/wp-json\/wp\/v2\/users\/2"}],"replies":[{"embeddable":true,"href":"https:\/\/www.europesays.com\/fr\/wp-json\/wp\/v2\/comments?post=452362"}],"version-history":[{"count":0,"href":"https:\/\/www.europesays.com\/fr\/wp-json\/wp\/v2\/posts\/452362\/revisions"}],"wp:featuredmedia":[{"embeddable":true,"href":"https:\/\/www.europesays.com\/fr\/wp-json\/wp\/v2\/media\/452363"}],"wp:attachment":[{"href":"https:\/\/www.europesays.com\/fr\/wp-json\/wp\/v2\/media?parent=452362"}],"wp:term":[{"taxonomy":"category","embeddable":true,"href":"https:\/\/www.europesays.com\/fr\/wp-json\/wp\/v2\/categories?post=452362"},{"taxonomy":"post_tag","embeddable":true,"href":"https:\/\/www.europesays.com\/fr\/wp-json\/wp\/v2\/tags?post=452362"}],"curies":[{"name":"wp","href":"https:\/\/api.w.org\/{rel}","templated":true}]}}