{"id":452368,"date":"2025-10-10T11:24:18","date_gmt":"2025-10-10T11:24:18","guid":{"rendered":"https:\/\/www.europesays.com\/fr\/452368\/"},"modified":"2025-10-10T11:24:18","modified_gmt":"2025-10-10T11:24:18","slug":"strasbourg-capitale-des-concours-deux-rendez-vous-internationaux-du-vin-en-mars-2026-les-nouvelles-gastronomiques","status":"publish","type":"post","link":"https:\/\/www.europesays.com\/fr\/452368\/","title":{"rendered":"Strasbourg, capitale des concours : deux rendez-vous internationaux du vin en mars 2026 \u2022 Les Nouvelles Gastronomiques"},"content":{"rendered":"<p data-start=\"262\" data-end=\"756\">Les <strong data-start=\"266\" data-end=\"288\">14 et 15 mars 2026<\/strong>, Strasbourg accueillera deux concours internationaux majeurs au <strong data-start=\"353\" data-end=\"375\">Palais des Congr\u00e8s<\/strong>, sous l\u2019\u00e9gide de <strong data-start=\"393\" data-end=\"414\">Strasbourg Events<\/strong>. D\u2019un c\u00f4t\u00e9, la <strong data-start=\"430\" data-end=\"483\">28e \u00e9dition du Mondial des Vins Blancs Strasbourg<\/strong>, seul concours au monde exclusivement consacr\u00e9 aux vins blancs ; de l\u2019autre, la <strong data-start=\"564\" data-end=\"620\">premi\u00e8re \u00e9dition du European Red &amp; Ros\u00e9 Wine Contest<\/strong>, nouveau venu sur la sc\u00e8ne \u0153nologique europ\u00e9enne. Deux \u00e9v\u00e9nements en miroir, pour c\u00e9l\u00e9brer la diversit\u00e9 des couleurs et des terroirs.<\/p>\n<p>Le Mondial des Vins Blancs Strasbourg : une r\u00e9f\u00e9rence mondiale<\/p>\n<p data-start=\"828\" data-end=\"1214\">Depuis pr\u00e8s de trois d\u00e9cennies, le <strong data-start=\"863\" data-end=\"901\">Mondial des Vins Blancs Strasbourg<\/strong> s\u2019est impos\u00e9 comme un rendez-vous de prestige. Seul concours au monde enti\u00e8rement d\u00e9di\u00e9 aux vins blancs, il est plac\u00e9 sous le patronage de l\u2019<strong data-start=\"1043\" data-end=\"1102\">Organisation Internationale de la Vigne et du Vin (OIV)<\/strong> et membre de la <strong data-start=\"1119\" data-end=\"1130\">VINOFED<\/strong>, la f\u00e9d\u00e9ration mondiale des grands concours internationaux de vins et spiritueux.<\/p>\n<p data-start=\"1216\" data-end=\"1504\">Chaque ann\u00e9e, plus de <strong data-start=\"1238\" data-end=\"1261\">20 pays producteurs<\/strong> y participent, et <strong data-start=\"1280\" data-end=\"1309\">60 experts internationaux<\/strong> d\u00e9gustent \u00e0 l\u2019aveugle les cuv\u00e9es venues des cinq continents. Ce grand rendez-vous, reconnu pour sa rigueur et son ouverture, incarne \u00e0 la fois la tradition viticole et l\u2019innovation \u0153nologique.<\/p>\n<p><img data-recalc-dims=\"1\" loading=\"lazy\" decoding=\"async\" class=\"wp-image-68801\" src=\"https:\/\/www.europesays.com\/fr\/wp-content\/uploads\/2025\/10\/Mondial-desvins-blancs.png\" alt=\"\" width=\"604\" height=\"1044\"  \/>Mondial des vins blancs<br \/>\n2026 : l\u2019ann\u00e9e des Francs de Pied<\/p>\n<p data-start=\"1547\" data-end=\"2126\">La 28e \u00e9dition marquera une premi\u00e8re mondiale avec la cr\u00e9ation d\u2019une cat\u00e9gorie consacr\u00e9e aux <strong data-start=\"1640\" data-end=\"1667\">vignes franches de pied<\/strong>. Ces vignes, issues de la <strong data-start=\"1694\" data-end=\"1712\">vitis vinifera<\/strong> non greff\u00e9e sur un porte-greffe am\u00e9ricain, sont devenues rarissimes depuis la crise du phyllox\u00e9ra au XIX\u1d49 si\u00e8cle.<br data-start=\"1826\" data-end=\"1829\"\/>Fragiles mais pr\u00e9cieuses, elles produisent des vins d\u2019une puret\u00e9 singuli\u00e8re, transmettant directement les caract\u00e9ristiques du c\u00e9page et du terroir. En leur offrant une visibilit\u00e9 internationale, Strasbourg souligne son attachement \u00e0 la diversit\u00e9 viticole et \u00e0 la sauvegarde du patrimoine vivant.<\/p>\n<p><img data-recalc-dims=\"1\" loading=\"lazy\" decoding=\"async\" class=\"size-mailpoet_newsletter_max wp-image-87562\" src=\"https:\/\/www.europesays.com\/fr\/wp-content\/uploads\/2025\/10\/24-03-17-Egast-2024-\u00a9-Bartosch-Salmanski-0143.jpg\" alt=\"\" width=\"1170\" height=\"756\"  \/>\u00a9Bartosch Salmanski<br \/>\nUn nouveau concours pour les rouges et ros\u00e9s europ\u00e9ens<\/p>\n<p data-start=\"2190\" data-end=\"2511\">En parall\u00e8le, Strasbourg Events innove avec le lancement du European Red &amp; Ros\u00e9 Wine Contest, un concours d\u00e9di\u00e9 \u00e0 la richesse et \u00e0 la vari\u00e9t\u00e9 des vins rouges et ros\u00e9s d\u2019Europe. Ce nouveau rendez-vous ambitionne de rassembler les producteurs de 46 pays europ\u00e9ens, dans une approche ouverte, moderne et inclusive.<\/p>\n<p data-start=\"2190\" data-end=\"2511\">Fort de 27 ann\u00e9es d\u2019expertise, Strasbourg Events dispose d\u2019une reconnaissance incontest\u00e9e dans l\u2019univers des concours internationaux. Ses jurys sont compos\u00e9s de d\u00e9gustateurs, sommeliers et experts internationaux, garants d\u2019une \u00e9valuation exigeante et ind\u00e9pendante. Cette nouvelle initiative r\u00e9pond \u00e0 une double \u00e9volution : celle du march\u00e9, o\u00f9 les rouges l\u00e9gers et les ros\u00e9s connaissent un succ\u00e8s croissant, et celle du territoire, que Strasbourg Events entend valoriser en restant \u00e0 l\u2019\u00e9coute des tendances et des producteurs.<\/p>\n<p><img data-recalc-dims=\"1\" loading=\"lazy\" decoding=\"async\" class=\"size-mailpoet_newsletter_max wp-image-87563\" src=\"https:\/\/www.europesays.com\/fr\/wp-content\/uploads\/2025\/10\/24-03-17-Egast-2024-\u00a9-Bartosch-Salmanski-0136.jpg\" alt=\"\" width=\"1170\" height=\"780\"  \/>\u00a9Bartosch Salmanski<br \/>\nStrasbourg, c\u0153ur battant de l\u2019Europe viticole<\/p>\n<p data-start=\"3163\" data-end=\"3512\">Ville de naissance du Mondial des Vins Blancs et capitale europ\u00e9enne, Strasbourg s\u2019impose naturellement comme un carrefour de la viticulture internationale. Son rayonnement, sa situation g\u00e9ographique et sa culture du dialogue font d\u2019elle le lieu id\u00e9al pour accueillir deux concours d\u2019envergure mondiale, \u00e0 la fois distincts et compl\u00e9mentaires.<\/p>\n<p data-start=\"3551\" data-end=\"3903\">Apr\u00e8s les \u00e9ditions consacr\u00e9es aux c\u00e9pages autochtones, aux effervescents et aux no-low wines depuis 2024, les Francs de Pied et les vins rouges et ros\u00e9s europ\u00e9ens ouvriront un nouveau chapitre.<br data-start=\"3764\" data-end=\"3767\"\/>Entre h\u00e9ritage et modernit\u00e9, 2026 s\u2019annonce comme un mill\u00e9sime haut en couleurs, riche en d\u00e9couvertes, en \u00e9motions et en \u00e9changes.<\/p>\n<p data-start=\"3905\" data-end=\"4111\">Pour les juges, les vignerons et les passionn\u00e9s, ces deux jours de concours seront bien plus qu\u2019une confrontation : une c\u00e9l\u00e9bration du vin sous toutes ses nuances, dans la capitale du go\u00fbt et du dialogue.<\/p>\n<p data-start=\"4113\" data-end=\"4190\"><a class=\"decorated-link\" href=\"https:\/\/www.mondial-des-vins-blancs.com\" target=\"_new\" rel=\"noopener nofollow\" data-start=\"4116\" data-end=\"4190\">www.mondial-des-vins-blancs.com<\/a><\/p>\n","protected":false},"excerpt":{"rendered":"Les 14 et 15 mars 2026, Strasbourg accueillera deux concours internationaux majeurs au Palais des Congr\u00e8s, sous l\u2019\u00e9gide&hellip;\n","protected":false},"author":2,"featured_media":452369,"comment_status":"","ping_status":"","sticky":false,"template":"","format":"standard","meta":{"footnotes":""},"categories":[2820],"tags":[1111,11,1777,674,57798,1011,27,775,57799,12,25,640,57800],"class_list":{"0":"post-452368","1":"post","2":"type-post","3":"status-publish","4":"format-standard","5":"has-post-thumbnail","7":"category-strasbourg","8":"tag-actu","9":"tag-actualites","10":"tag-eu","11":"tag-europe","12":"tag-european-red-rose-wine-contest","13":"tag-fr","14":"tag-france","15":"tag-grand-est","16":"tag-mondial-des-vins-blancs","17":"tag-news","18":"tag-republique-francaise","19":"tag-strasbourg","20":"tag-strasbourg-event"},"share_on_mastodon":{"url":"https:\/\/pubeurope.com\/@fr\/115349623483967455","error":""},"_links":{"self":[{"href":"https:\/\/www.europesays.com\/fr\/wp-json\/wp\/v2\/posts\/452368","targetHints":{"allow":["GET"]}}],"collection":[{"href":"https:\/\/www.europesays.com\/fr\/wp-json\/wp\/v2\/posts"}],"about":[{"href":"https:\/\/www.europesays.com\/fr\/wp-json\/wp\/v2\/types\/post"}],"author":[{"embeddable":true,"href":"https:\/\/www.europesays.com\/fr\/wp-json\/wp\/v2\/users\/2"}],"replies":[{"embeddable":true,"href":"https:\/\/www.europesays.com\/fr\/wp-json\/wp\/v2\/comments?post=452368"}],"version-history":[{"count":0,"href":"https:\/\/www.europesays.com\/fr\/wp-json\/wp\/v2\/posts\/452368\/revisions"}],"wp:featuredmedia":[{"embeddable":true,"href":"https:\/\/www.europesays.com\/fr\/wp-json\/wp\/v2\/media\/452369"}],"wp:attachment":[{"href":"https:\/\/www.europesays.com\/fr\/wp-json\/wp\/v2\/media?parent=452368"}],"wp:term":[{"taxonomy":"category","embeddable":true,"href":"https:\/\/www.europesays.com\/fr\/wp-json\/wp\/v2\/categories?post=452368"},{"taxonomy":"post_tag","embeddable":true,"href":"https:\/\/www.europesays.com\/fr\/wp-json\/wp\/v2\/tags?post=452368"}],"curies":[{"name":"wp","href":"https:\/\/api.w.org\/{rel}","templated":true}]}}