{"id":452370,"date":"2025-10-10T11:25:12","date_gmt":"2025-10-10T11:25:12","guid":{"rendered":"https:\/\/www.europesays.com\/fr\/452370\/"},"modified":"2025-10-10T11:25:12","modified_gmt":"2025-10-10T11:25:12","slug":"lex-maire-de-la-ville-catherine-trautmann-est-candidate-aux-municipales","status":"publish","type":"post","link":"https:\/\/www.europesays.com\/fr\/452370\/","title":{"rendered":"L&rsquo;ex-maire de la ville Catherine Trautmann est candidate aux municipales"},"content":{"rendered":"<p>\n    \u00c0 la t\u00eate de Strasbourg de 1989 \u00e0 1997 puis de 2000 \u00e0 2001, Catherine Trautmann a annonc\u00e9 sa candidature vendredi lors d\u2019une conf\u00e9rence de presse en assurant avoir \u00e9t\u00e9 \u00abencourag\u00e9e, sollicit\u00e9e, voire parfois somm\u00e9e\u00bb par les Strasbourgeois \u00abde prendre (ses) responsabilit\u00e9s\u00bb.<\/p>\n<p class=\"fig-paragraph\">Catherine Trautmann, ancienne ministre de la Culture sous Jacques Chirac, qui fut aussi\u00a0<a href=\"http:\/\/www.lefigaro.fr\/politique\/recadre-par-la-direction-du-ps-apres-son-chiche-a-borloo-kanner-assure-avoir-voulu-faire-une-boutade-20251009\" target=\"_blank\" data-fig-type=\"Article\" rel=\"noopener nofollow\" data-gtm-custom-categorie=\"navigation\" data-gtm-custom-action=\"crossclick\" data-gtm-custom-label=\"Contextuel\" data-gtm-event=\"customEventSPE\" data-fig-domain=\"LEFIGARO\">maire (PS)<\/a>\u00a0de\u00a0<a href=\"http:\/\/www.lefigaro.fr\/international\/vive-le-hamas-mort-aux-colons-la-facade-de-sciences-po-strasbourg-couverte-de-graffitis-pro-hamas-20251008\" target=\"_blank\" data-fig-type=\"NewsFlash\" rel=\"noopener nofollow\" data-gtm-custom-categorie=\"navigation\" data-gtm-custom-action=\"crossclick\" data-gtm-custom-label=\"Contextuel\" data-gtm-event=\"customEventSPE\" data-fig-domain=\"LEFIGARO\">Strasbourg<\/a>\u00a0de 1989 \u00e0 1997 puis de 2000 \u00e0 2001, a annonc\u00e9 vendredi 10 octobre sa candidature aux\u00a0<a href=\"http:\/\/www.lefigaro.fr\/politique\/les-elections-municipales-auront-lieu-les-15-et-22-mars-2026-a-annonce-la-porte-parole-du-gouvernement-20250827\" target=\"_blank\" data-fig-type=\"NewsFlash\" rel=\"noopener nofollow\" data-gtm-custom-categorie=\"navigation\" data-gtm-custom-action=\"crossclick\" data-gtm-custom-label=\"Contextuel\" data-gtm-event=\"customEventSPE\" data-fig-domain=\"LEFIGARO\">\u00e9lections municipales<\/a>\u00a0de mars prochain. \u00abPar respect pour les Strasbourgeoises et pour les Strasbourgeois et par amour pour ma ville, je m&rsquo;engage aujourd&rsquo;hui \u00e0 \u00eatre candidate aux \u00e9lections municipales\u00bb, a annonc\u00e9 Catherine Trautmann lors d&rsquo;une conf\u00e9rence de presse devant la gare de Strasbourg.<\/p>\n<p class=\"fig-paragraph\">L&rsquo;actuelle conseill\u00e8re municipale assure avoir \u00e9t\u00e9 \u00abencourag\u00e9e, sollicit\u00e9e, voire parfois somm\u00e9e\u00bb par les Strasbourgeois \u00abde prendre (ses) responsabilit\u00e9s\u00bb. Elle aura pour concurrents la maire actuelle (Les \u00c9cologistes),\u00a0<a href=\"http:\/\/www.lefigaro.fr\/flash-actu\/l-ecologiste-jeanne-barseghian-elue-maire-de-strasbourg-20200704\" target=\"_blank\" data-fig-type=\"NewsFlash\" rel=\"noopener nofollow\" data-gtm-custom-categorie=\"navigation\" data-gtm-custom-action=\"crossclick\" data-gtm-custom-label=\"Contextuel\" data-gtm-event=\"customEventSPE\" data-fig-domain=\"LEFIGARO\">Jeanne Barseghian<\/a>, le centriste Pierre Jakubowicz, qui a re\u00e7u l&rsquo;investiture du parti Horizons d&rsquo;Edouard Philippe, ainsi que Jean-Philippe Vetter (LR).<\/p>\n<p>                                    <a class=\"fig-a11y-skip a11y-hidden\" href=\"#fig-a11y-skip-main-inarticle\"><br \/>\n        Passer la publicit\u00e9<br \/>\n    <\/a><\/p>\n<p class=\"fig-paragraph\">Catherine Trautmann a \u00e9t\u00e9 ministre de la Culture du gouvernement Jospin de 1997 \u00e0 2000 et maire de Strasbourg de 1989 \u00e0 2001, avec une interruption de trois ans pendant ses fonctions au gouvernement. Elle a \u00e9galement \u00e9t\u00e9 d\u00e9put\u00e9e europ\u00e9enne (1989-1997 et 2004-2014). En 2020, elle avait d\u00e9j\u00e0 conduit une liste aux municipales, et \u00e9tait arriv\u00e9e en troisi\u00e8me position au second tour, obtenant 23,33% des voix.<\/p>\n<p>Strasbourg a \u00abperdu sa place\u00bb<\/p>\n<p class=\"fig-paragraph\">Selon elle, Strasbourg a aujourd&rsquo;hui \u00abperdu sa place\u00bb et ce \u00abd\u00e9classement\u00bb a pour cause le \u00abmandat actuel qui a d\u00e9suni, d\u00e9construit, d\u00e9stabilis\u00e9 et rabaiss\u00e9\u00bb. Catherine Trautmann n&rsquo;a pas d\u00e9taill\u00e9 la composition de son \u00e9quipe mais assur\u00e9 que celle-ci sera \u00abouverte\u00bb et \u00aballiera l&rsquo;exp\u00e9rience et la comp\u00e9tence de celles et ceux qui ont d\u00e9j\u00e0 fait leur preuve \u00e0 l&rsquo;\u00e9nergie, \u00e0 la cr\u00e9ativit\u00e9 et au regard neuf de nouvelles g\u00e9n\u00e9rations\u00bb.<\/p>\n<p class=\"fig-paragraph\">\u00c2g\u00e9e de 74 ans, elle a reconnu \u00eatre \u00abdans les prolongations comme on dit en foot\u00bb, mais pr\u00e9cis\u00e9 avoir \u00abv\u00e9rifi\u00e9 l&rsquo;\u00e9tat de la machine\u00bb et sa capacit\u00e9 \u00e0 \u00abtenir la course\u00bb. Faisant valoir son \u00abexp\u00e9rience\u00bb et sa \u00abcapacit\u00e9 d&rsquo;\u00e9coute\u00bb, elle a avanc\u00e9 que, si elle est \u00e9lue \u00abce sera un mandat de r\u00e9paration\u00bb, pour \u00abretrouver des marges de man\u0153uvre financi\u00e8res\u00bb et \u00abapaiser la ville\u00bb.<\/p>\n<p class=\"fig-body-link\">\n            \u00c0 lire aussi<br \/>\n        <a class=\"fig-body-link__link fig-premium-mark\" href=\"http:\/\/www.lefigaro.fr\/elections\/municipales\/municipales-2026-a-paris-les-ambitions-de-reconquete-face-au-rn-20251002\" target=\"_blank\" data-fig-type=\"Article\" rel=\"noopener nofollow\" data-gtm-custom-categorie=\"navigation\" data-gtm-custom-action=\"crossclick\" data-gtm-custom-label=\"Contextuel\" data-gtm-event=\"customEventSPE\" data-fig-domain=\"LEFIGARO\">Municipales 2026\u00a0: \u00e0 Paris, les ambitions de Reconqu\u00eate face au RN<br \/>\n    <\/a>\n<\/p>\n<p class=\"fig-paragraph\">Catherine Trautmann a balay\u00e9 la question d&rsquo;\u00e9ventuelles alliances avec les \u00e9cologistes, les centristes voire la droite, affirmant que \u00abla seule alliance est celle avec les Strasbourgeois\u00bb. Interrog\u00e9e par l&rsquo;AFP sur la possibilit\u00e9 d&rsquo;une union, la maire Jeanne Barseghian a estim\u00e9 que Catherine Trautmann est \u00abdans une opposition extr\u00eamement virulente et pendant tout le mandat s&rsquo;est beaucoup rapproch\u00e9e de la droite\u00bb. Selon la maire, \u00abc&rsquo;est aux socialistes de savoir quelle ligne ils souhaitent porter, s&rsquo;ils souhaitent porter une ligne qui permet d&rsquo;envisager une union ou s&rsquo;ils restent sur une ligne qui est une ligne d&rsquo;opposition\u00bb.<\/p>\n","protected":false},"excerpt":{"rendered":"\u00c0 la t\u00eate de Strasbourg de 1989 \u00e0 1997 puis de 2000 \u00e0 2001, Catherine Trautmann a annonc\u00e9&hellip;\n","protected":false},"author":2,"featured_media":452371,"comment_status":"","ping_status":"","sticky":false,"template":"","format":"standard","meta":{"footnotes":""},"categories":[2820],"tags":[1111,11,4188,1777,674,1011,27,775,12,25,640],"class_list":{"0":"post-452370","1":"post","2":"type-post","3":"status-publish","4":"format-standard","5":"has-post-thumbnail","7":"category-strasbourg","8":"tag-actu","9":"tag-actualites","10":"tag-elections-municipales","11":"tag-eu","12":"tag-europe","13":"tag-fr","14":"tag-france","15":"tag-grand-est","16":"tag-news","17":"tag-republique-francaise","18":"tag-strasbourg"},"share_on_mastodon":{"url":"https:\/\/pubeurope.com\/@fr\/115349626857552931","error":""},"_links":{"self":[{"href":"https:\/\/www.europesays.com\/fr\/wp-json\/wp\/v2\/posts\/452370","targetHints":{"allow":["GET"]}}],"collection":[{"href":"https:\/\/www.europesays.com\/fr\/wp-json\/wp\/v2\/posts"}],"about":[{"href":"https:\/\/www.europesays.com\/fr\/wp-json\/wp\/v2\/types\/post"}],"author":[{"embeddable":true,"href":"https:\/\/www.europesays.com\/fr\/wp-json\/wp\/v2\/users\/2"}],"replies":[{"embeddable":true,"href":"https:\/\/www.europesays.com\/fr\/wp-json\/wp\/v2\/comments?post=452370"}],"version-history":[{"count":0,"href":"https:\/\/www.europesays.com\/fr\/wp-json\/wp\/v2\/posts\/452370\/revisions"}],"wp:featuredmedia":[{"embeddable":true,"href":"https:\/\/www.europesays.com\/fr\/wp-json\/wp\/v2\/media\/452371"}],"wp:attachment":[{"href":"https:\/\/www.europesays.com\/fr\/wp-json\/wp\/v2\/media?parent=452370"}],"wp:term":[{"taxonomy":"category","embeddable":true,"href":"https:\/\/www.europesays.com\/fr\/wp-json\/wp\/v2\/categories?post=452370"},{"taxonomy":"post_tag","embeddable":true,"href":"https:\/\/www.europesays.com\/fr\/wp-json\/wp\/v2\/tags?post=452370"}],"curies":[{"name":"wp","href":"https:\/\/api.w.org\/{rel}","templated":true}]}}