{"id":452377,"date":"2025-10-10T11:29:10","date_gmt":"2025-10-10T11:29:10","guid":{"rendered":"https:\/\/www.europesays.com\/fr\/452377\/"},"modified":"2025-10-10T11:29:10","modified_gmt":"2025-10-10T11:29:10","slug":"un-week-end-danimation-pour-feter-le-renouveau-du-jardin-extraordinaire","status":"publish","type":"post","link":"https:\/\/www.europesays.com\/fr\/452377\/","title":{"rendered":"un week-end d&rsquo;animation pour f\u00eater le renouveau du Jardin Extraordinaire"},"content":{"rendered":"<p>            Par<br \/>\n        <strong><br \/>\n            <a href=\"https:\/\/actu.fr\/auteur\/redaction-nantes\" title=\"Consulter tous les articles de R\u00e9daction Nantes\" rel=\"nofollow noopener\" target=\"_blank\">R\u00e9daction Nantes<\/a><br \/>\n        <\/strong><\/p>\n<p>        Publi\u00e9 le<\/p>\n<p>            10 oct. 2025 \u00e0 13h02        <\/p>\n<p>Apr\u00e8s l\u2019ouverture de l\u2019aile \u00ab\u2009ouest\u2009\u00bb du <strong>Jardin Extraordinaire<\/strong> en 2019, les Nantais vont d\u00e9couvrir sa partie \u00ab\u2009est\u2009\u00bb. Dans le quartier du Bas-Chantenay, <a href=\"https:\/\/actu.fr\/pays-de-la-loire\/nantes_44109\/en-images-escalade-plantes-carnivores-bassin-a-nantes-la-partie-est-du-jardin-extraordinaire-se-devoile_63234421.html\" rel=\"nofollow noopener\" target=\"_blank\">une extension de 1,6 hectare a \u00e9t\u00e9 r\u00e9alis\u00e9e<\/a>, rempla\u00e7ant notamment la dalle de b\u00e9ton.<\/p>\n<p class=\" wall-content\">Le public pourra d\u00e9couvrir les nouveaut\u00e9s, <strong>ce samedi\u00a011 et dimanche 12\u00a0octobre 2025<\/strong>. Des animations sont programm\u00e9es tout au long du week-end.<\/p>\n<p>Piano, escalade, peinture\u2026<\/p>\n<p class=\" wall-content\">Samedi, de 11h \u00e0 19h, des <strong>animations gratuites<\/strong> sont propos\u00e9es par des artistes et des associations du quartier Bellevue \/ Chantenay \/ Sainte-Anne. Un piano qui flotte sur l\u2019eau, des pratiquants de slackline qui s\u2019\u00e9lancent dans les airs, des voix qui r\u00e9sonnent, des grimpeurs, des musiciens et des jeux pour petits et grands sont au programme.<\/p>\n<p class=\" wall-content\">Pour les amateurs de hauteur, des <strong>initiations \u00e0 l\u2019escalade<\/strong> seront propos\u00e9es sur 90 voies naturelles de la falaise de la carri\u00e8re Misery. Des initiations et d\u00e9monstrations gratuites encadr\u00e9es par Les Sangl\u00e9s de l\u2019Ouest, par le comit\u00e9 Loire-Atlantique Montagne Escalade et<br \/>le Club Alpin fran\u00e7ais de Nantes Atlantique. Les cr\u00e9neaux seront propos\u00e9s le samedi de 11h \u00e0 19h et dimanche de 10h \u00e0 18.<\/p>\n<p class=\" wall-content\">\u00ab\u2009Une fresque in\u00e9dite, r\u00e9alis\u00e9e par l\u2019artiste Nina Missir, qui met \u00e0 l\u2019honneur la faune et la flore du Jardin Extraordinaire prendra place \u00e0 l\u2019entr\u00e9e du jardin\u2009\u00bb, pr\u00e9sente Nantes M\u00e9tropole dans un communiqu\u00e9.<\/p>\n<p class=\" wall-content\">D\u00e9couvrez le programme complet<a href=\"http:\/\/metropole.nantes.fr\/jardin-extraordinaire-ouverture\" rel=\"nofollow noopener\" target=\"_blank\"> ici<\/a>.<\/p>\n<p class=\" wall-content\">Personnalisez votre actualit\u00e9 en ajoutant vos villes et m\u00e9dias en favori avec <a href=\"https:\/\/moncompte.actu.fr\" title=\"D\u00e9couvez Mon Actu\" rel=\"nofollow noopener\" data-trk=\"{&quot;cta&quot;:{&quot;action&quot;:&quot;https:\\\/\\\/moncompte.actu.fr&quot;,&quot;category&quot;:&quot;mon compte&quot;,&quot;from&quot;:&quot;article footer&quot;,&quot;name&quot;:&quot;Mon actu&quot;,&quot;type&quot;:&quot;cta&quot;}}\" target=\"_blank\">Mon Actu<\/a>.<\/p>\n","protected":false},"excerpt":{"rendered":"Par R\u00e9daction Nantes Publi\u00e9 le 10 oct. 2025 \u00e0 13h02 Apr\u00e8s l\u2019ouverture de l\u2019aile \u00ab\u2009ouest\u2009\u00bb du Jardin Extraordinaire&hellip;\n","protected":false},"author":2,"featured_media":452378,"comment_status":"","ping_status":"","sticky":false,"template":"","format":"standard","meta":{"footnotes":""},"categories":[2818],"tags":[1111,11,1063,1777,674,1011,27,1652,766,12,2636,25],"class_list":{"0":"post-452377","1":"post","2":"type-post","3":"status-publish","4":"format-standard","5":"has-post-thumbnail","7":"category-nantes","8":"tag-actu","9":"tag-actualites","10":"tag-animations","11":"tag-eu","12":"tag-europe","13":"tag-fr","14":"tag-france","15":"tag-loisirs-culture","16":"tag-nantes","17":"tag-news","18":"tag-pays-de-la-loire","19":"tag-republique-francaise"},"share_on_mastodon":{"url":"https:\/\/pubeurope.com\/@fr\/115349642622477582","error":""},"_links":{"self":[{"href":"https:\/\/www.europesays.com\/fr\/wp-json\/wp\/v2\/posts\/452377","targetHints":{"allow":["GET"]}}],"collection":[{"href":"https:\/\/www.europesays.com\/fr\/wp-json\/wp\/v2\/posts"}],"about":[{"href":"https:\/\/www.europesays.com\/fr\/wp-json\/wp\/v2\/types\/post"}],"author":[{"embeddable":true,"href":"https:\/\/www.europesays.com\/fr\/wp-json\/wp\/v2\/users\/2"}],"replies":[{"embeddable":true,"href":"https:\/\/www.europesays.com\/fr\/wp-json\/wp\/v2\/comments?post=452377"}],"version-history":[{"count":0,"href":"https:\/\/www.europesays.com\/fr\/wp-json\/wp\/v2\/posts\/452377\/revisions"}],"wp:featuredmedia":[{"embeddable":true,"href":"https:\/\/www.europesays.com\/fr\/wp-json\/wp\/v2\/media\/452378"}],"wp:attachment":[{"href":"https:\/\/www.europesays.com\/fr\/wp-json\/wp\/v2\/media?parent=452377"}],"wp:term":[{"taxonomy":"category","embeddable":true,"href":"https:\/\/www.europesays.com\/fr\/wp-json\/wp\/v2\/categories?post=452377"},{"taxonomy":"post_tag","embeddable":true,"href":"https:\/\/www.europesays.com\/fr\/wp-json\/wp\/v2\/tags?post=452377"}],"curies":[{"name":"wp","href":"https:\/\/api.w.org\/{rel}","templated":true}]}}