{"id":452381,"date":"2025-10-10T11:31:15","date_gmt":"2025-10-10T11:31:15","guid":{"rendered":"https:\/\/www.europesays.com\/fr\/452381\/"},"modified":"2025-10-10T11:31:15","modified_gmt":"2025-10-10T11:31:15","slug":"officiel-tydiane-diagouraga-signe-aux-girondins-de-bordeaux-apres-un-essai-concluant","status":"publish","type":"post","link":"https:\/\/www.europesays.com\/fr\/452381\/","title":{"rendered":"Officiel : Tydiane Diagouraga signe aux Girondins de Bordeaux apr\u00e8s un essai concluant"},"content":{"rendered":"<p><img decoding=\"async\" src=\"https:\/\/www.europesays.com\/fr\/wp-content\/uploads\/2025\/10\/671_dd35cab4bd57a556e6a4230ab5247418.jpg\" alt=\"Officiel : Tydiane Diagouraga signe aux Girondins de Bordeaux apr\u00e8s un essai concluant\" class=\"img-responsive mt-3\"\/><\/p>\n<p class=\"text-center mb-3\" style=\"font-size: 14px\">\u00a9 Iconsport<\/p>\n<p>      <strong>Tydiane Diagouraga, un renfort au milieu pour les Girondins de Bordeaux<\/strong><\/p>\n<p style=\"text-align: justify;\">C&rsquo;est un essai concluant pour <a href=\"https:\/\/www.webgirondins.com\/actualite-girondins-girondins-tidyane-diagouraga-a-l-essai-grosse-seance-pour-bordeaux-130723\" target=\"_blank\" rel=\"noopener\">Tydiane Diagouraga<\/a> (1,80m) avec les Girondins de Bordeaux. Le milieu d\u00e9fensif de 22 ans libre depuis son d\u00e9part de Clermont Foot. Form\u00e9 \u00e0 Valenciennes FC, pass\u00e9 par les U19 Nationaux, la N3 et la Ligue 2 avec Valenciennes et le Clermont Foot (18 matchs), s&rsquo;est engag\u00e9 apr\u00e8s sa mise \u00e0 l&rsquo;essai que nous vous avions r\u00e9v\u00e9l\u00e9e.<\/p>\n<p style=\"text-align: justify;\">Il rebondit \u00e0 Bordeaux cette saison et s&rsquo;est engag\u00e9, indique Sud Ouest. Son profil permet d&rsquo;avoir une solution au milieu du terrain en cas d&rsquo;absence de Ba, Diop ou Odru.<\/p>\n<p style=\"text-align: justify;\">Il n&rsquo;a pas suivi de pr\u00e9paration physique cet \u00e9t\u00e9 et devra monter en puissance dans les prochaines semaines. Sa qualification est esp\u00e9r\u00e9e pour le match de championnat face \u00e0 la Roche VF samedi prochain.<\/p>\n<p style=\"text-align: justify;\">\u00ab\u00a0La difficult\u00e9 \u00e9tait de trouver une solution entrant \u00e0 la fois dans le profil sportif de notre effectif cette saison et dans le budget. Tydiane l\u2019est. Je voulais voir o\u00f9 il en \u00e9tait, car il n\u2019a pas eu de pr\u00e9paration et j\u2019ai valid\u00e9\u00a0\u00bb a d\u00e9clar\u00e9 Bruno Irl\u00e8s au quotidien r\u00e9gional.<\/p>\n<p style=\"text-align: justify;\">Nous avons parl\u00e9 du joueur dans l&rsquo;\u00e9mission des abonn\u00e9s de WebGirondins ce mercredi. Le <a href=\"https:\/\/www.webgirondins.com\/actualite-girondins-mensuelle-abonnes-les-girondins-mettent-un-milieu-de-terrain-a-l-essai-faq-infos-webgirondins-130725\" target=\"_blank\" rel=\"noopener\">replay est disponible ici<\/a>.<\/p>\n<p style=\"text-align: justify;\">\u00a0<\/p>\n<p style=\"text-align: justify;\">\u00c0 lire aussi &gt;&gt; <strong><a href=\"https:\/\/www.webgirondins.com\/actualite-mercato-girondins-de-bordeaux-le-barca-doit-encore-payer-pour-jules-kounde-130739\" target=\"_blank\" rel=\"noopener\">Le Bar\u00e7a doit encore payer pour Jules Kound\u00e9<\/a><\/strong><\/p>\n<p style=\"text-align: justify;\"><strong>\u00a0<\/strong><\/p>\n<p style=\"text-align: justify;\">Notre podcast court sur l&rsquo;actualit\u00e9 des Girondins \u00e0 \u00e9couter :<\/p>\n<p>\u00a0<\/p>\n","protected":false},"excerpt":{"rendered":"\u00a9 Iconsport Tydiane Diagouraga, un renfort au milieu pour les Girondins de Bordeaux C&rsquo;est un essai concluant pour&hellip;\n","protected":false},"author":2,"featured_media":452382,"comment_status":"","ping_status":"","sticky":false,"template":"","format":"standard","meta":{"footnotes":""},"categories":[2817],"tags":[1111,11,150,3396,1997,3477,57803,57802,12708,1983,1777,674,1011,27,1987,18360,12,2219,24184,25,5572,3789,57801],"class_list":{"0":"post-452381","1":"post","2":"type-post","3":"status-publish","4":"format-standard","5":"has-post-thumbnail","7":"category-bordeaux","8":"tag-actu","9":"tag-actualites","10":"tag-apres","11":"tag-avec","12":"tag-bordeaux","13":"tag-cette","14":"tag-concluant","15":"tag-diagouraga","16":"tag-engage","17":"tag-essai","18":"tag-eu","19":"tag-europe","20":"tag-fr","21":"tag-france","22":"tag-girondins","23":"tag-mis","24":"tag-news","25":"tag-nouvelle-aquitaine","26":"tag-officiel","27":"tag-republique-francaise","28":"tag-semaine","29":"tag-signe","30":"tag-tydiane"},"share_on_mastodon":{"url":"https:\/\/pubeurope.com\/@fr\/115349650493588701","error":""},"_links":{"self":[{"href":"https:\/\/www.europesays.com\/fr\/wp-json\/wp\/v2\/posts\/452381","targetHints":{"allow":["GET"]}}],"collection":[{"href":"https:\/\/www.europesays.com\/fr\/wp-json\/wp\/v2\/posts"}],"about":[{"href":"https:\/\/www.europesays.com\/fr\/wp-json\/wp\/v2\/types\/post"}],"author":[{"embeddable":true,"href":"https:\/\/www.europesays.com\/fr\/wp-json\/wp\/v2\/users\/2"}],"replies":[{"embeddable":true,"href":"https:\/\/www.europesays.com\/fr\/wp-json\/wp\/v2\/comments?post=452381"}],"version-history":[{"count":0,"href":"https:\/\/www.europesays.com\/fr\/wp-json\/wp\/v2\/posts\/452381\/revisions"}],"wp:featuredmedia":[{"embeddable":true,"href":"https:\/\/www.europesays.com\/fr\/wp-json\/wp\/v2\/media\/452382"}],"wp:attachment":[{"href":"https:\/\/www.europesays.com\/fr\/wp-json\/wp\/v2\/media?parent=452381"}],"wp:term":[{"taxonomy":"category","embeddable":true,"href":"https:\/\/www.europesays.com\/fr\/wp-json\/wp\/v2\/categories?post=452381"},{"taxonomy":"post_tag","embeddable":true,"href":"https:\/\/www.europesays.com\/fr\/wp-json\/wp\/v2\/tags?post=452381"}],"curies":[{"name":"wp","href":"https:\/\/api.w.org\/{rel}","templated":true}]}}