{"id":452400,"date":"2025-10-10T11:41:14","date_gmt":"2025-10-10T11:41:14","guid":{"rendered":"https:\/\/www.europesays.com\/fr\/452400\/"},"modified":"2025-10-10T11:41:14","modified_gmt":"2025-10-10T11:41:14","slug":"nouveau-decoupage-et-calendrier-des-lots-transilien-en-idf-sud-rail-vous-informe","status":"publish","type":"post","link":"https:\/\/www.europesays.com\/fr\/452400\/","title":{"rendered":"NOUVEAU D\u00c9COUPAGE ET CALENDRIER DES LOTS TRANSILIEN EN IDF SUD-Rail VOUS INFORME"},"content":{"rendered":"<p> <strong>Vous trouverez ci-joint le dernier tract de la F\u00e9d\u00e9ration SUD-Rail concernant le nouveau d\u00e9coupage et le calendrier des lots Transilien en \u00cele-de-France, soumis au vote du CA d\u2019\u00cele-de-France Mobilit\u00e9s le 17 octobre 2025.<\/strong><\/p>\n<p>Ce document rappelle le calendrier de mise en concurrence des lignes et appelle \u00e0 pr\u00e9parer la riposte syndicale face \u00e0 l\u2019ouverture \u00e0 la concurrence qui menace nos conditions de travail et le service public ferroviaire.<br class=\"autobr\"\/>\n <\/p>\n<p>\t<\/p>\n<p>\t\t\t<a name=\"doc\"\/><br \/>\n\t\t\tImages \u00e0 t\u00e9l\u00e9charger<\/p>\n<p>\t\t\t\t\t<a href=\"https:\/\/sudrail.fr\/IMG\/jpg\/whatsapp_image_2025-10-10_a_12.39_16_c80487bb.jpg?7456\/fc4d70e2947ef331262f09fcd0e37c85006f56b989d0930993b206e7c595d6fc\" class=\"mediabox lien_doc\" rel=\"nofollow noopener\" target=\"_blank\"><br \/>\n\t\t\t\t\t<img loading=\"lazy\" decoding=\"async\" src=\"https:\/\/www.europesays.com\/fr\/wp-content\/uploads\/2025\/10\/whatsapp_image_2025-10-10_a_12.39_16_c80487bb-e0c15-32bb0.jpg\" width=\"40\" height=\"56\" alt=\"\" class=\"spip_logo spip_logos\"\/>\u00a0<br \/>\n\t\t\t\t\tSans titre<br \/>\n\t\t\t\t\t<\/a><\/p>\n<p>\t\t\t<a name=\"doc\"\/><br \/>\n\t\t\tDocuments \u00e0 t\u00e9l\u00e9charger<\/p>\n<p>\t\t\t\t\t<a href=\"https:\/\/sudrail.fr\/IMG\/pdf\/filliiales_rer.pdf?7457\/ebe2ab5c251c9b1f306ac4d2fdfa1c8f2c849e2f13b2074a144ed0db7c832778\" target=\"_blank\" class=\"lien_doc\" rel=\"nofollow noopener\"><br \/>\n\t\t\t\t\t<img loading=\"lazy\" decoding=\"async\" src=\"https:\/\/sudrail.fr\/local\/cache-vignettes\/L40xH40\/pdf-c3ab6.svg?1757404403\" width=\"40\" height=\"40\" alt=\"\" class=\"spip_logo spip_logos spip_document_icone\"\/>\u00a0<br \/>\n\t\t\t\t\tSans titre<br \/>\n\t\t\t\t\t<\/a><\/p>\n","protected":false},"excerpt":{"rendered":"Vous trouverez ci-joint le dernier tract de la F\u00e9d\u00e9ration SUD-Rail concernant le nouveau d\u00e9coupage et le calendrier des&hellip;\n","protected":false},"author":2,"featured_media":452401,"comment_status":"","ping_status":"","sticky":false,"template":"","format":"standard","meta":{"footnotes":""},"categories":[1592],"tags":[1111,11,1777,674,1011,27,662,12,626,25,57804],"class_list":{"0":"post-452400","1":"post","2":"type-post","3":"status-publish","4":"format-standard","5":"has-post-thumbnail","7":"category-ile-de-france","8":"tag-actu","9":"tag-actualites","10":"tag-eu","11":"tag-europe","12":"tag-fr","13":"tag-france","14":"tag-ile-de-france","15":"tag-news","16":"tag-paris","17":"tag-republique-francaise","18":"tag-syndicat-sud-rail-sncf-lutte-greve"},"share_on_mastodon":{"url":"https:\/\/pubeurope.com\/@fr\/115349690381808443","error":""},"_links":{"self":[{"href":"https:\/\/www.europesays.com\/fr\/wp-json\/wp\/v2\/posts\/452400","targetHints":{"allow":["GET"]}}],"collection":[{"href":"https:\/\/www.europesays.com\/fr\/wp-json\/wp\/v2\/posts"}],"about":[{"href":"https:\/\/www.europesays.com\/fr\/wp-json\/wp\/v2\/types\/post"}],"author":[{"embeddable":true,"href":"https:\/\/www.europesays.com\/fr\/wp-json\/wp\/v2\/users\/2"}],"replies":[{"embeddable":true,"href":"https:\/\/www.europesays.com\/fr\/wp-json\/wp\/v2\/comments?post=452400"}],"version-history":[{"count":0,"href":"https:\/\/www.europesays.com\/fr\/wp-json\/wp\/v2\/posts\/452400\/revisions"}],"wp:featuredmedia":[{"embeddable":true,"href":"https:\/\/www.europesays.com\/fr\/wp-json\/wp\/v2\/media\/452401"}],"wp:attachment":[{"href":"https:\/\/www.europesays.com\/fr\/wp-json\/wp\/v2\/media?parent=452400"}],"wp:term":[{"taxonomy":"category","embeddable":true,"href":"https:\/\/www.europesays.com\/fr\/wp-json\/wp\/v2\/categories?post=452400"},{"taxonomy":"post_tag","embeddable":true,"href":"https:\/\/www.europesays.com\/fr\/wp-json\/wp\/v2\/tags?post=452400"}],"curies":[{"name":"wp","href":"https:\/\/api.w.org\/{rel}","templated":true}]}}