{"id":452406,"date":"2025-10-10T11:44:11","date_gmt":"2025-10-10T11:44:11","guid":{"rendered":"https:\/\/www.europesays.com\/fr\/452406\/"},"modified":"2025-10-10T11:44:11","modified_gmt":"2025-10-10T11:44:11","slug":"les-projets-laureats-du-budget-participatif-de-paris-20e-2025","status":"publish","type":"post","link":"https:\/\/www.europesays.com\/fr\/452406\/","title":{"rendered":"Les projets laur\u00e9ats du Budget Participatif de Paris 20e 2025"},"content":{"rendered":"<p> <a href=\"http:\/\/menil.info\/IMG\/jpg\/les_projets_laureats_du_budget_participatif_de_paris_20e_2025.jpg\" class=\"spip_doc_lien mediabox\" type=\"image\/jpeg\" rel=\"nofollow noopener\" target=\"_blank\"><\/p>\n<p><img decoding=\"async\" src=\"https:\/\/www.europesays.com\/fr\/wp-content\/uploads\/2025\/10\/les_projets_laureats_du_budget_participatif_de_paris_20e_2025.jpg\" width=\"1400\" height=\"461\" alt=\"\" class=\"adapt-img\"   loading=\"lazy\" onload=\"this.parentNode.className+=' loaded'\"\/><\/a><\/p>\n<p>SOUTENIR LES STRUCTURES D\u2019AIDE AUX PLUS FRAGILES<\/p>\n<p>4 500 000 \u20ac<br class=\"autobr\"\/><br \/>\n\u2022 R\u00e9am\u00e9nagement du <a href=\"https:\/\/menil.info\/La-20eme-chaise\" class=\"spip_out\" rel=\"external nofollow noopener\" target=\"_blank\">centre social La 20\u00e8me Chaise<\/a><br class=\"autobr\"\/><br \/>\n\u2022 R\u00e9nover les bains-douches de la Bidassoa<\/p>\n<p>R\u00c9NOVER LES \u00c9COLES DU 20e<\/p>\n<p>3 090 000 \u20ac<br class=\"autobr\"\/><br \/>\n\u2022 R\u00e9nover des \u00e9coles de #Paris20 afin qu\u2019elles soient plus \u00e9cologiques et plus vertueuses dans leur consommation d\u2019\u00e9nergie.<\/p>\n<p>RENFORCER L\u2019ACC\u00c8S \u00c0 LA CULTURE DANS LE 20e<\/p>\n<p>1 010 000 \u20ac<br class=\"autobr\"\/><br \/>\n\u2022 Plus de Street Art dans le 20e<br class=\"autobr\"\/><br \/>\n\u2022 Nouveau Chapiteau \u00c9cole type Magic Mirror<br class=\"autobr\"\/><br \/>\n\u2022 Am\u00e9liorer le confort de l\u2019espace d\u2019accueil des parents d\u2019\u00e9l\u00e8ves du <a href=\"https:\/\/menil.info\/Conservatoire-du-20e\" class=\"spip_out\" rel=\"external nofollow noopener\" target=\"_blank\">Conservatoire du 20e<\/a> arrondissement de Paris<br class=\"autobr\"\/><br \/>\n\u2022 \u00c9quiper un lieu ressource d\u2019artisanat ouvert sur le quartier et aux alentours<br class=\"autobr\"\/><br \/>\n\u2022 Peinture murale quartier des Amandiers\u00a0: Les murs de la maternelle racontent le quartier<\/p>\n<p>SOUTENIR DES INITIATIVES D\u2019ALIMENTATION DURABLE ET SOLIDAIRE<\/p>\n<p>450 000 \u20ac<br class=\"autobr\"\/><br \/>\n\u2022 Atelier de sensibilisation au mieux manger et \u00e0 la lactofermentation par la Fondation de l\u2019Arm\u00e9e du Salut &#8211; France<br class=\"autobr\"\/><br \/>\n\u2022 Transformer un garage abandonn\u00e9 pour proposer de l\u2019aide alimentaire durable aux \u00e9tudiantes et \u00e9tudiants parisiens par Linkee<br class=\"autobr\"\/><br \/>\n\u2022 La radio des <a href=\"https:\/\/menil.info\/Les-Marmoulins\" class=\"spip_out\" rel=\"external nofollow noopener\" target=\"_blank\">Marmoulins De M\u00e9nil<\/a> pour le quartier<br class=\"autobr\"\/><br \/>\n\u2022 Renouveler l\u2019\u00e9quipement de mat\u00e9riel pour Les Petits Paniers<br class=\"autobr\"\/><br \/>\n\u2022 Acheter un v\u00e9lo r\u00e9frig\u00e9r\u00e9 pour la coordination des foyers du 20e<br class=\"autobr\"\/><br \/>\n\u2022 Outiller la <a href=\"https:\/\/menil.info\/Alimentation\" class=\"spip_out\" rel=\"external nofollow noopener\" target=\"_blank\">Caisse Alimentaire Solidaire du 20e<\/a>, la CAS20<\/p>\n<p>\n<strong>Voir en ligne :<\/strong> <a href=\"https:\/\/mairie20.paris.fr\/pages\/le-budget-participatif-13764\" target=\"new\" rel=\"nofollow noopener\">en savoir plus sur mairie20.paris.fr<\/a><\/p>\n","protected":false},"excerpt":{"rendered":"SOUTENIR LES STRUCTURES D\u2019AIDE AUX PLUS FRAGILES 4 500 000 \u20ac \u2022 R\u00e9am\u00e9nagement du centre social La 20\u00e8me&hellip;\n","protected":false},"author":2,"featured_media":452407,"comment_status":"","ping_status":"","sticky":false,"template":"","format":"standard","meta":{"footnotes":""},"categories":[1888],"tags":[11,1777,674,1011,27,12,626,25],"class_list":{"0":"post-452406","1":"post","2":"type-post","3":"status-publish","4":"format-standard","5":"has-post-thumbnail","7":"category-paris","8":"tag-actualites","9":"tag-eu","10":"tag-europe","11":"tag-fr","12":"tag-france","13":"tag-news","14":"tag-paris","15":"tag-republique-francaise"},"share_on_mastodon":{"url":"https:\/\/pubeurope.com\/@fr\/115349702184553402","error":""},"_links":{"self":[{"href":"https:\/\/www.europesays.com\/fr\/wp-json\/wp\/v2\/posts\/452406","targetHints":{"allow":["GET"]}}],"collection":[{"href":"https:\/\/www.europesays.com\/fr\/wp-json\/wp\/v2\/posts"}],"about":[{"href":"https:\/\/www.europesays.com\/fr\/wp-json\/wp\/v2\/types\/post"}],"author":[{"embeddable":true,"href":"https:\/\/www.europesays.com\/fr\/wp-json\/wp\/v2\/users\/2"}],"replies":[{"embeddable":true,"href":"https:\/\/www.europesays.com\/fr\/wp-json\/wp\/v2\/comments?post=452406"}],"version-history":[{"count":0,"href":"https:\/\/www.europesays.com\/fr\/wp-json\/wp\/v2\/posts\/452406\/revisions"}],"wp:featuredmedia":[{"embeddable":true,"href":"https:\/\/www.europesays.com\/fr\/wp-json\/wp\/v2\/media\/452407"}],"wp:attachment":[{"href":"https:\/\/www.europesays.com\/fr\/wp-json\/wp\/v2\/media?parent=452406"}],"wp:term":[{"taxonomy":"category","embeddable":true,"href":"https:\/\/www.europesays.com\/fr\/wp-json\/wp\/v2\/categories?post=452406"},{"taxonomy":"post_tag","embeddable":true,"href":"https:\/\/www.europesays.com\/fr\/wp-json\/wp\/v2\/tags?post=452406"}],"curies":[{"name":"wp","href":"https:\/\/api.w.org\/{rel}","templated":true}]}}