{"id":452412,"date":"2025-10-10T11:47:17","date_gmt":"2025-10-10T11:47:17","guid":{"rendered":"https:\/\/www.europesays.com\/fr\/452412\/"},"modified":"2025-10-10T11:47:17","modified_gmt":"2025-10-10T11:47:17","slug":"en-direct-frappe-russe-en-ukraine-une-partie-de-kiev-privee-de-courant-zelensky-veut-une-action-decisive-de-ses-allies","status":"publish","type":"post","link":"https:\/\/www.europesays.com\/fr\/452412\/","title":{"rendered":"EN DIRECT &#8211; Frappe russe en Ukraine : une partie de Kiev priv\u00e9e de courant, Zelensky veut une \u00ab\u00a0action d\u00e9cisive\u00a0\u00bb de ses alli\u00e9s"},"content":{"rendered":"<ul class=\"jsx-862013697 ArticleChapo__List\">\n<li class=\"jsx-862013697 ArticleChapo__List_Item flex\">Kiev, capitale de l&rsquo;Ukraine, a \u00e9t\u00e9 vis\u00e9e par une attaque russe d&rsquo;ampleur dans la nuit de jeudi \u00e0 vendredi.<\/li>\n<li class=\"jsx-862013697 ArticleChapo__List_Item flex\">Une coupure de courant massive est en cours, plongeant une partie de la ville dans le noir.<\/li>\n<li class=\"jsx-862013697 ArticleChapo__List_Item flex\">Suivez les derni\u00e8res informations.<\/li>\n<\/ul>\n<p data-module=\"article-paragraph\" class=\"jsx-3046738180 Paragraph Paragraph__End\">La <a href=\"https:\/\/www.tf1info.fr\/international\/en-direct-guerre-ukraine-russie-la-situation-aujourd-hui-entre-zelensky-poutine-incursions-drones-otan-bateau-fantome-les-informations-du-jeudi-2-octobre-2025-2398073.html\" target=\"_blank\" rel=\"noopener\">capitale ukrainienne<\/a> a une nouvelle fois \u00e9t\u00e9 la cible d&rsquo;une attaque russe d&rsquo;ampleur dans la nuit de jeudi \u00e0 vendredi, qui a provoqu\u00e9 une coupure de courant dans le secteur est de la ville, ont annonc\u00e9 les autorit\u00e9s locales. Des journalistes de l&rsquo;AFP \u00e0 Kiev ont entendu de nombreuses explosions ainsi que le vrombissement de drones d&rsquo;attaque.<\/p>\n<p>Minute par minuteFRAPPES RUSSES13:05<\/p>\n<p>La Russie a affirm\u00e9 vendredi avoir men\u00e9 en Ukraine des frappes \u00ab\u00a0massives\u00a0\u00bb de missiles et de drones sur des infrastructures \u00e9nerg\u00e9tiques assurant le fonctionnement du \u00ab\u00a0complexe militaro-industriel\u00a0\u00bb du pays, o\u00f9 des dizaines de milliers d&rsquo;habitants \u00e9taient priv\u00e9s de courant.<\/p>\n<p>L&rsquo;arm\u00e9e a dit dans un communiqu\u00e9 avoir men\u00e9 ces frappes nocturnes en r\u00e9ponse aux attaques de Kiev \u00ab\u00a0contre des installations civiles sur le territoire russe\u00a0\u00bb.\u00a0<\/p>\n<p>VOLODYMYR ZELENSKY10:28<\/p>\n<p>Apr\u00e8s de nouvelles frappes russes en Ukraine, le pr\u00e9sident ukrainien, Volodymyr Zelensky, appelle \u00ab\u00a0le monde\u00a0\u00bb \u00e0 \u00ab\u00a0se d\u00e9fendre contre ces crimes\u00a0\u00bb. \u00ab\u00a0Ce sont pr\u00e9cis\u00e9ment les infrastructures civiles et \u00e9nerg\u00e9tiques qui sont la principale cible des frappes russes \u00e0 l&rsquo;approche de la saison de chauffage\u00a0\u00bb, dit-il sur X. \u00ab\u00a0Ensemble, nous pouvons prot\u00e9ger les populations de ce terrorisme.\u00a0\u00bb<\/p>\n<blockquote data-testid=\"EmbedTwitter\" id=\"tweet-1976533716202590557-:R3j29lkpcmj9n79m:\" class=\"jsx-aeff1a1c40f54d7a twitter-tweet flex justify-center items-center\"><p>At many critical infrastructure sites, recovery efforts continue following Russia\u2019s strike on the energy sector. It was a cynical and calculated attack, with more than 450 drones and over thirty missiles targeting everything that sustains normal life, everything the Russians want\u2026  pic.twitter.com\/VoGrhhrVaW \u2014 Volodymyr Zelenskyy \/ \u0412\u043e\u043b\u043e\u0434\u0438\u043c\u0438\u0440 \u0417\u0435\u043b\u0435\u043d\u0441\u044c\u043a\u0438\u0439 (@ZelenskyyUa)  October 10, 2025<\/p><\/blockquote>\n<p>COUPURES D&rsquo;\u00c9LECTRICIT\u00c909:23<\/p>\n<p>La ville de Kiev et neuf r\u00e9gions \u00e0 travers le pays ont \u00e9t\u00e9 affect\u00e9es par des coupures d&rsquo;\u00e9lectricit\u00e9 \u00e0 la suite de massives frappes nocturnes russes ciblant le syst\u00e8me \u00e9nerg\u00e9tique ukrainien, a annonc\u00e9 le minist\u00e8re de l&rsquo;\u00c9nergie.<\/p>\n<p>\u00ab\u00a0\u00c0 la suite d&rsquo;une attaque massive de missiles et de drones russes (&#8230;), un nombre important de consommateurs ont \u00e9t\u00e9 priv\u00e9s d&rsquo;\u00e9lectricit\u00e9 \u00e0 Kiev\u00a0\u00bb et sa r\u00e9gion ainsi que dans celles de Donetsk, Dnipropetrovsk, Tcherniguiv, Tcherkassy, Kharkiv, Soumy, Poltava et Odessa, a pr\u00e9cis\u00e9 le minist\u00e8re.<\/p>\n<p>L&rsquo;APPEL DE ZELENSKY \u00c0 SES ALLI\u00c9S08:39<\/p>\n<p>Le pr\u00e9sident ukrainien Volodymyr Zelensky a appel\u00e9 vendredi ses alli\u00e9s \u00e0 r\u00e9pondre par des mesures concr\u00e8tes \u00e0 une attaque russe d&rsquo;ampleur contre les installations \u00e9nerg\u00e9tiques ukrainiennes, provoquant notamment une coupure de courant dans le secteur est de Kiev.<\/p>\n<p>\u00ab\u00a0Ce qui est n\u00e9cessaire, ce ne sont pas des paroles en l&rsquo;air, mais une action d\u00e9cisive \u2013 de la part des \u00c9tats-Unis, de l&rsquo;Europe et du G7 \u2013 en livrant des syst\u00e8mes de d\u00e9fense a\u00e9rienne et en appliquant des sanctions,\u00a0\u00bb a d\u00e9clar\u00e9 M. Zelensky dans une d\u00e9claration en ligne.<\/p>\n<p>DES D\u00c9G\u00c2TS \u00c0 KIEV08:38<\/p>\n<p>Un immeuble r\u00e9sidentiel situ\u00e9 dans la capitale ukrainienne apparait noirci, avec de lourds d\u00e9g\u00e2ts, apr\u00e8s une attaque russe d&rsquo;ampleur la nuit derni\u00e8re.<\/p>\n<p><img decoding=\"async\" src=\"https:\/\/www.europesays.com\/fr\/wp-content\/uploads\/2025\/10\/immeuble-residentiel-kiev-apres-frappe-russe-10-octobre-2025-8ab416-0@1x.jpeg\" alt=\"AFP\" loading=\"lazy\" importance=\"low\" fetchpriority=\"low\" class=\"\"\/>AFPZELENSKY D\u00c9NONCE UNE ATTAQUE \u00ab\u00a0CYNIQUE\u00a0\u00bb08:35<\/p>\n<p>Les interventions d&rsquo;urgence continuent ce vendredi matin apr\u00e8s une attaque russe massive. Volodymyr Zelensky, dans un message post\u00e9 sur X, indique que \u00ab\u00a0450 drones et plus de 30 missiles\u00a0\u00bb ont \u00e9t\u00e9 utilis\u00e9s pour frapper le pays la nuit derni\u00e8re.<\/p>\n<blockquote data-testid=\"EmbedTwitter\" id=\"tweet-1976533716202590557-:R3j69lkpcmj9n79m:\" class=\"jsx-aeff1a1c40f54d7a twitter-tweet flex justify-center items-center\"><p>At many critical infrastructure sites, recovery efforts continue following Russia\u2019s strike on the energy sector. It was a cynical and calculated attack, with more than 450 drones and over thirty missiles targeting everything that sustains normal life, everything the Russians want\u2026  pic.twitter.com\/VoGrhhrVaW \u2014 Volodymyr Zelenskyy \/ \u0412\u043e\u043b\u043e\u0434\u0438\u043c\u0438\u0440 \u0417\u0435\u043b\u0435\u043d\u0441\u044c\u043a\u0438\u0439 (@ZelenskyyUa)  October 10, 2025<\/p><\/blockquote>\n<p>UN ENFANT DE 7 ANS TU\u00c9 \u00c0 ZAPORIJIA07:10<\/p>\n<p>Un enfant de 7 ans est mort \u00e0 la suite de frappes russes durant la nuit de jeudi \u00e0 vendredi sur la r\u00e9gion de Zaporijia, dans le centre de l&rsquo;Ukraine, a annonc\u00e9 le gouverneur local, Ivan Fedorov.<\/p>\n<p>\u00ab\u00a0Nouvelle tragique, un gar\u00e7on de 7 ans bless\u00e9 dans une attaque nocturne russe est mort \u00e0 l&rsquo;h\u00f4pital\u00a0\u00bb sans avoir pu \u00eatre r\u00e9anim\u00e9, a indiqu\u00e9 sur Telegram ce responsable, qui a par ailleurs fait \u00e9tat de trois bless\u00e9s.<\/p>\n<p>FRAPPE RUSSE MASSIVE \u00c0 KIEV07:09<\/p>\n<p>La capitale ukrainienne a une nouvelle fois \u00e9t\u00e9 la cible d&rsquo;une attaque russe d&rsquo;ampleur dans la nuit de jeudi \u00e0 vendredi, qui a provoqu\u00e9 une coupure de courant dans le secteur est de la ville, ont annonc\u00e9 les autorit\u00e9s locales.\u00a0<\/p>\n<p>L&rsquo;arm\u00e9e de l&rsquo;air a fait \u00e9tat sur Telegram d&rsquo;une \u00ab\u00a0attaque ennemie aux missiles balistiques et d&rsquo;une attaque massive de drones d&rsquo;attaque\u00a0\u00bb, appelant la population \u00e0 rester dans des abris.<\/p>\n<p>\u00c0 l&rsquo;\u00e9chelle du pays, \u00ab\u00a0les Russes infligent des frappes massives \u00e0 l&rsquo;infrastructure \u00e9nerg\u00e9tique ukrainienne\u00a0\u00bb, a par ailleurs indiqu\u00e9 le minist\u00e8re de l&rsquo;\u00c9nergie sur Facebook.<\/p>\n<p>Frappes russes : l&rsquo;est de Kiev priv\u00e9 d&rsquo;\u00e9lectricit\u00e9Source : TF1 Info<\/p>\n<p><img decoding=\"async\" src=\"https:\/\/www.europesays.com\/fr\/wp-content\/uploads\/2025\/10\/frappes-russes-l-est-de-kiev-prive-d-electricite-d55f7f-0@1x.jpeg\" alt=\"Frappes russes : l'est de Kiev priv\u00e9 d'\u00e9lectricit\u00e9\" loading=\"lazy\" importance=\"low\" fetchpriority=\"low\" class=\"\"\/><img decoding=\"async\" src=\"https:\/\/www.tf1info.fr\/images\/icons\/player-logo-play.svg\" alt=\"Logo lecture\" class=\"jsx-d0de44c05fe3042c PlayerLazyload__Play\"\/>BONJOUR07:05<\/p>\n<p>Bienvenue dans ce direct consacr\u00e9 \u00e0 l&rsquo;actualit\u00e9 de la guerre en Ukraine, d\u00e9but\u00e9e il y a plus de 3 ans et demi apr\u00e8s l&rsquo;invasion des troupes russes de Vladimir Poutine. Suivez ici, tout au long de la journ\u00e9e, les derni\u00e8res informations ainsi que les \u00e9clairages de nos sp\u00e9cialistes.<\/p>\n<p data-module=\"article-paragraph\" class=\"jsx-3046738180 Paragraph\">L&rsquo;arm\u00e9e de l&rsquo;air a fait \u00e9tat sur Telegram d&rsquo;une \u00ab\u00a0attaque ennemie aux missiles balistiques et d&rsquo;une attaque massive de drones d&rsquo;attaque\u00a0\u00bb, appelant la population \u00e0 rester dans des abris.<\/p>\n<p data-module=\"article-paragraph\" class=\"jsx-3046738180 Paragraph Paragraph__End\">\u00c0 l&rsquo;\u00e9chelle du pays, \u00ab\u00a0les Russes infligent des <a href=\"https:\/\/www.tf1info.fr\/international\/en-direct-guerre-ukraine-russie-moscou-tente-de-detruire-nos-infrastructures-civiles-a-l-approche-de-l-hiver-denonce-zelensky-poutine-trump-otan-les-informations-du-lundi-6-octobre-2025-2398777.html\" target=\"_blank\" rel=\"noopener\">frappes massives \u00e0 l&rsquo;infrastructure \u00e9nerg\u00e9tique<\/a> ukrainienne\u00a0\u00bb, a par ailleurs indiqu\u00e9 le minist\u00e8re de l&rsquo;\u00c9nergie sur Facebook. \u00c0 Kiev, \u00ab\u00a0la rive gauche (orientale, ndlr) est sans \u00e9lectricit\u00e9. Il y a \u00e9galement des probl\u00e8mes sur le r\u00e9seau d&rsquo;eau\u00a0\u00bb, a indiqu\u00e9 le maire de la ville, Vitali Klitschko, sur Telegram, selon qui \u00ab\u00a0l&rsquo;ennemi attaque l&rsquo;infrastructure essentielle de la ville\u00a0\u00bb.<\/p>\n<p><a href=\"https:\/\/www.tf1info.fr\/international\/guerre-en-ukraine-zelensky-poutine-accuse-moscou-de-vouloir-semer-le-chaos-avec-ses-frappes-sur-l-energie-2399513.html\" rel=\"noopener\" class=\"jsx-3308031228 Link flex\" target=\"_blank\"><img decoding=\"async\" src=\"https:\/\/www.europesays.com\/fr\/wp-content\/uploads\/2025\/10\/zelensky-onu-23-septembre-2025-7eea7a-0@1x.jpeg\" alt=\"Volodymyr Zelensky au si\u00e8ge de l'ONU \u00e0 New York le 23 septembre 2025.\" loading=\"lazy\" importance=\"low\" fetchpriority=\"low\" class=\"\" aria-hidden=\"true\"\/><\/p>\n<p class=\"jsx-3657663356 ReadMoreArticle__Title\">Lire aussi<\/p>\n<p class=\"jsx-3657663356\">Guerre en Ukraine : Zelensky accuse Moscou de vouloir \u00ab\u00a0semer le chaos\u00a0\u00bb avec ses frappes sur l&rsquo;\u00e9nergie<\/p>\n<p><\/a><\/p>\n<p data-module=\"article-paragraph\" class=\"jsx-3046738180 Paragraph Paragraph__End\">Un journaliste de l&rsquo;AFP vivant dans l&rsquo;est de Kiev a \u00e9galement constat\u00e9 l&rsquo;absence de courant et d&rsquo;eau potable et t\u00e9moign\u00e9 que cette partie de la ville \u00e9tait plong\u00e9e dans une obscurit\u00e9 totale.<\/p>\n<p>La r\u00e9daction de TF1info<\/p>\n<p><script async src=\"https:\/\/platform.twitter.com\/widgets.js\" charset=\"utf-8\"><\/script><\/p>\n","protected":false},"excerpt":{"rendered":"Kiev, capitale de l&rsquo;Ukraine, a \u00e9t\u00e9 vis\u00e9e par une attaque russe d&rsquo;ampleur dans la nuit de jeudi \u00e0&hellip;\n","protected":false},"author":2,"featured_media":452413,"comment_status":"","ping_status":"","sticky":false,"template":"","format":"standard","meta":{"footnotes":""},"categories":[1590],"tags":[1111,11,1921,5925,1777,674,1922,12,132,220,133,1920,135,134],"class_list":{"0":"post-452412","1":"post","2":"type-post","3":"status-publish","4":"format-standard","5":"has-post-thumbnail","7":"category-ukraine","8":"tag-actu","9":"tag-actualites","10":"tag-article-video","11":"tag-conflits-et-guerre","12":"tag-eu","13":"tag-europe","14":"tag-info","15":"tag-news","16":"tag-russie","17":"tag-ukraine","18":"tag-video","19":"tag-video-international","20":"tag-vladimir-poutine","21":"tag-volodymyr-zelensky"},"share_on_mastodon":{"url":"https:\/\/pubeurope.com\/@fr\/115349714173434138","error":""},"_links":{"self":[{"href":"https:\/\/www.europesays.com\/fr\/wp-json\/wp\/v2\/posts\/452412","targetHints":{"allow":["GET"]}}],"collection":[{"href":"https:\/\/www.europesays.com\/fr\/wp-json\/wp\/v2\/posts"}],"about":[{"href":"https:\/\/www.europesays.com\/fr\/wp-json\/wp\/v2\/types\/post"}],"author":[{"embeddable":true,"href":"https:\/\/www.europesays.com\/fr\/wp-json\/wp\/v2\/users\/2"}],"replies":[{"embeddable":true,"href":"https:\/\/www.europesays.com\/fr\/wp-json\/wp\/v2\/comments?post=452412"}],"version-history":[{"count":0,"href":"https:\/\/www.europesays.com\/fr\/wp-json\/wp\/v2\/posts\/452412\/revisions"}],"wp:featuredmedia":[{"embeddable":true,"href":"https:\/\/www.europesays.com\/fr\/wp-json\/wp\/v2\/media\/452413"}],"wp:attachment":[{"href":"https:\/\/www.europesays.com\/fr\/wp-json\/wp\/v2\/media?parent=452412"}],"wp:term":[{"taxonomy":"category","embeddable":true,"href":"https:\/\/www.europesays.com\/fr\/wp-json\/wp\/v2\/categories?post=452412"},{"taxonomy":"post_tag","embeddable":true,"href":"https:\/\/www.europesays.com\/fr\/wp-json\/wp\/v2\/tags?post=452412"}],"curies":[{"name":"wp","href":"https:\/\/api.w.org\/{rel}","templated":true}]}}