{"id":452418,"date":"2025-10-10T11:50:11","date_gmt":"2025-10-10T11:50:11","guid":{"rendered":"https:\/\/www.europesays.com\/fr\/452418\/"},"modified":"2025-10-10T11:50:11","modified_gmt":"2025-10-10T11:50:11","slug":"lallemagne-en-maitresse-de-la-planification-prend-les-choses-en-main-pour-la-fusion-nucleaire-et-sort-un-projet-qui-vise-la-premiere-centrale-commerciale-dici-2045","status":"publish","type":"post","link":"https:\/\/www.europesays.com\/fr\/452418\/","title":{"rendered":"L\u2019Allemagne en \u00ab maitresse de la planification \u00bb prend les choses en main pour la fusion nucl\u00e9aire et sort un projet qui vise la premi\u00e8re centrale commerciale d\u2019ici 2045"},"content":{"rendered":"<p><strong>L\u2019Allemagne d\u00e9voile un concept pour ce qui pourrait devenir la premi\u00e8re centrale \u00e0 fusion commerciale de l\u2019Histoire.<\/strong><\/p>\n<p>Les Allemands sont de grands planificateurs, ce n\u2019est pas leur faire injure que de le reconnaitre, et quand ils prennent les choses en main, en g\u00e9n\u00e9ral on peut se dire que le projet a de forte chance d\u2019aboutir.<\/p>\n<p>En ce sens, c\u2019est un jalon que le monde de la fusion attendait depuis longtemps qui vient d\u2019\u00eatre pos\u00e9 par une entreprise allemande, Gauss Fusion, avec le tout premier design complet d\u2019une centrale \u00e0 fusion nucl\u00e9aire destin\u00e9e \u00e0 la production d\u2019\u00e9lectricit\u00e9 en Europe. Nom de code : GIGA. Ambition ? Rien de moins que de passer du laboratoire \u00e0 la r\u00e9alit\u00e9 industrielle.<\/p>\n<p>Le rapport publi\u00e9 d\u00e9passe les 1 000 pages, et pose les bases concr\u00e8tes de ce que pourrait devenir la premi\u00e8re g\u00e9n\u00e9ration de centrales \u00e0 fusion commerciale du continent, voire du monde !<\/p>\n<p>Lire aussi :<\/p>\n<p>GIGA sera-t-elle la premi\u00e8re centrale \u00e0 fusion nucl\u00e9aire de l\u2019Histoire ?<\/p>\n<p>Le document publi\u00e9 s\u2019intitule Conceptual Design Report (CDR). Il s\u2019agit d\u2019un plan d\u00e9taill\u00e9, r\u00e9dig\u00e9 apr\u00e8s trois ann\u00e9es de travail, mobilisant des centaines d\u2019ing\u00e9nieurs, scientifiques et industriels issus de toute l\u2019Europe. L\u2019objectif \u00e9tait ambitieux voire et peu paraitre presque uchronique : concevoir une centrale de fusion commercialement viable, dans ses moindres d\u00e9tails techniques, r\u00e9glementaires, industriels, \u00e9conomiques.<\/p>\n<p>Le rapport a des atouts\u00a0 puisqu\u2019il pr\u00e9sente aborde tous (ou presque) les aspects du probl\u00e8me : architecture g\u00e9n\u00e9rale, strat\u00e9gie de gestion du tritium, mat\u00e9riaux capables de r\u00e9sister aux flux neutroniques, m\u00e9thodes d\u2019int\u00e9gration syst\u00e8me, questions de s\u00fbret\u00e9 radiologique, et m\u00eame sc\u00e9narios de d\u00e9mant\u00e8lement.<\/p>\n<p>Ce n\u2019est pas encore un prototype ou m\u00eame une animation 3D mais une base de travail industrielle, pens\u00e9e pour d\u00e9boucher sur des contrats, des appels d\u2019offres, des ateliers, et des constructions.<\/p>\n<blockquote class=\"wp-embedded-content\" data-secret=\"ktrwFa9jPQ\">\n<p><a href=\"https:\/\/media24.fr\/2025\/06\/27\/la-france-bat-un-nouveau-record-mondial-qui-comptera-pour-la-recherche-sur-la-fusion-nucleaire-avec-son-puissant-gyrotron-th1507u\/\" rel=\"nofollow noopener\" target=\"_blank\">La France bat un nouveau record mondial qui comptera pour la recherche sur la fusion nucl\u00e9aire avec son puissant gyrotron TH1507U<\/a><\/p>\n<\/blockquote>\n<p>Une vision pan-europ\u00e9enne\u2026 \u00e0 la mani\u00e8re de l\u2019Eurofighter<\/p>\n<p>Le directeur technique de Gauss Fusion, Fr\u00e9d\u00e9rick Bordry, ne s\u2019en cache pas. Pour lui, la fusion est d\u2019abord une affaire d\u2019ing\u00e9nierie industrielle, pas simplement de physique fondamentale. Le design du projet GIGA s\u2019inscrit dans une strat\u00e9gie que le rapport qualifie d&rsquo;\u201dEurofighter de la fusion\u201d : une approche coop\u00e9rative entre \u00c9tats, industries et laboratoires, calqu\u00e9e sur le mod\u00e8le des grands programmes europ\u00e9ens.<\/p>\n<p>Car aucun pays seul ne dispose aujourd\u2019hui de l\u2019ensemble des briques technologiques, des capacit\u00e9s d\u2019ing\u00e9nierie, ni de l\u2019effet d\u2019\u00e9chelle industriel pour produire une centrale \u00e0 fusion op\u00e9rationnelle. Ce que Gauss Fusion propose, c\u2019est un langage commun, un standard technique partag\u00e9, et une structure de projet r\u00e9plicable.<\/p>\n<p>Une ambition assum\u00e9e : faire \u00e9merger en Europe un \u00e9cosyst\u00e8me fusion coh\u00e9rent, de la cryog\u00e9nie aux aimants supraconducteurs, du tritium au pilotage plasma.<\/p>\n<p>Des d\u00e9fis industriels identifi\u00e9s, un cap \u00e9tabli<\/p>\n<p>Le CDR ne se contente pas de dresser une liste d\u2019intentions. Il entre dans le concret. Chaque section du rapport identifie les verrous industriels critiques, et propose des trajectoires technologiques claires pour les franchir. Parmi eux :<\/p>\n<ul>\n<li>La fermeture du cycle de tritium, indispensable pour alimenter durablement le r\u00e9acteur.<\/li>\n<li>La r\u00e9sistance des mat\u00e9riaux aux temp\u00e9ratures extr\u00eames et aux flux neutroniques intenses.<\/li>\n<li>L\u2019int\u00e9gration de magn\u00e9tismes supraconducteurs haute performance, \u00e0 l\u2019\u00e9chelle d\u2019une machine industrielle.<\/li>\n<li>La gestion de la s\u00fbret\u00e9 passive dans un environnement complexe, sans recours \u00e0 des marges d\u2019erreur excessives.<\/li>\n<\/ul>\n<p>Chaque enjeu est document\u00e9, mod\u00e9lis\u00e9, chiffr\u00e9. Le CDR ne fait pas la promesse d\u2019un syst\u00e8me d\u00e9j\u00e0 applicable, mais il montre qu\u2019un chemin industriel cr\u00e9dible existe.<\/p>\n<p>Un chiffrage clair : 15 \u00e0 18 milliards d\u2019euros<\/p>\n<p>Pour un r\u00e9acteur de premi\u00e8re g\u00e9n\u00e9ration, le co\u00fbt estim\u00e9 se situe entre 15 et 18 milliards d\u2019euros, selon les projections publi\u00e9es par Gauss Fusion. Ce n\u2019est pas un devis fig\u00e9, mais une fourchette r\u00e9aliste, compte tenu des incertitudes li\u00e9es \u00e0 la nature \u201cpremier du genre\u201d du projet.<\/p>\n<p>L\u2019objectif est de viser une mise en service au milieu des ann\u00e9es 2040. Ce calendrier peut sembler lointain, mais il reste plus court que celui d\u2019ITER (comme on le verra plus bas).<\/p>\n<p>Surtout, Gauss Fusion annonce vouloir appliquer une gestion de projet rigoureuse : indicateurs de performance d\u00e8s la phase de conception, pilotage du risque, coordination proactive des fournisseurs\u2026 Une posture rarement assum\u00e9e aussi ouvertement dans le monde tr\u00e8s acad\u00e9mique de la fusion.<\/p>\n<p>Un signal fort dans la course mondiale \u00e0 la fusion<\/p>\n<p>Ce design europ\u00e9en arrive dans un contexte de comp\u00e9tition technologique internationale de plus en plus vive. Aux \u00c9tats-Unis, des startups comme Helion ou TAE Technologies l\u00e8vent des centaines de millions de dollars, souvent port\u00e9es par des investisseurs priv\u00e9s. La Chine, de son c\u00f4t\u00e9, avance ses pions sur CFETR, son propre d\u00e9monstrateur industriel, tandis que la Cor\u00e9e du Sud pousse le projet K-DEMO.<\/p>\n<p>Face \u00e0 cette acc\u00e9l\u00e9ration, l\u2019Europe n\u2019a plus le luxe de rester spectatrice. Le CDR publi\u00e9 par Gauss Fusion vient donc structurer une r\u00e9ponse industrielle lisible, qui repose sur des comp\u00e9tences existantes, des cha\u00eenes d\u2019approvisionnement en place, et un r\u00e9seau acad\u00e9mique dense.<\/p>\n<p>C\u2019est peut-\u00eatre le premier acte d\u2019un vrai programme fusion \u00e0 l\u2019\u00e9chelle du continent.<\/p>\n<p>Et la France ? Plut\u00f4t sur l\u2019aspect recherche fondamentale<\/p>\n<p>En France, la dynamique reste concentr\u00e9e autour du projet ITER \u00e0 Cadarache, un d\u00e9monstrateur scientifique international de 23 milliards d\u2019euros pilot\u00e9 par l\u2019Europe, qui accuse un retard de minimum 8 ans par rapport aux premi\u00e8res estimations et ne devrait pas voir les premiers plasmas avant 2033 ou 2035.<\/p>\n<p>Si ITER reste le plus grand chantier de fusion au monde, il ne vise pas directement la production d\u2019\u00e9lectricit\u00e9. \u00c0 ce jour, aucun industriel fran\u00e7ais n\u2019a encore publi\u00e9 de design complet de centrale \u00e0 fusion \u00e0 vocation commerciale, \u00e9quivalent au CDR de Gauss Fusion. Des acteurs comme CEA, Framatome ou Thales contribuent aux briques technologiques (aimants, chauffage plasma, tritium), mais sans projet int\u00e9gr\u00e9 port\u00e9 par une entreprise priv\u00e9e. En ce sens, GIGA marque une diff\u00e9rence notable : l\u2019Allemagne propose ici une vision industrielle autonome, structur\u00e9e comme un futur chantier, quand la France reste \u00e0 ce stade dans une logique de recherche publique et de d\u00e9monstration scientifique.<\/p>\n<blockquote class=\"wp-embedded-content\" data-secret=\"PLxf8TiKqJ\">\n<p><a href=\"https:\/\/media24.fr\/2025\/10\/07\/cette-ville-du-nord-de-la-france-va-devenir-lune-des-plus-strategiques-de-tout-lhexagone-grace-a-cette-nouvelle-usine-dediee-a-la-propulsion-nucleaire-militaire\/\" rel=\"nofollow noopener\" target=\"_blank\">Cette ville du Nord de la France va devenir l\u2019une des plus strat\u00e9giques de tout l\u2019Hexagone gr\u00e2ce \u00e0 cette nouvelle usine d\u00e9di\u00e9e \u00e0 la propulsion nucl\u00e9aire militaire<\/a><\/p>\n<\/blockquote>\n<p>Le plus dur reste \u00e0 faire, mais la route est balis\u00e9e<\/p>\n<p>Un rapport de 1 000 pages ne produit pas un seul kilowattheure. Il ne remplace ni les tests mat\u00e9riaux, ni les validations exp\u00e9rimentales \u00e0 l\u2019\u00e9chelle 1, ni les permis de construire. Mais ce document pose un jalon strat\u00e9gique majeur : l\u2019Europe dispose d\u00e9sormais d\u2019un plan cr\u00e9dible pour une centrale \u00e0 fusion commerciale.<\/p>\n<p>Et ce seul fait est une rupture.<\/p>\n<p>Dans ce domaine, on ne construit que ce qu\u2019on est capable d\u2019imaginer techniquement. Gauss Fusion a livr\u00e9 cette premi\u00e8re image compl\u00e8te, avec ses \u00e9quations, ses marges d\u2019erreur, ses co\u00fbts, ses d\u00e9fis.<\/p>\n<p>Le passage \u00e0 l\u2019ing\u00e9nierie d\u00e9taill\u00e9e peut d\u00e9sormais commencer !<\/p>\n<p>Source : Communiqu\u00e9 de presse de Gauss Fusion<\/p>\n","protected":false},"excerpt":{"rendered":"L\u2019Allemagne d\u00e9voile un concept pour ce qui pourrait devenir la premi\u00e8re centrale \u00e0 fusion commerciale de l\u2019Histoire. Les&hellip;\n","protected":false},"author":2,"featured_media":452419,"comment_status":"","ping_status":"","sticky":false,"template":"","format":"standard","meta":{"footnotes":""},"categories":[1587],"tags":[11,672,1804,1805,1803,1777,674,1801,12,1802,43,8904],"class_list":{"0":"post-452418","1":"post","2":"type-post","3":"status-publish","4":"format-standard","5":"has-post-thumbnail","7":"category-allemagne","8":"tag-actualites","9":"tag-allemagne","10":"tag-bundesrepublik-deutschland","11":"tag-de","12":"tag-deutschland","13":"tag-eu","14":"tag-europe","15":"tag-germany","16":"tag-news","17":"tag-republique-federale-dallemagne","18":"tag-science","19":"tag-u00e9nergie"},"share_on_mastodon":{"url":"https:\/\/pubeurope.com\/@fr\/115349725152086795","error":""},"_links":{"self":[{"href":"https:\/\/www.europesays.com\/fr\/wp-json\/wp\/v2\/posts\/452418","targetHints":{"allow":["GET"]}}],"collection":[{"href":"https:\/\/www.europesays.com\/fr\/wp-json\/wp\/v2\/posts"}],"about":[{"href":"https:\/\/www.europesays.com\/fr\/wp-json\/wp\/v2\/types\/post"}],"author":[{"embeddable":true,"href":"https:\/\/www.europesays.com\/fr\/wp-json\/wp\/v2\/users\/2"}],"replies":[{"embeddable":true,"href":"https:\/\/www.europesays.com\/fr\/wp-json\/wp\/v2\/comments?post=452418"}],"version-history":[{"count":0,"href":"https:\/\/www.europesays.com\/fr\/wp-json\/wp\/v2\/posts\/452418\/revisions"}],"wp:featuredmedia":[{"embeddable":true,"href":"https:\/\/www.europesays.com\/fr\/wp-json\/wp\/v2\/media\/452419"}],"wp:attachment":[{"href":"https:\/\/www.europesays.com\/fr\/wp-json\/wp\/v2\/media?parent=452418"}],"wp:term":[{"taxonomy":"category","embeddable":true,"href":"https:\/\/www.europesays.com\/fr\/wp-json\/wp\/v2\/categories?post=452418"},{"taxonomy":"post_tag","embeddable":true,"href":"https:\/\/www.europesays.com\/fr\/wp-json\/wp\/v2\/tags?post=452418"}],"curies":[{"name":"wp","href":"https:\/\/api.w.org\/{rel}","templated":true}]}}