{"id":452422,"date":"2025-10-10T11:52:13","date_gmt":"2025-10-10T11:52:13","guid":{"rendered":"https:\/\/www.europesays.com\/fr\/452422\/"},"modified":"2025-10-10T11:52:13","modified_gmt":"2025-10-10T11:52:13","slug":"des-faux-diplomates-au-service-de-la-hongrie-de-viktor-orban-lue-enquete-sur-des-soupcons-despionnage-lexpress","status":"publish","type":"post","link":"https:\/\/www.europesays.com\/fr\/452422\/","title":{"rendered":"Des \u00ab\u00a0faux diplomates\u00a0\u00bb au service de la Hongrie de Viktor Orb\u00e1n ? L\u2019UE enqu\u00eate sur des soup\u00e7ons d\u2019espionnage \u2013 L&rsquo;Express"},"content":{"rendered":"<p class=\"paragraph article-body-paragraph article__item   article-body-paragraph--first \"><a href=\"https:\/\/www.lexpress.fr\/economie\/la-commission-europeenne-veut-taxer-plus-fortement-et-plus-largement-lacier-etranger-O55IPATM2FCFPHFUJ5BUPXAGMM\/\" target=\"_self\" rel=\"nofollow noopener\" title=\"https:\/\/www.lexpress.fr\/economie\/la-commission-europeenne-veut-taxer-plus-fortement-et-plus-largement-lacier-etranger-O55IPATM2FCFPHFUJ5BUPXAGMM\/\">La Commission europ\u00e9enne<\/a> a annonc\u00e9, jeudi 9 octobre, examiner des soup\u00e7ons d\u2019espionnage men\u00e9 par la Hongrie au sein des institutions europ\u00e9ennes entre 2012 et 2018. Une enqu\u00eate journalistique internationale affirme que le gouvernement de <a href=\"https:\/\/www.lexpress.fr\/monde\/europe\/en-hongrie-viktor-orban-franchit-un-nouveau-cap-dans-sa-revolution-conservatrice-VGVHIJ7PXZAS3IKGBXIW2QWVRU\/\" target=\"_self\" rel=\"nofollow noopener\" title=\"https:\/\/www.lexpress.fr\/monde\/europe\/en-hongrie-viktor-orban-franchit-un-nouveau-cap-dans-sa-revolution-conservatrice-VGVHIJ7PXZAS3IKGBXIW2QWVRU\/\">Viktor Orb\u00e1n<\/a> aurait tent\u00e9 d\u2019infiltrer ses propres ressortissants travaillant \u00e0 Bruxelles. Voici ce que l\u2019on sait.<\/p>\n<p>Les accusations : une op\u00e9ration d\u2019espionnage \u00e0 Bruxelles<\/p>\n<p class=\"paragraph article-body-paragraph article__item   \">Selon les r\u00e9v\u00e9lations du m\u00e9dia hongrois Direkt36, en collaboration avec Der Spiegel, Der Standard, De Tijd et Paper Trail Media, la Hongrie aurait mis en place un dispositif d\u2019espionnage ciblant des fonctionnaires europ\u00e9ens d\u2019origine hongroise. L\u2019objectif : obtenir des informations confidentielles et influencer des documents internes de la Commission europ\u00e9enne.<\/p>\n<p><strong class=\"article-body-link-list__item text-gray-800 article-body-link-list__item--one-item\">LIRE AUSSI : <a class=\"article-body-link-list__item-link\" href=\"https:\/\/www.lexpress.fr\/idees-et-debats\/yvonnick-denoel-le-pape-francois-etait-tout-sauf-etranger-au-monde-de-lespionnage-KHKKDNSTOZBY5N44MAS7AM2L4Q\/\" rel=\"nofollow noopener\" target=\"_blank\">Yvonnick Deno\u00ebl : \u00ab\u00a0Le pape Fran\u00e7ois \u00e9tait tout sauf \u00e9tranger au monde de l\u2019espionnage\u00a0\u00bb<\/a><\/strong><\/p>\n<p class=\"paragraph article-body-paragraph article__item   \">Les journalistes affirment que Budapest consid\u00e9rait tout employ\u00e9 hongrois \u00e0 la Commission pr\u00e9sentant un int\u00e9r\u00eat strat\u00e9gique comme une \u00ab\u00a0cible de recrutement\u00a0\u00bb. Les agents impliqu\u00e9s auraient op\u00e9r\u00e9 sous couverture diplomatique \u00e0 la repr\u00e9sentation permanente de la Hongrie \u00e0 Bruxelles.<\/p>\n<p>Les m\u00e9thodes pr\u00e9sum\u00e9es : faux diplomates et pressions sur les employ\u00e9s<\/p>\n<p class=\"paragraph article-body-paragraph article__item   \">D\u2019apr\u00e8s l\u2019enqu\u00eate, de faux diplomates auraient approch\u00e9 ces fonctionnaires pour leur demander de faire fuiter des informations sensibles ou de modifier des rapports. \u00ab\u00a0R\u00e9\u00e9cris ceci, supprime cela\u00a0\u00bb, aurait expliqu\u00e9 l\u2019un d\u2019eux \u00e0 Direkt36, l\u2019objectif \u00e9tant que \u00ab\u00a0les textes refl\u00e8tent la vision du monde du gouvernement Orban\u00a0\u00bb.<\/p>\n<p class=\"paragraph article-body-paragraph article__item   \">Les op\u00e9rations auraient \u00e9t\u00e9 particuli\u00e8rement actives entre 2012 et 2018, p\u00e9riode o\u00f9 la repr\u00e9sentation hongroise aupr\u00e8s de l\u2019UE \u00e9tait dirig\u00e9e par Oliver Varhelyi, devenu commissaire europ\u00e9en en 2019. Selon Direkt36, il \u00e9tait inform\u00e9 des activit\u00e9s d\u2019espionnage et aurait profit\u00e9 des informations recueillies. En \u00e9change, des avantages financiers ou professionnels auraient \u00e9t\u00e9 propos\u00e9s aux employ\u00e9s coop\u00e9rants. L\u2019enqu\u00eate ne pr\u00e9cise toutefois pas si ces tentatives ont effectivement abouti.<\/p>\n<p>Les r\u00e9actions : entre enqu\u00eate interne et d\u00e9mentis fermes<\/p>\n<p class=\"paragraph article-body-paragraph article__item   \">\u00c0 Bruxelles, la Commission europ\u00e9enne a annonc\u00e9 qu\u2019elle prenait ces all\u00e9gations \u00ab\u00a0tr\u00e8s au s\u00e9rieux\u00a0\u00bb. Son porte-parole, Balazs Ujvari, a confirm\u00e9 la mise en place d\u2019un groupe interne charg\u00e9 d\u2019examiner l\u2019affaire et de renforcer la s\u00e9curit\u00e9 du personnel et des r\u00e9seaux. \u00ab\u00a0Il s\u2019agit d\u2019une question de s\u00e9curit\u00e9\u00a0\u00bb, a-t-il d\u00e9clar\u00e9, assurant que la Commission restait d\u00e9termin\u00e9e \u00e0 \u00ab\u00a0prot\u00e9ger ses informations contre toute collecte illicite\u00a0\u00bb.<\/p>\n<\/p>\n<p class=\"paragraph article-body-paragraph article__item   \">Du c\u00f4t\u00e9 de Budapest, le gouvernement a fermement rejet\u00e9 ces accusations. Le porte-parole Zoltan Kovacs a d\u00e9nonc\u00e9 sur le <a href=\"https:\/\/www.lexpress.fr\/societe\/le-danemark-va-interdire-plusieurs-reseaux-sociaux-aux-moins-de-15-ans-IC4EDDGUVBBSFCBCRAQQDR5LFA\/\" target=\"_self\" rel=\"nofollow noopener\" title=\"https:\/\/www.lexpress.fr\/societe\/le-danemark-va-interdire-plusieurs-reseaux-sociaux-aux-moins-de-15-ans-IC4EDDGUVBBSFCBCRAQQDR5LFA\/\">r\u00e9seau social X<\/a> une \u00ab\u00a0campagne de diffamation [\u2026] orchestr\u00e9e par des services de renseignement \u00e9trangers\u00a0\u00bb, accusant un journaliste hongrois d\u2019y avoir particip\u00e9.<\/p>\n<p>Le contexte : une relation tendue avec Bruxelles<\/p>\n<p class=\"paragraph article-body-paragraph article__item   \">Ces accusations interviennent dans un contexte de <a href=\"https:\/\/www.lexpress.fr\/monde\/europe\/hongrie-lue-a-loffensive-contre-les-lois-ultraconservatrices-de-viktor-orban-N6KXHN3P6REG5BVDC5BHFXL5PM\/\" target=\"_self\" rel=\"nofollow noopener\" title=\"https:\/\/www.lexpress.fr\/monde\/europe\/hongrie-lue-a-loffensive-contre-les-lois-ultraconservatrices-de-viktor-orban-N6KXHN3P6REG5BVDC5BHFXL5PM\/\">m\u00e9fiance croissante<\/a> entre la Hongrie et l\u2019Union europ\u00e9enne. Depuis son retour au pouvoir en 2010, Viktor Orb\u00e1n est r\u00e9guli\u00e8rement accus\u00e9 de porter atteinte \u00e0 l\u2019Etat de droit, \u00e0 la libert\u00e9 de la presse et \u00e0 l\u2019ind\u00e9pendance de la justice. Bruxelles a engag\u00e9 plusieurs proc\u00e9dures disciplinaires contre Budapest, entra\u00eenant le gel de milliards d\u2019euros de fonds europ\u00e9ens.<\/p>\n<p><strong class=\"article-body-link-list__item text-gray-800 article-body-link-list__item--one-item\">LIRE AUSSI : <a class=\"article-body-link-list__item-link\" href=\"https:\/\/www.lexpress.fr\/monde\/viktor-orban-et-ses-2-3-4-drones-en-ukraine-cet-ennemi-de-linterieur-que-leurope-navait-pas-vu-venir-4KLE3OYNPFAMNBHYRY2WGYNMAY\/\" rel=\"nofollow noopener\" target=\"_blank\">Viktor Orb\u00e1n et ses \u00ab\u00a02, 3, 4 drones\u00a0\u00bb en Ukraine : cet ennemi de l&rsquo;int\u00e9rieur que l&rsquo;Europe n&rsquo;avait pas vu venir<\/a><\/strong><\/p>\n<p class=\"paragraph article-body-paragraph article__item    article__text__endpicto\">En 2024, la Hongrie a inaugur\u00e9 \u00e0 Bruxelles une \u00ab\u00a0Maison hongroise\u00a0\u00bb \u00ab\u00a0juste en face du bureau du Premier ministre belge\u00a0\u00bb, pr\u00e9sent\u00e9e comme un centre culturel mais qui constitue \u00ab\u00a0un risque\u00a0\u00bb pour les services belges de renseignement, qui y voient un possible outil d\u2019influence politique.<\/p>\n","protected":false},"excerpt":{"rendered":"La Commission europ\u00e9enne a annonc\u00e9, jeudi 9 octobre, examiner des soup\u00e7ons d\u2019espionnage men\u00e9 par la Hongrie au sein&hellip;\n","protected":false},"author":2,"featured_media":452423,"comment_status":"","ping_status":"","sticky":false,"template":"","format":"standard","meta":{"footnotes":""},"categories":[1586],"tags":[11,1777,674,1779,1011,27,74,12,25,1778,364],"class_list":{"0":"post-452422","1":"post","2":"type-post","3":"status-publish","4":"format-standard","5":"has-post-thumbnail","7":"category-europe","8":"tag-actualites","9":"tag-eu","10":"tag-europe","11":"tag-european-union","12":"tag-fr","13":"tag-france","14":"tag-monde","15":"tag-news","16":"tag-republique-francaise","17":"tag-ue","18":"tag-union-europeenne"},"share_on_mastodon":{"url":"https:\/\/pubeurope.com\/@fr\/115349733075124674","error":""},"_links":{"self":[{"href":"https:\/\/www.europesays.com\/fr\/wp-json\/wp\/v2\/posts\/452422","targetHints":{"allow":["GET"]}}],"collection":[{"href":"https:\/\/www.europesays.com\/fr\/wp-json\/wp\/v2\/posts"}],"about":[{"href":"https:\/\/www.europesays.com\/fr\/wp-json\/wp\/v2\/types\/post"}],"author":[{"embeddable":true,"href":"https:\/\/www.europesays.com\/fr\/wp-json\/wp\/v2\/users\/2"}],"replies":[{"embeddable":true,"href":"https:\/\/www.europesays.com\/fr\/wp-json\/wp\/v2\/comments?post=452422"}],"version-history":[{"count":0,"href":"https:\/\/www.europesays.com\/fr\/wp-json\/wp\/v2\/posts\/452422\/revisions"}],"wp:featuredmedia":[{"embeddable":true,"href":"https:\/\/www.europesays.com\/fr\/wp-json\/wp\/v2\/media\/452423"}],"wp:attachment":[{"href":"https:\/\/www.europesays.com\/fr\/wp-json\/wp\/v2\/media?parent=452422"}],"wp:term":[{"taxonomy":"category","embeddable":true,"href":"https:\/\/www.europesays.com\/fr\/wp-json\/wp\/v2\/categories?post=452422"},{"taxonomy":"post_tag","embeddable":true,"href":"https:\/\/www.europesays.com\/fr\/wp-json\/wp\/v2\/tags?post=452422"}],"curies":[{"name":"wp","href":"https:\/\/api.w.org\/{rel}","templated":true}]}}