{"id":452424,"date":"2025-10-10T11:53:11","date_gmt":"2025-10-10T11:53:11","guid":{"rendered":"https:\/\/www.europesays.com\/fr\/452424\/"},"modified":"2025-10-10T11:53:11","modified_gmt":"2025-10-10T11:53:11","slug":"en-direct-accord-sur-la-paix-benyamin-netanyahou-confirme-que-20-otages-sont-vivants-et-espere-leur-retour-lundi-soir-liberation","status":"publish","type":"post","link":"https:\/\/www.europesays.com\/fr\/452424\/","title":{"rendered":"EN DIRECT &#8211; Accord sur la paix\u00a0: Benyamin N\u00e9tanyahou confirme que 20 otages sont vivants et esp\u00e8re leur retour \u00ablundi soir\u00bb \u2013 Lib\u00e9ration"},"content":{"rendered":"<p class=\"sc-cPiKLX AiZTS text-element\">Parmi les otages pr\u00e9sum\u00e9s morts qui devraient \u00eatre rendus \u00e0 Isra\u00ebl figurent sept soldats isra\u00e9liens. Six d\u2019entre eux ont \u00e9t\u00e9 tu\u00e9s au combat le 7 octobre, selon l\u2019arm\u00e9e isra\u00e9lienne, et un septi\u00e8me est pr\u00e9sum\u00e9 mort en l\u2019absence de la moindre preuve de vie re\u00e7ue en deux ans. Il s\u2019agit de Tamir Nimrodi, 18 ans le jour de l\u2019attaque et dont la mort n\u2019a donc pas encore \u00e9t\u00e9 confirm\u00e9e, Mohammad Alatrash, 39 ans, Itay Chen et Oz Daniel, 19 ans chacun, Assaf Hamami, 40 ans, Omer Neutra, 21 ans, Daniel Peretz, 22 ans <\/p>\n<p class=\"sc-cPiKLX AiZTS text-element\">La d\u00e9pouille d\u2019un 8e soldat, <a href=\"https:\/\/www.liberation.fr\/planete\/2014\/08\/01\/la-treve-pulverisee-et-un-soldat-israelien-enleve_1074339\/\" target=\"_blank\" rel=\"noreferrer noopener\" title=\"https:\/\/www.liberation.fr\/planete\/2014\/08\/01\/la-treve-pulverisee-et-un-soldat-israelien-enleve_1074339\/\">Hadar Goldin,<\/a> tu\u00e9\u00a0en 2014 lors d\u2019une pr\u00e9c\u00e9dente guerre \u00e0 Gaza, est \u00e9galement retenue par le Hamas et doit \u00eatre rendue dans le cadre de l\u2019accord. L\u2019accord sign\u00e9 entre l\u2019organisation islamiste et le gouvernement isra\u00e9lien pr\u00e9voit le retour des 47 otages<b> <\/b>retenus dans la bande de Gaza, dont au moins 25 sont morts. <\/p>\n","protected":false},"excerpt":{"rendered":"Parmi les otages pr\u00e9sum\u00e9s morts qui devraient \u00eatre rendus \u00e0 Isra\u00ebl figurent sept soldats isra\u00e9liens. Six d\u2019entre eux&hellip;\n","protected":false},"author":2,"featured_media":452425,"comment_status":"","ping_status":"","sticky":false,"template":"","format":"standard","meta":{"footnotes":""},"categories":[2],"tags":[11,952,75,1011,27,3522,664,12,3518,25],"class_list":{"0":"post-452424","1":"post","2":"type-post","3":"status-publish","4":"format-standard","5":"has-post-thumbnail","7":"category-actualites","8":"tag-actualites","9":"tag-benyamin-netanyahou","10":"tag-donald-trump","11":"tag-fr","12":"tag-france","13":"tag-guerre-hamas-israel","14":"tag-israel","15":"tag-news","16":"tag-palestine","17":"tag-republique-francaise"},"share_on_mastodon":{"url":"https:\/\/pubeurope.com\/@fr\/115349736939658043","error":""},"_links":{"self":[{"href":"https:\/\/www.europesays.com\/fr\/wp-json\/wp\/v2\/posts\/452424","targetHints":{"allow":["GET"]}}],"collection":[{"href":"https:\/\/www.europesays.com\/fr\/wp-json\/wp\/v2\/posts"}],"about":[{"href":"https:\/\/www.europesays.com\/fr\/wp-json\/wp\/v2\/types\/post"}],"author":[{"embeddable":true,"href":"https:\/\/www.europesays.com\/fr\/wp-json\/wp\/v2\/users\/2"}],"replies":[{"embeddable":true,"href":"https:\/\/www.europesays.com\/fr\/wp-json\/wp\/v2\/comments?post=452424"}],"version-history":[{"count":0,"href":"https:\/\/www.europesays.com\/fr\/wp-json\/wp\/v2\/posts\/452424\/revisions"}],"wp:featuredmedia":[{"embeddable":true,"href":"https:\/\/www.europesays.com\/fr\/wp-json\/wp\/v2\/media\/452425"}],"wp:attachment":[{"href":"https:\/\/www.europesays.com\/fr\/wp-json\/wp\/v2\/media?parent=452424"}],"wp:term":[{"taxonomy":"category","embeddable":true,"href":"https:\/\/www.europesays.com\/fr\/wp-json\/wp\/v2\/categories?post=452424"},{"taxonomy":"post_tag","embeddable":true,"href":"https:\/\/www.europesays.com\/fr\/wp-json\/wp\/v2\/tags?post=452424"}],"curies":[{"name":"wp","href":"https:\/\/api.w.org\/{rel}","templated":true}]}}