{"id":452434,"date":"2025-10-10T12:01:10","date_gmt":"2025-10-10T12:01:10","guid":{"rendered":"https:\/\/www.europesays.com\/fr\/452434\/"},"modified":"2025-10-10T12:01:10","modified_gmt":"2025-10-10T12:01:10","slug":"jai-reve-de-ce-moment-chaque-jour-depuis-mes-six-ans","status":"publish","type":"post","link":"https:\/\/www.europesays.com\/fr\/452434\/","title":{"rendered":"\u00ab\u2009J\u2019ai r\u00eav\u00e9 de ce moment chaque jour depuis mes six ans\u2009\u00bb"},"content":{"rendered":"<p>&#13;<\/p>\n<p><strong>Titr\u00e9 en Indon\u00e9sie, le pilote andalou livre ses premi\u00e8res \u00e9motions \u00e0 chaud, entre fiert\u00e9, reconnaissance et \u00e9motion.<\/strong><\/p>\n<p>\u00ab\u2009Incroyable\u2009! Aujourd\u2019hui \u00e9tait un jour incroyable pour nous, lance Jos\u00e9 Antonio Rueda, encore sous le coup de l\u2019\u00e9motion. J\u2019ai r\u00eav\u00e9 de ce moment chaque jour depuis l\u2019\u00e2ge de six ans. Aujourd\u2019hui, avec cette \u00e9quipe, mon r\u00eave est devenu r\u00e9alit\u00e9.\u2009\u00bb<\/p>\n<p>Le pilote, qui a grandi dans une zone rurale de Los\u00a0Chapatales, est le premier Andalou \u00e0 d\u00e9crocher un titre mondial. \u00ab\u2009Je viens d\u2019une ville que personne ne conna\u00eet \u00e0 S\u00e9ville, a-t-il confi\u00e9. Avec \u00e7a, je veux dire que dans la vie tout est possible. Continuez, croyez en vous, n\u2019abandonnez jamais.\u2009\u00bb<\/p>\n<p>C\u2019est sa grand-m\u00e8re, Joaquina, qui lui a offert sa premi\u00e8re moto \u00e0 l\u2019\u00e2ge de trois ans. En 2022, il a remport\u00e9 le JuniorGP et la Red Bull Rookies Cup avant de rejoindre l\u2019\u00e9quipe Red Bull KTM Ajo en mondial. La saison\u00a02024 n\u2019a pas \u00e9t\u00e9 simple pour l\u2019Espagnol qui a notamment souffert d\u2019une appendicite, mais il est parvenu \u00e0 remporter sa premi\u00e8re victoire et a termin\u00e9 septi\u00e8me du g\u00e9n\u00e9ral. \u00ab\u2009Mes parents m\u2019ont guid\u00e9 pour atteindre aujourd\u2019hui le titre de champion du monde en Moto3. J\u2019ai attendu ce moment toute ma vie. Mon parcours a connu des moments durs que personne ne conna\u00eet, des moments o\u00f9 on ne savait pas si on allait continuer. Mon fr\u00e8re a fait des sacrifices pour moi tout au long de cette ann\u00e9e. Aujourd\u2019hui, nous remportons le titre et nous montrons la fa\u00e7on de se discipliner. Je pense que personne ne conna\u00eet la discipline dont il fait preuve. Je consid\u00e8re qu\u2019il est la personne la plus disciplin\u00e9e de toutes. J\u2019ai beaucoup appris \u00e0 ses c\u00f4t\u00e9s. Je pense que sans lui, je n\u2019aurais pas pu d\u00e9crocher le titre aujourd\u2019hui.\u2009\u00bb<\/p>\n<p>Sur sa saison, le champion a toujours cru en lui\u00a0: \u00ab\u2009Si je ne croyais pas en moi, je ne serais pas l\u00e0 aujourd\u2019hui, a-t-il soulign\u00e9. Je consid\u00e8re simplement que le plan de Dieu est parfait pour moi et je continue ainsi, en tirant parti de tous les aspects positifs de ces trois ann\u00e9es. Au d\u00e9but de l\u2019ann\u00e9e, j\u2019ai cru que je pouvais d\u00e9crocher le titre. J\u2019avais m\u00eame \u00e9crit qu\u2019on pourrait le gagner au Japon ou en Indon\u00e9sie, et aujourd\u2019hui on l\u2019a fait en Indon\u00e9sie.\u2009\u00bb<\/p>\n<p>Par rapport \u00e0 2024, Rueda estime avoir franchi un cap\u00a0: \u00ab\u2009J\u2019ai pris toute l\u2019exp\u00e9rience de ces deux derni\u00e8res ann\u00e9es pour la mettre \u00e0 profit cette saison. J\u2019ai essay\u00e9 de prendre mon propre rythme durant chaque session, pour arriver en course plus calme que l\u2019an pass\u00e9.\u2009\u00bb<\/p>\n<p>&#13;<br \/>\n           &#13;<br \/>\n&#13;<br \/>\n    &#13;<br \/>\n    &#13;<\/p>\n","protected":false},"excerpt":{"rendered":"&#13; Titr\u00e9 en Indon\u00e9sie, le pilote andalou livre ses premi\u00e8res \u00e9motions \u00e0 chaud, entre fiert\u00e9, reconnaissance et \u00e9motion.&hellip;\n","protected":false},"author":2,"featured_media":452435,"comment_status":"","ping_status":"","sticky":false,"template":"","format":"standard","meta":{"footnotes":""},"categories":[1413],"tags":[1011,27,1457,1456,60],"class_list":{"0":"post-452434","1":"post","2":"type-post","3":"status-publish","4":"format-standard","5":"has-post-thumbnail","7":"category-moto","8":"tag-fr","9":"tag-france","10":"tag-moto","11":"tag-motocycle","12":"tag-sports"},"share_on_mastodon":{"url":"https:\/\/pubeurope.com\/@fr\/115349768388131218","error":""},"_links":{"self":[{"href":"https:\/\/www.europesays.com\/fr\/wp-json\/wp\/v2\/posts\/452434","targetHints":{"allow":["GET"]}}],"collection":[{"href":"https:\/\/www.europesays.com\/fr\/wp-json\/wp\/v2\/posts"}],"about":[{"href":"https:\/\/www.europesays.com\/fr\/wp-json\/wp\/v2\/types\/post"}],"author":[{"embeddable":true,"href":"https:\/\/www.europesays.com\/fr\/wp-json\/wp\/v2\/users\/2"}],"replies":[{"embeddable":true,"href":"https:\/\/www.europesays.com\/fr\/wp-json\/wp\/v2\/comments?post=452434"}],"version-history":[{"count":0,"href":"https:\/\/www.europesays.com\/fr\/wp-json\/wp\/v2\/posts\/452434\/revisions"}],"wp:featuredmedia":[{"embeddable":true,"href":"https:\/\/www.europesays.com\/fr\/wp-json\/wp\/v2\/media\/452435"}],"wp:attachment":[{"href":"https:\/\/www.europesays.com\/fr\/wp-json\/wp\/v2\/media?parent=452434"}],"wp:term":[{"taxonomy":"category","embeddable":true,"href":"https:\/\/www.europesays.com\/fr\/wp-json\/wp\/v2\/categories?post=452434"},{"taxonomy":"post_tag","embeddable":true,"href":"https:\/\/www.europesays.com\/fr\/wp-json\/wp\/v2\/tags?post=452434"}],"curies":[{"name":"wp","href":"https:\/\/api.w.org\/{rel}","templated":true}]}}