{"id":452438,"date":"2025-10-10T12:03:11","date_gmt":"2025-10-10T12:03:11","guid":{"rendered":"https:\/\/www.europesays.com\/fr\/452438\/"},"modified":"2025-10-10T12:03:11","modified_gmt":"2025-10-10T12:03:11","slug":"sanne-cant-dans-une-nouvelle-equipe-actualite","status":"publish","type":"post","link":"https:\/\/www.europesays.com\/fr\/452438\/","title":{"rendered":"Sanne Cant dans une nouvelle \u00e9quipe &#8211; Actualit\u00e9"},"content":{"rendered":"<p style=\"text-align: justify;\">Sanne Cant\u00a0 a raccroch\u00e9 le v\u00e9lo l&rsquo;hiver dernier mais <a href=\"https:\/\/www.directvelo.com\/actualite\/110253\/sanne-cant-son-15e-et-dernier-titre-de-championne-de-belgique\" target=\"_blank\" rel=\"noopener\"><strong>l&rsquo;ancienne Championne du Monde et de Belgique de cyclo-cross<\/strong><\/a> ne quitte pas les sous-bois. Elle va devenir conseill\u00e8re du programme cyclo-cross du Team SD Worx-Protime. La Belge va donc encadrer Marie Schreiber et Blanka Vas qui ont, toutes les deux, gagn\u00e9 une manche de la Coupe du Monde l&rsquo;hiver dernier.<\/p>\n<p>Sanne Cant, 35 ans, souhaite \u00ab\u00a0apporter [son] bagage complet : l&rsquo;exp\u00e9rience, la tactique et la ruse. En cyclo-cross, ce n&rsquo;est pas toujours le meilleur qui gagne mais aussi le plus intelligent\u00a0\u00bb, d\u00e9clare-t-elle dans un communiqu\u00e9. Apr\u00e8s plusieurs ann\u00e9es dans les \u00e9quipes de Philip et Christoph Roodhooft, elle change aussi de structure. \u00ab\u00a0Apr\u00e8s 16 ans, j&rsquo;avais besoin de quelque chose de nouveau. Si j&rsquo;\u00e9tais rest\u00e9e o\u00f9 j&rsquo;ai toujours \u00e9t\u00e9, je n&rsquo;aurais pas progress\u00e9. C&rsquo;est un nouvel environnement o\u00f9 je peux progresser et relever des d\u00e9fis\u00a0\u00bb.<\/p>\n","protected":false},"excerpt":{"rendered":"Sanne Cant\u00a0 a raccroch\u00e9 le v\u00e9lo l&rsquo;hiver dernier mais l&rsquo;ancienne Championne du Monde et de Belgique de cyclo-cross&hellip;\n","protected":false},"author":2,"featured_media":452439,"comment_status":"","ping_status":"","sticky":false,"template":"","format":"standard","meta":{"footnotes":""},"categories":[1411],"tags":[834,828,836,829,837,827,83,826,824,823,1154,207,814,817,815,816,822,821,832,211,839,1011,27,820,818,819,835,831,830,833,838,60,212,208,825],"class_list":{"0":"post-452438","1":"post","2":"type-post","3":"status-publish","4":"format-standard","5":"has-post-thumbnail","7":"category-cyclisme","8":"tag-attaque","9":"tag-belgique","10":"tag-braquet","11":"tag-bretagne","12":"tag-chute","13":"tag-competition","14":"tag-coupe-de-france","15":"tag-coureur","16":"tag-course-cyclisme","17":"tag-course-cycliste","18":"tag-cycling","19":"tag-cyclisme","20":"tag-direct","21":"tag-direct-velo","22":"tag-directvelo","23":"tag-directvelo-com","24":"tag-epreuve","25":"tag-epreuve-cycliste","26":"tag-federation-francaise-de-cyclisme","27":"tag-ffc","28":"tag-flandres","29":"tag-fr","30":"tag-france","31":"tag-live","32":"tag-live-course","33":"tag-live-epreuve","34":"tag-peloton","35":"tag-radio-peloton","36":"tag-radio-tour","37":"tag-ravitaillement","38":"tag-relance","39":"tag-sports","40":"tag-uci","41":"tag-velo","42":"tag-velos"},"share_on_mastodon":{"url":"https:\/\/pubeurope.com\/@fr\/115349776285672625","error":""},"_links":{"self":[{"href":"https:\/\/www.europesays.com\/fr\/wp-json\/wp\/v2\/posts\/452438","targetHints":{"allow":["GET"]}}],"collection":[{"href":"https:\/\/www.europesays.com\/fr\/wp-json\/wp\/v2\/posts"}],"about":[{"href":"https:\/\/www.europesays.com\/fr\/wp-json\/wp\/v2\/types\/post"}],"author":[{"embeddable":true,"href":"https:\/\/www.europesays.com\/fr\/wp-json\/wp\/v2\/users\/2"}],"replies":[{"embeddable":true,"href":"https:\/\/www.europesays.com\/fr\/wp-json\/wp\/v2\/comments?post=452438"}],"version-history":[{"count":0,"href":"https:\/\/www.europesays.com\/fr\/wp-json\/wp\/v2\/posts\/452438\/revisions"}],"wp:featuredmedia":[{"embeddable":true,"href":"https:\/\/www.europesays.com\/fr\/wp-json\/wp\/v2\/media\/452439"}],"wp:attachment":[{"href":"https:\/\/www.europesays.com\/fr\/wp-json\/wp\/v2\/media?parent=452438"}],"wp:term":[{"taxonomy":"category","embeddable":true,"href":"https:\/\/www.europesays.com\/fr\/wp-json\/wp\/v2\/categories?post=452438"},{"taxonomy":"post_tag","embeddable":true,"href":"https:\/\/www.europesays.com\/fr\/wp-json\/wp\/v2\/tags?post=452438"}],"curies":[{"name":"wp","href":"https:\/\/api.w.org\/{rel}","templated":true}]}}