{"id":452442,"date":"2025-10-10T12:05:10","date_gmt":"2025-10-10T12:05:10","guid":{"rendered":"https:\/\/www.europesays.com\/fr\/452442\/"},"modified":"2025-10-10T12:05:10","modified_gmt":"2025-10-10T12:05:10","slug":"je-trouve-ca-indecent-son-coup-de-gueule-contre-bernard-campan","status":"publish","type":"post","link":"https:\/\/www.europesays.com\/fr\/452442\/","title":{"rendered":"\u00ab\u00a0Je trouve \u00e7a ind\u00e9cent\u00a0\u00bb, son coup de gueule contre Bernard Campan"},"content":{"rendered":"<p>Le trio comique culte des Inconnus, form\u00e9 dans les ann\u00e9es 1980<br \/>\npar Pascal L\u00e9gitimus, Didier Bourdon et Bernard Campan, a marqu\u00e9<br \/>\nune g\u00e9n\u00e9ration. Apr\u00e8s les succ\u00e8s ph\u00e9nom\u00e9naux des Trois Fr\u00e8res, des<br \/>\nsketchs devenus mythiques et plusieurs s\u00e9parations puis<br \/>\nretrouvailles, les fans esp\u00e8rent encore une ultime r\u00e9union. Mais en<br \/>\n2025, l\u2019\u00e9ventualit\u00e9 semble s\u2019\u00e9loigner.<\/p>\n<p>Interview\u00e9 par Le Parisien, <a href=\"https:\/\/www.melty.fr\/people\/a-64-ans-pascal-legitimus-se-livre-sur-sa-vie-privee-sans-filtre-ma-femme-est-une-2160987.html\" target=\"_blank\" rel=\"noopener\"><br \/>\nPascal L\u00e9gitimus a livr\u00e9 un regard sans filtre<\/a> sur les blocages<br \/>\nqui emp\u00eachent un retour du trio. Alors que Didier Bourdon et lui<br \/>\nsont pr\u00eats \u00e0 replonger, Bernard Campan, lui, r\u00e9siste. L\u00e9gitimus n\u2019a<br \/>\npas m\u00e2ch\u00e9 ses mots : \u00ab\u00a0On est sur le quai de la gare et on attend le<br \/>\ntrain\u2026 Je vais s\u00fbrement aller voir Bernard dans sa pi\u00e8ce avec<br \/>\nIsabelle Carr\u00e9 \u00e0 la rentr\u00e9e. Moi, je pousse le bouchon pour une<br \/>\npi\u00e8ce, je lance des pistes. J\u2019avais m\u00eame eu l\u2019id\u00e9e d\u2019un spectacle<br \/>\nmusical avec nos chansons. Mais bon, je ne suis pas seul. (&#8230;)<br \/>\nCampan ne veut pas faire de sketchs, pas refaire ce qui a d\u00e9j\u00e0 \u00e9t\u00e9<br \/>\nfait. Je lui ai dit : \u00ab\u00a0Ne le fais pas pour toi, mais pour les<br \/>\ngens&rsquo;. C\u2019est tellement rare dans une carri\u00e8re d\u2019\u00eatre demand\u00e9 et<br \/>\nd\u2019\u00eatre aim\u00e9 comme \u00e7a, il faut en profiter\u2026 Je trouve \u00e7a ind\u00e9cent en<br \/>\nfait\u00a0\u00bb.<\/p>\n<p>Des tensions assum\u00e9es, mais un respect maintenu<\/p>\n<p>Loin d\u2019alimenter une querelle publique, l\u2019humoriste a pr\u00e9f\u00e9r\u00e9<br \/>\nparler franc. \u00ab\u00a0Campan ne veut pas faire de sketchs, pas refaire ce<br \/>\nqui a d\u00e9j\u00e0 \u00e9t\u00e9 fait. Je lui ai dit : \u2018Ne le fais pas pour toi, mais<br \/>\npour les gens\u2019. On s\u2019en fout de nous, faisons-le pour eux tant<br \/>\nqu\u2019on est encore vigoureux\u00a0\u00bb, a-t-il insist\u00e9. Et d\u2019ajouter, avec une<br \/>\nironie assum\u00e9e : \u00ab\u00a0On a tout fait pour y \u00eatre, et maintenant qu\u2019on y<br \/>\nest, on fait : \u2018Ouais, je sais pas. Bof. Tu veux un peu de caviar ?<br \/>\nNon\u2026\u2019\u00a0\u00bb.<\/p>\n<p>Malgr\u00e9 ces divergences, l\u2019amiti\u00e9 semble intacte. \u00ab\u00a0\u00c0 un moment,<br \/>\nje voulais faire un hashtag #BernardCampanReviens\u00a0\u00bb, a-t-il gliss\u00e9<br \/>\navec humour, avant de nuancer : \u00ab\u00a0Je respecte. Je comprends qu\u2019il<br \/>\nveuille faire autre chose. C\u2019est peut-\u00eatre la peur que \u00e7a ne marche<br \/>\npas\u2026\u00a0\u00bb.<\/p>\n<p>Un projet de film avec Riad Sattouf en<br \/>\nsuspens<\/p>\n<p>Si les retrouvailles sur sc\u00e8ne paraissent compromises, l\u2019id\u00e9e<br \/>\nd\u2019un nouveau long-m\u00e9trage n\u2019est pas totalement abandonn\u00e9e. Un<br \/>\nsc\u00e9nario serait en cours d\u2019\u00e9criture par Riad Sattouf. Mais rien de<br \/>\nconcret \u00e0 ce stade, comme le confirme L\u00e9gitimus : \u00ab\u00a0M\u00eame pas en<br \/>\npr\u00e9paration, on n\u2019a pas sign\u00e9 nos contrats. On attend que Riad<br \/>\nSattouf finisse d\u2019\u00e9crire\u00a0\u00bb.<\/p>\n<p>La suite reste donc en suspens, suspendue \u00e0 la volont\u00e9 de<br \/>\nr\u00e9unir, une derni\u00e8re fois peut-\u00eatre, ceux qui ont red\u00e9fini l\u2019humour<br \/>\npopulaire fran\u00e7ais.<\/p>\n","protected":false},"excerpt":{"rendered":"Le trio comique culte des Inconnus, form\u00e9 dans les ann\u00e9es 1980 par Pascal L\u00e9gitimus, Didier Bourdon et Bernard&hellip;\n","protected":false},"author":2,"featured_media":452443,"comment_status":"","ping_status":"","sticky":false,"template":"","format":"standard","meta":{"footnotes":""},"categories":[1359],"tags":[905,58,59,1011,27,973],"class_list":{"0":"post-452442","1":"post","2":"type-post","3":"status-publish","4":"format-standard","5":"has-post-thumbnail","7":"category-people","8":"tag-a-la-une-melty","9":"tag-divertissement","10":"tag-entertainment","11":"tag-fr","12":"tag-france","13":"tag-people"},"share_on_mastodon":{"url":"https:\/\/pubeurope.com\/@fr\/115349784100487035","error":""},"_links":{"self":[{"href":"https:\/\/www.europesays.com\/fr\/wp-json\/wp\/v2\/posts\/452442","targetHints":{"allow":["GET"]}}],"collection":[{"href":"https:\/\/www.europesays.com\/fr\/wp-json\/wp\/v2\/posts"}],"about":[{"href":"https:\/\/www.europesays.com\/fr\/wp-json\/wp\/v2\/types\/post"}],"author":[{"embeddable":true,"href":"https:\/\/www.europesays.com\/fr\/wp-json\/wp\/v2\/users\/2"}],"replies":[{"embeddable":true,"href":"https:\/\/www.europesays.com\/fr\/wp-json\/wp\/v2\/comments?post=452442"}],"version-history":[{"count":0,"href":"https:\/\/www.europesays.com\/fr\/wp-json\/wp\/v2\/posts\/452442\/revisions"}],"wp:featuredmedia":[{"embeddable":true,"href":"https:\/\/www.europesays.com\/fr\/wp-json\/wp\/v2\/media\/452443"}],"wp:attachment":[{"href":"https:\/\/www.europesays.com\/fr\/wp-json\/wp\/v2\/media?parent=452442"}],"wp:term":[{"taxonomy":"category","embeddable":true,"href":"https:\/\/www.europesays.com\/fr\/wp-json\/wp\/v2\/categories?post=452442"},{"taxonomy":"post_tag","embeddable":true,"href":"https:\/\/www.europesays.com\/fr\/wp-json\/wp\/v2\/tags?post=452442"}],"curies":[{"name":"wp","href":"https:\/\/api.w.org\/{rel}","templated":true}]}}