{"id":452444,"date":"2025-10-10T12:06:11","date_gmt":"2025-10-10T12:06:11","guid":{"rendered":"https:\/\/www.europesays.com\/fr\/452444\/"},"modified":"2025-10-10T12:06:11","modified_gmt":"2025-10-10T12:06:11","slug":"quelques-tableaux-qui-font-du-bien","status":"publish","type":"post","link":"https:\/\/www.europesays.com\/fr\/452444\/","title":{"rendered":"Quelques tableaux qui font du bien"},"content":{"rendered":"<p class=\"PopSlotParagraph qg-tx2 qg-xtra-lh svelte-1r0pyek\">Plonger dans une \u0153uvre d&rsquo;art offre une \u00e9chappatoire pr\u00e9cieuse face \u00e0 l&rsquo;agitation du quotidien, permettant une connexion profonde avec soi-m\u00eame. Ce dialogue int\u00e9rieur, favoris\u00e9 par la contemplation d&rsquo;un tableau, transcende la simple appr\u00e9ciation esth\u00e9tique pour devenir une exp\u00e9rience intellectuelle et \u00e9motionnelle enrichissante. Loin d&rsquo;\u00eatre une simple distraction, l&rsquo;art agit comme un catalyseur de r\u00e9flexion, nous invitant \u00e0 explorer notre propre monde int\u00e9rieur et \u00e0 trouver un sens dans la complexit\u00e9 de nos vies.<br \/>Laurence de Villers\u00a0: \u00ab\u00a0Il y a la question du sensible, de l&rsquo;\u00e9motion et puis la question de l&rsquo;intellect. avec soi-m\u00eame, mais aussi avec les autres, en fait, je trouve que les \u0153uvres, et regarder une \u0153uvre, notamment quand on va dans un mus\u00e9e ou une exposition, on est reli\u00e9 avec les autres, et c&rsquo;est aussi, c&rsquo;est personnel et collectif, c&rsquo;est \u00e7a qui est assez beau.\u00a0\u00bb<\/p>\n<p> L&rsquo;automne d&rsquo;Arcimboldo\u00a0: une m\u00e9taphore visuelle du temps et de l&rsquo;humanit\u00e9<\/p>\n<p class=\"PopSlotParagraph qg-tx2 qg-xtra-lh svelte-1r0pyek\">Le tableau \u00ab\u00a0L&rsquo;Automne\u00a0\u00bb de Giuseppe Arcimboldo, peint en 1573, transcende la simple repr\u00e9sentation saisonni\u00e8re pour offrir une all\u00e9gorie complexe du temps et de la condition humaine. En assemblant des fruits et l\u00e9gumes d&rsquo;automne pour former un profil d&rsquo;homme m\u00fbr, Arcimboldo cr\u00e9e une \u0153uvre \u00e0 la fois ludique et profonde, qui r\u00e9v\u00e8le des couches de signification allant de la gouvernance imp\u00e9riale \u00e0 la cyclicit\u00e9 de la vie. Cette approche novatrice, alors singuli\u00e8re, a \u00e9tabli un nouveau langage visuel qui continue de fasciner et d&rsquo;inspirer.<\/p>\n<p class=\"PopSlotParagraph qg-tx2 qg-xtra-lh svelte-1r0pyek\">Dominique de Font-R\u00e9aulx\u00a0: \u00ab\u00a0Ce qui est int\u00e9ressant, c&rsquo;est que c&rsquo;est une commande, et c&rsquo;est une commande imp\u00e9riale, puisque c&rsquo;est Maximilien de Habsbourg qui l&rsquo;a command\u00e9e pour en faire don \u00e0 l&rsquo;\u00e9lecteur de Saxe, donc \u00e0 Dresde, donc il y a tout un enjeu de signification qui sont d&rsquo;ordre sacr\u00e9 et philosophique, puisque repr\u00e9senter les saisons, c&rsquo;est un enjeu \u00e9videmment de temps qui se d\u00e9roule, mais c&rsquo;est aussi par rapport \u00e0 l&#8217;empereur lui-m\u00eame commanditaire de l&rsquo;\u0153uvre, dire que d&rsquo;une certaine mani\u00e8re, il gouverne le temps, puisque son empire est alors tellement vaste qu&rsquo;il a l&rsquo;id\u00e9e de la gouvernance de l&rsquo;ensemble. \u00bb<\/p>\n","protected":false},"excerpt":{"rendered":"Plonger dans une \u0153uvre d&rsquo;art offre une \u00e9chappatoire pr\u00e9cieuse face \u00e0 l&rsquo;agitation du quotidien, permettant une connexion profonde&hellip;\n","protected":false},"author":2,"featured_media":452445,"comment_status":"","ping_status":"","sticky":false,"template":"","format":"standard","meta":{"footnotes":""},"categories":[1358],"tags":[1348,1384,1385,1386,58,59,1011,27],"class_list":{"0":"post-452444","1":"post","2":"type-post","3":"status-publish","4":"format-standard","5":"has-post-thumbnail","7":"category-arts-et-design","8":"tag-arts","9":"tag-arts-and-design","10":"tag-arts-et-design","11":"tag-design","12":"tag-divertissement","13":"tag-entertainment","14":"tag-fr","15":"tag-france"},"share_on_mastodon":{"url":"https:\/\/pubeurope.com\/@fr\/115349788057115133","error":""},"_links":{"self":[{"href":"https:\/\/www.europesays.com\/fr\/wp-json\/wp\/v2\/posts\/452444","targetHints":{"allow":["GET"]}}],"collection":[{"href":"https:\/\/www.europesays.com\/fr\/wp-json\/wp\/v2\/posts"}],"about":[{"href":"https:\/\/www.europesays.com\/fr\/wp-json\/wp\/v2\/types\/post"}],"author":[{"embeddable":true,"href":"https:\/\/www.europesays.com\/fr\/wp-json\/wp\/v2\/users\/2"}],"replies":[{"embeddable":true,"href":"https:\/\/www.europesays.com\/fr\/wp-json\/wp\/v2\/comments?post=452444"}],"version-history":[{"count":0,"href":"https:\/\/www.europesays.com\/fr\/wp-json\/wp\/v2\/posts\/452444\/revisions"}],"wp:featuredmedia":[{"embeddable":true,"href":"https:\/\/www.europesays.com\/fr\/wp-json\/wp\/v2\/media\/452445"}],"wp:attachment":[{"href":"https:\/\/www.europesays.com\/fr\/wp-json\/wp\/v2\/media?parent=452444"}],"wp:term":[{"taxonomy":"category","embeddable":true,"href":"https:\/\/www.europesays.com\/fr\/wp-json\/wp\/v2\/categories?post=452444"},{"taxonomy":"post_tag","embeddable":true,"href":"https:\/\/www.europesays.com\/fr\/wp-json\/wp\/v2\/tags?post=452444"}],"curies":[{"name":"wp","href":"https:\/\/api.w.org\/{rel}","templated":true}]}}