{"id":452446,"date":"2025-10-10T12:07:10","date_gmt":"2025-10-10T12:07:10","guid":{"rendered":"https:\/\/www.europesays.com\/fr\/452446\/"},"modified":"2025-10-10T12:07:10","modified_gmt":"2025-10-10T12:07:10","slug":"melanie-brouch-presente-la-confiture-de-nuages-enchantes","status":"publish","type":"post","link":"https:\/\/www.europesays.com\/fr\/452446\/","title":{"rendered":"M\u00e9lanie Brouch pr\u00e9sente \u00ab\u00a0La Confiture de nuages enchant\u00e9s\u00a0\u00bb"},"content":{"rendered":"<p>Native de Bordeaux, o\u00f9 ses parents accueillaient des personnes \u00e2g\u00e9es et handicap\u00e9es, M\u00e9lanie Brouch a grandi dans l\u2019\u00e9coute et la bienveillance. Dipl\u00f4m\u00e9e en droit, elle est devenue assistante de clerc de notaire. Devenue maman, elle d\u00e9couvre l\u2019ouverture d\u2019esprit d\u2019un enfant, sa curiosit\u00e9, sa spontan\u00e9it\u00e9 et son \u00e9merveillement magique et perp\u00e9tuel.<\/p>\n<p>Elle cr\u00e9e en 2020 l\u2019association bo\u00efenne l\u2019Armoire aux confitures, une maison d\u2019\u00e9dition de livres pour enfants de 3 \u00e0 9\u00a0ans. Port\u00e9s par les illustrations d\u00e9licates et expressives de Maryse Montangon, leur objectif est de proposer des histoires \u00e9ducatives et inclusives qui sensibilisent les enfants \u00e0 l\u2019empathie et \u00e0 la diversit\u00e9, tout en les transportant dans l\u2019imaginaire.<\/p>\n<p>A<a href=\"https:\/\/www.sudouest.fr\/lieux\/gironde\/biganos\/biganos-melanie-brouch-presente-le-premier-livre-de-l-armoire-aux-confitures-ce-mercredi-25-juin-24963352.php\" target=\"_blank\" rel=\"follow nofollow noopener\">pr\u00e8s \u00a0\u00bb Mamie et la confiture perdue \u00a0\u00bb (3-6 ans<\/a>) \u00e9voquant avec po\u00e9sie la perte de m\u00e9moire de la mamie, M\u00e9lanie Brouch vient d&rsquo;\u00e9diter \u00a0\u00bb La Confiture de nuages enchant\u00e9s \u00ab\u00a0, le deuxi\u00e8me opus de l&rsquo;association. Elle le pr\u00e9sente ce samedi 11 octobre, \u00e0 la Fnac de Biganos de 14 heures \u00e0 18 heures.<\/p>\n<p>Un message \u00e9ducatif<\/p>\n<p>Destin\u00e9 aux 6-9\u00a0ans, cet album jeunesse d\u00e9bute avec ce message\u00a0: \u00ab\u00a0Dans chaque nuage se cache une \u00e9toile, il suffit d\u2019y croire pour qu\u2019elle brille.\u00a0\u00bb Jouant \u00e0 cache-cache, Clara, 8\u00a0ans, et son petit fr\u00e8re d\u00e9couvrent une confiture magique dans l\u2019armoire de leurs grands-parents et se retrouvent transport\u00e9s au sommet d\u2019un village fait de nuages, aux routes moelleuses comme des coussins. Dans cet univers f\u00e9erique, ils rencontrent des \u00ab\u00a0Nimbus\u00a0\u00bb, petites cr\u00e9atures en forme de nuage et Astrid, une petite fille courageuse mais bien malade, couch\u00e9e sur un coussin d\u2019air. Les deux enfants d\u00e9cident de l\u2019aider \u00e0 retrouver sourire et sant\u00e9\u2026 et les p\u00e9rip\u00e9ties commencent.<\/p>\n<p>\u00ab\u00a0M\u00eame les r\u00eaves les plus grands peuvent se r\u00e9aliser si on s\u2019entraide\u00a0\u00bb, reste le message final d\u2019un album tr\u00e8s po\u00e9tique qui propose aussi dans sa derni\u00e8re partie une activit\u00e9 ludique\u00a0: labyrinthe, jeux, et mandala \u00e0 colorier.<\/p>\n<p>\u00ab\u00a0La Confiture de nuages enchant\u00e9s\u00a0\u00bb, \u00c9dition l\u2019Armoire aux confitures, 14,90 \u20ac.<\/p>\n","protected":false},"excerpt":{"rendered":"Native de Bordeaux, o\u00f9 ses parents accueillaient des personnes \u00e2g\u00e9es et handicap\u00e9es, M\u00e9lanie Brouch a grandi dans l\u2019\u00e9coute&hellip;\n","protected":false},"author":2,"featured_media":452447,"comment_status":"","ping_status":"","sticky":false,"template":"","format":"standard","meta":{"footnotes":""},"categories":[1357],"tags":[1379,58,59,1011,27,1380],"class_list":{"0":"post-452446","1":"post","2":"type-post","3":"status-publish","4":"format-standard","5":"has-post-thumbnail","7":"category-livres","8":"tag-books","9":"tag-divertissement","10":"tag-entertainment","11":"tag-fr","12":"tag-france","13":"tag-livres"},"share_on_mastodon":{"url":"https:\/\/pubeurope.com\/@fr\/115349791951009943","error":""},"_links":{"self":[{"href":"https:\/\/www.europesays.com\/fr\/wp-json\/wp\/v2\/posts\/452446","targetHints":{"allow":["GET"]}}],"collection":[{"href":"https:\/\/www.europesays.com\/fr\/wp-json\/wp\/v2\/posts"}],"about":[{"href":"https:\/\/www.europesays.com\/fr\/wp-json\/wp\/v2\/types\/post"}],"author":[{"embeddable":true,"href":"https:\/\/www.europesays.com\/fr\/wp-json\/wp\/v2\/users\/2"}],"replies":[{"embeddable":true,"href":"https:\/\/www.europesays.com\/fr\/wp-json\/wp\/v2\/comments?post=452446"}],"version-history":[{"count":0,"href":"https:\/\/www.europesays.com\/fr\/wp-json\/wp\/v2\/posts\/452446\/revisions"}],"wp:featuredmedia":[{"embeddable":true,"href":"https:\/\/www.europesays.com\/fr\/wp-json\/wp\/v2\/media\/452447"}],"wp:attachment":[{"href":"https:\/\/www.europesays.com\/fr\/wp-json\/wp\/v2\/media?parent=452446"}],"wp:term":[{"taxonomy":"category","embeddable":true,"href":"https:\/\/www.europesays.com\/fr\/wp-json\/wp\/v2\/categories?post=452446"},{"taxonomy":"post_tag","embeddable":true,"href":"https:\/\/www.europesays.com\/fr\/wp-json\/wp\/v2\/tags?post=452446"}],"curies":[{"name":"wp","href":"https:\/\/api.w.org\/{rel}","templated":true}]}}