{"id":452450,"date":"2025-10-10T12:09:11","date_gmt":"2025-10-10T12:09:11","guid":{"rendered":"https:\/\/www.europesays.com\/fr\/452450\/"},"modified":"2025-10-10T12:09:11","modified_gmt":"2025-10-10T12:09:11","slug":"un-lendemain-soir-de-gala-un-album-tendre-et-melancolique-de-vincent-dedienne-avec-la-creme-de-la-chanson-telerama","status":"publish","type":"post","link":"https:\/\/www.europesays.com\/fr\/452450\/","title":{"rendered":"\u201cUn lendemain soir de gala\u201d : un album tendre et m\u00e9lancolique de Vincent Dedienne, avec la cr\u00e8me de la chanson &#8211; T\u00e9l\u00e9rama"},"content":{"rendered":"<ol>\n<li><a href=\"https:\/\/news.google.com\/rss\/articles\/CBMi7wFBVV95cUxPOHNkbEFhV1BpYlJoalhoeWtrTWFyeHhuS3NBQ09hVkw3djl1NURsWkYzWDVtSEM4dDRJdnVHZ25neS0xZEx3U3dZZlEtQnBMTUhfa0pMNDNEN2FuRnRDS3Zhc2p3ZjRoQjQtSlJEUXNYMkdRSXJBTXRNbzNDdy04R2V5VUoxc3FSUTNLM3d3LWZXSUo2dmNseGoySVlvLXZEMWp6MXRld1I0UUZtNzVoTFRZNnJtS0tORU5TUk9IV0E0WFBtLU55T3FxUVQ4bnlkTENoVHFmZ0lETTlTTFdiOTk0OFM3ZUxMQzBTMnpJUQ?oc=5\" target=\"_blank\" rel=\"nofollow noopener\">\u201cUn lendemain soir de gala\u201d : un album tendre et m\u00e9lancolique de Vincent Dedienne, avec la cr\u00e8me de la chanson<\/a>&nbsp;&nbsp;T\u00e9l\u00e9rama<\/li>\n<li><a href=\"https:\/\/news.google.com\/rss\/articles\/CBMizAFBVV95cUxNOEVfTnpCclpDZTlIWG4za1dtT0xiS3djY1F1OXo0LWZUQWhPS2ZzT0IxRV9RSTd2WjY3OG5udHA3SjZDYTVSTUJRSlhxdHlEUmxsZEFwWlNCd0J4ME85Uk90NEtoZ3RSQWZhY0JJeUFPOWJVZWl3RDh3WGdEdGVGTWY4VVdVeE5hRUdvOTkwVzl3SnV0V3p3a01SbGxOOUZDZmQ5VTlDMHFocjBKMV9mQnhxeWVHRzR4dTF5MkxCQ1U5Vkt1dzRMdmtTUU0?oc=5\" target=\"_blank\" rel=\"nofollow noopener\">\u00ab Un sketch et une chanson, c\u2019est pareil \u00bb pour Vincent Dedienne qui chante<\/a>&nbsp;&nbsp;20 Minutes<\/li>\n<li><a href=\"https:\/\/news.google.com\/rss\/articles\/CBMi0gFBVV95cUxNZVhHT1hXWVNMZGwzajVLTnpSMXBUMkpFaGFzak1XUVBtUHBHNGo4RjNPUGhydkxBNW43bnJnT21LRHJHWTVhYTY4elRpMW0tdEhhVGhnNHN6c3o4RENJRnJmTVBNZU14cE1CV0FNYnEwR3VCVU41Tk03LXdlbHA1Z3Mzbmk2MWJ3Zm5NY0trRG5UanYybmJnbHBfcTYwa3pmQ3NaU211dk8zcFpFSlZOREU2ZDgwbS03eklyN0NBNkNockhzeFlrTVpOWTlaR1VzTHc?oc=5\" target=\"_blank\" rel=\"nofollow noopener\">\u00abJe me vengerai !\u00bb : Yann Barth\u00e8s surpris par Vincent Dedienne pour son anniversaire<\/a>&nbsp;&nbsp;TV Magazine<\/li>\n<li><a href=\"https:\/\/news.google.com\/rss\/articles\/CBMiqAFBVV95cUxQTzViTVFVY3VlTFVYZ3RyeEh5UzBKX05HQVgwZ3U5Uk40VVZ4MXo0cGVsUGRyZkZfTGxiZlFoaVZKd2QybUV4Q2RoT25lMTFFbW9LXzJmcWotamE0X2RQaHNhVndvd3ZpSnM0cnhkQVRpQXJDbHRCd3dDek5pbFY5TTlQeGMwZnp5cUZRa3FQbWNLMGlwZHBFeTc2eDI1bFJuWXFIUUlIX0I?oc=5\" target=\"_blank\" rel=\"nofollow noopener\">\u201cUn lendemain soir de gala\u201d : que vaut l&rsquo;album de Vincent Dedienne ?<\/a>&nbsp;&nbsp;L&rsquo;\u00c9claireur Fnac<\/li>\n<li><a href=\"https:\/\/news.google.com\/rss\/articles\/CBMiwAFBVV95cUxOTGdEZTFrTHh4dVdpOU5USzVQZ1doX2dFekdBaTQyaTRNOUVWamp6SlFMSTA0ZVBJUHY4Tmx6NnVOM1ktazg1YllwQUlJNU93MkJHNzNRU0ZkVTIzOWRDeVdvbWpjbk9UZ2paazVPbmUyTUpvbllQQzVLNVExLW5jZTFHYjhwcV9qLXg5S3luWDZsYUd4eTJ0SGpLTEtlVmlPVTdtNUNvU05nTW5EdE1wZnBnbGdIX204UXpKS3QzZDg?oc=5\" target=\"_blank\" rel=\"nofollow noopener\">Quotidien : la surprise de Vincent Dedienne pour l&rsquo;anniversaire de Yann Barth\u00e8s<\/a>&nbsp;&nbsp;Portail Free<\/li>\n<\/ol>\n","protected":false},"excerpt":{"rendered":"\u201cUn lendemain soir de gala\u201d : un album tendre et m\u00e9lancolique de Vincent Dedienne, avec la cr\u00e8me de&hellip;\n","protected":false},"author":2,"featured_media":452451,"comment_status":"","ping_status":"","sticky":false,"template":"","format":"standard","meta":{"footnotes":""},"categories":[1355],"tags":[58,59,1011,27,1361,873],"class_list":{"0":"post-452450","1":"post","2":"type-post","3":"status-publish","4":"format-standard","5":"has-post-thumbnail","7":"category-musique","8":"tag-divertissement","9":"tag-entertainment","10":"tag-fr","11":"tag-france","12":"tag-music","13":"tag-musique"},"share_on_mastodon":{"url":"https:\/\/pubeurope.com\/@fr\/115349799860006916","error":""},"_links":{"self":[{"href":"https:\/\/www.europesays.com\/fr\/wp-json\/wp\/v2\/posts\/452450","targetHints":{"allow":["GET"]}}],"collection":[{"href":"https:\/\/www.europesays.com\/fr\/wp-json\/wp\/v2\/posts"}],"about":[{"href":"https:\/\/www.europesays.com\/fr\/wp-json\/wp\/v2\/types\/post"}],"author":[{"embeddable":true,"href":"https:\/\/www.europesays.com\/fr\/wp-json\/wp\/v2\/users\/2"}],"replies":[{"embeddable":true,"href":"https:\/\/www.europesays.com\/fr\/wp-json\/wp\/v2\/comments?post=452450"}],"version-history":[{"count":0,"href":"https:\/\/www.europesays.com\/fr\/wp-json\/wp\/v2\/posts\/452450\/revisions"}],"wp:featuredmedia":[{"embeddable":true,"href":"https:\/\/www.europesays.com\/fr\/wp-json\/wp\/v2\/media\/452451"}],"wp:attachment":[{"href":"https:\/\/www.europesays.com\/fr\/wp-json\/wp\/v2\/media?parent=452450"}],"wp:term":[{"taxonomy":"category","embeddable":true,"href":"https:\/\/www.europesays.com\/fr\/wp-json\/wp\/v2\/categories?post=452450"},{"taxonomy":"post_tag","embeddable":true,"href":"https:\/\/www.europesays.com\/fr\/wp-json\/wp\/v2\/tags?post=452450"}],"curies":[{"name":"wp","href":"https:\/\/api.w.org\/{rel}","templated":true}]}}