{"id":452458,"date":"2025-10-10T12:13:09","date_gmt":"2025-10-10T12:13:09","guid":{"rendered":"https:\/\/www.europesays.com\/fr\/452458\/"},"modified":"2025-10-10T12:13:09","modified_gmt":"2025-10-10T12:13:09","slug":"patrick-sebastien-ouvrira-bien-son-plus-petit-cabaret-du-monde-chez-patoche-en-correze-lannee-prochaine","status":"publish","type":"post","link":"https:\/\/www.europesays.com\/fr\/452458\/","title":{"rendered":"Patrick S\u00e9bastien ouvrira bien son \u00ab\u00a0plus petit cabaret du monde, chez Patoche\u00a0\u00bb en Corr\u00e8ze l&rsquo;ann\u00e9e prochaine"},"content":{"rendered":"<p>L&rsquo;animateur-producteur-chanteur briviste Patrick S\u00e9bastien l&rsquo;a confirm\u00e9 jeudi soir sur ses r\u00e9seaux sociaux\u00a0: il va bien cr\u00e9er son \u00ab\u00a0plus petit cabaret du monde\u00a0\u00bb en Corr\u00e8ze et non pr\u00e8s de Martel dans le Lot comme il l&rsquo;envisageait ces derniers mois. Et ce sera dans un lieu tr\u00e8s connu des corr\u00e9ziens&#8230;<\/p>\n<p>C&rsquo;est officiel\u00a0! Cela faisait quelques temps que la rumeur courrait et l&rsquo;animateur-producteur-chanteur briviste Patrick S\u00e9bastien l&rsquo;a confirm\u00e9 jeudi soir sur ses r\u00e9seaux sociaux\u00a0: <strong>il va bien faire son \u00ab\u00a0plus petit cabaret du monde\u00a0\u00bb en Corr\u00e8ze<\/strong>, et non pr\u00e8s de Martel dans le Lot comme il l&rsquo;avait envisag\u00e9 ces derniers mois. Et ce sera, comme une publication du maire de la commune le laissait supposer depuis quelques jours, dans la commune de La Chapelle-aux-Brocs. Dans un lieu bien pr\u00e9cis et tr\u00e8s connu du village\u00a0: \u00ab\u00a0Ca a \u00e9t\u00e9 une bo\u00eete de nuit r\u00e9put\u00e9e qui s&rsquo;appelait la Grange aux loups\u00a0\u00bb explique Patrick S\u00e9bastien, \u00ab\u00a0qui est devenu derni\u00e8rement un cabaret, et ce cabaret on va l&rsquo;am\u00e9nager autrement pour faire l&rsquo;ouverture, comme je l&rsquo;avais pr\u00e9vu, \u00e0 la fin de l&rsquo;\u00e9t\u00e9 prochain, \u00e0 la rentr\u00e9e de septembre\u00a0\u00bb pr\u00e9cise-t-il.<\/p>\n<p>Au passage, l&rsquo;animateur ne se prive pas de tacler celles et ceux \u00ab\u00a0qui ont tout fait pour nous emp\u00eacher de monter ce cabaret, de recours en recours\u00a0\u00bb \u00e0 Martel, le poussant donc \u00ab\u00a0\u00e0 le faire ailleurs, <strong>dans un endroit o\u00f9 on est accueilli \u00e0 bras ouverts et o\u00f9 les gens sont enthousiastes<\/strong>\u00a0\u00bb d\u00e9clare l&rsquo;animateur.<\/p>\n<p>\u00ab\u00a0Ca va faire travailler du monde, c&rsquo;est tr\u00e8s bien pour notre coin, \u00e7a ne pouvait pas mieux tomber\u00a0\u00bb<\/p>\n<p>Et c&rsquo;est en effet le cas, confirme aupr\u00e8s d&rsquo;ICI Limousin le maire de la Chapelle-aux-Brocs,\u00a0Michel B\u00e9ril, rappelant que\u00a0la Grange aux Loups fut un lieu mythique des nuits du bassin de Brive, \u00ab\u00a0avec 2000 personnes qui venaient, le parking n&rsquo;\u00e9tait pas assez grand, les gens se garaient partout\u00a0\u00bb. Selon le maire, le projet de Patrick S\u00e9bastien n&rsquo;est pas de revenir \u00e0 une jauge aussi importante, il semble plut\u00f4t souhaiter en faire un cabaret de r\u00e9f\u00e9rence, avec des artistes divers et des programmations soign\u00e9es. C&rsquo;est en tous cas assur\u00e9ment un nouvel \u00e9lan pour la commune, salu\u00e9 par Michel B\u00e9ril, \u00ab\u00a0\u00e7a va reprendre la notori\u00e9t\u00e9 d&rsquo;avant, tout le monde est content, <strong>\u00e7a va faire repartir le\u00a0territoire, c&rsquo;est une belle chose pour nous<\/strong>\u00a0\u00bb estime Michel B\u00e9ril. \u00ab\u00a0Ca va faire travailler du monde, il va lui-m\u00eame employer du monde, c&rsquo;est tr\u00e8s bien pour notre coin, \u00e7a ne pouvait pas mieux tomber\u00a0\u00bb conclut-il.<\/p>\n<p>Patrick S\u00e9bastien a d\u00e9j\u00e0 trouv\u00e9 le nom du futur \u00e9tablissement. \u00ab\u00a0<strong>Ca s&rsquo;appellera &lsquo;Le plus petit cabaret du monde, chez Patoche&rsquo; et je vous jure qu&rsquo;il me tarde de le faire<\/strong>\u00ab\u00a0, pr\u00e9cise l&rsquo;animateur. D\u00e9but des travaux en janvier 2026 d&rsquo;apr\u00e8s Michel B\u00e9ril, pour une ouverture sept mois plus tard.<\/p>\n<p> (function(w, d) {     if (w.FB &#038;&#038; w.FB.XFBML &#038;&#038; w.FB.XFBML.parse) {         if (&lsquo;undefined&rsquo; == typeof w.__fbTimeout) {             w.__fbTimeout = setTimeout(function() {                 w.FB.XFBML.parse();                 w.__fbTimeout = undefined;             }, 1000);         }     } else if (&lsquo;undefined&rsquo; == typeof w.__fbTimeout) {         if (d.querySelectorAll(&lsquo;#fb-root&rsquo;).length === 0) {             var fbRoot = d.createElement(&lsquo;div&rsquo;);             fbRoot.id = &lsquo;fb-root&rsquo;;             d.querySelector(&lsquo;body&rsquo;).append(fbRoot);         }         if (d.querySelectorAll(&lsquo;#facebook-jssdk&rsquo;).length === 0) {             var fbScript = d.createElement(&lsquo;script&rsquo;);             fbScript.id = &lsquo;facebook-jssdk&rsquo;;             fbScript.src=\u00a0\u00bb\/\/connect.facebook.net\/fr_FR\/sdk.js#xfbml=1&#038;version=v2.8&#038;appId=593991304071705&Prime;;             fbScript.async = 1;             d.querySelector(&lsquo;head&rsquo;).append(fbScript);         }     } })(window, window.document); \\u003C\/script>\\\u00a0\u00bb,\\\u00a0\u00bbprovider\\\u00a0\u00bb:\\\u00a0\u00bbfacebook\\\u00a0\u00bb,\\\u00a0\u00bbdidomiPurposes\\\u00a0\u00bb:\\\u00a0\u00bbPour afficher ce contenu Facebook, vous devez accepter les cookies \\u003Cb>R\u00e9seaux Sociaux\\u003C\/b>.\\u003Cbr>\\u003Cbr>Ces cookies permettent de partager ou r\u00e9agir directement sur les r\u00e9seaux sociaux auxquels vous \u00eates connect\u00e9s ou d&rsquo;int\u00e9grer du contenu initialement post\u00e9 sur ces r\u00e9seaux sociaux. Ils permettent aussi aux r\u00e9seaux sociaux d&rsquo;utiliser vos visites sur nos sites et applications \u00e0 des fins de personnalisation et de ciblage publicitaire.\\\u00a0\u00bb,\\\u00a0\u00bbdidomiVendorId\\\u00a0\u00bb:\\\u00a0\u00bbc:facebookc-rgacRMQm\\\u00a0\u00bb}},{\\\u00a0\u00bbtype\\\u00a0\u00bb:\\\u00a0\u00bbtext\\\u00a0\u00bb,\\\u00a0\u00bbchildren\\\u00a0\u00bb:[{\\\u00a0\u00bbtype\\\u00a0\u00bb:\\\u00a0\u00bbtext\\\u00a0\u00bb,\\\u00a0\u00bbvalue\\\u00a0\u00bb:\\\u00a0\u00bbAu passage, l&rsquo;animateur ne se prive pas de tacler celles et ceux \\\\\\\u00a0\u00bb\\u003Cem>qui ont tout fait pour nous emp\u00eacher de monter ce cabaret, de recours en recours\\u003C\/em>\\\\\\\u00a0\u00bb \u00e0 Martel, le poussant donc \\\\\\\u00a0\u00bb\\u003Cem>\u00e0 le faire ailleurs, \\u003Cstrong>dans un endroit o\u00f9 on est accueilli \u00e0 bras ouverts et o\u00f9 les gens sont enthousiastes\\u003C\/strong>\\u003C\/em>\\\\\\\u00a0\u00bb d\u00e9clare l&rsquo;animateur.\\\u00a0\u00bb}]},{\\\u00a0\u00bbtype\\\u00a0\u00bb:\\\u00a0\u00bbheading\\\u00a0\u00bb,\\\u00a0\u00bblevel\\\u00a0\u00bb:2,\\\u00a0\u00bbvalue\\\u00a0\u00bb:\\\u00a0\u00bb\\\\\\\u00a0\u00bbCa va faire travailler du monde, c&rsquo;est tr\u00e8s bien pour notre coin, \u00e7a ne pouvait pas mieux tomber\\\\\\\u00a0\u00bb\\\u00a0\u00bb},{\\\u00a0\u00bbtype\\\u00a0\u00bb:\\\u00a0\u00bbtext\\\u00a0\u00bb,\\\u00a0\u00bbchildren\\\u00a0\u00bb:[{\\\u00a0\u00bbtype\\\u00a0\u00bb:\\\u00a0\u00bbtext\\\u00a0\u00bb,\\\u00a0\u00bbvalue\\\u00a0\u00bb:\\\u00a0\u00bbEt c&rsquo;est en effet le cas, confirme aupr\u00e8s d&rsquo;ICI Limousin le maire de la Chapelle-aux-Brocs,\u00a0Michel B\u00e9ril, rappelant que\u00a0la Grange aux Loups fut un lieu mythique des nuits du bassin de Brive, \\\\\\\u00a0\u00bb\\u003Cem>avec 2000 personnes qui venaient, le parking n&rsquo;\u00e9tait pas assez grand, les gens se garaient partout\\u003C\/em>\\\\\\\u00a0\u00bb. Selon le maire, le projet de Patrick S\u00e9bastien n&rsquo;est pas de revenir \u00e0 une jauge aussi importante, il semble plut\u00f4t souhaiter en faire un cabaret de r\u00e9f\u00e9rence, avec des artistes divers et des programmations soign\u00e9es. C&rsquo;est en tous cas assur\u00e9ment un nouvel \u00e9lan pour la commune, salu\u00e9 par Michel B\u00e9ril, \\\\\\\u00a0\u00bb\\u003Cem>\u00e7a va reprendre la notori\u00e9t\u00e9 d&rsquo;avant, tout le monde est content, \\u003Cstrong>\u00e7a va faire repartir le\u00a0territoire, c&rsquo;est une belle chose pour nous\\u003C\/strong>\\u003C\/em>\\\\\\\u00a0\u00bb estime Michel B\u00e9ril. \\\\\\\u00a0\u00bb\\u003Cem>Ca va faire travailler du monde, il va lui-m\u00eame employer du monde, c&rsquo;est tr\u00e8s bien pour notre coin, \u00e7a ne pouvait pas mieux tomber\\u003C\/em>\\\\\\\u00a0\u00bb conclut-il.\\\u00a0\u00bb}]},{\\\u00a0\u00bbtype\\\u00a0\u00bb:\\\u00a0\u00bbtext\\\u00a0\u00bb,\\\u00a0\u00bbchildren\\\u00a0\u00bb:[{\\\u00a0\u00bbtype\\\u00a0\u00bb:\\\u00a0\u00bbtext\\\u00a0\u00bb,\\\u00a0\u00bbvalue\\\u00a0\u00bb:\\\u00a0\u00bbPatrick S\u00e9bastien a d\u00e9j\u00e0 trouv\u00e9 le nom du futur \u00e9tablissement. \\\\\\\u00a0\u00bb\\u003Cem>\\u003Cstrong>Ca s&rsquo;appellera &lsquo;Le plus petit cabaret du monde, chez Patoche&rsquo; et je vous jure qu&rsquo;il me tarde de le faire\\u003C\/strong>\\\\\\\u00a0\u00bb\\u003C\/em>, pr\u00e9cise l&rsquo;animateur. D\u00e9but des travaux en janvier 2026 d&rsquo;apr\u00e8s Michel B\u00e9ril, pour une ouverture sept mois plus tard.\\\u00a0\u00bb}]}]}},\\\u00a0\u00bbdisplay\\\u00a0\u00bb:{\\\u00a0\u00bbhighBanner\\\u00a0\u00bb:true}}\u00a0\u00bb}<\/p>\n","protected":false},"excerpt":{"rendered":"L&rsquo;animateur-producteur-chanteur briviste Patrick S\u00e9bastien l&rsquo;a confirm\u00e9 jeudi soir sur ses r\u00e9seaux sociaux\u00a0: il va bien cr\u00e9er son \u00ab\u00a0plus&hellip;\n","protected":false},"author":2,"featured_media":452459,"comment_status":"","ping_status":"","sticky":false,"template":"","format":"standard","meta":{"footnotes":""},"categories":[8],"tags":[58,59,1011,27],"class_list":{"0":"post-452458","1":"post","2":"type-post","3":"status-publish","4":"format-standard","5":"has-post-thumbnail","7":"category-divertissement","8":"tag-divertissement","9":"tag-entertainment","10":"tag-fr","11":"tag-france"},"share_on_mastodon":{"url":"https:\/\/pubeurope.com\/@fr\/115349815617372821","error":""},"_links":{"self":[{"href":"https:\/\/www.europesays.com\/fr\/wp-json\/wp\/v2\/posts\/452458","targetHints":{"allow":["GET"]}}],"collection":[{"href":"https:\/\/www.europesays.com\/fr\/wp-json\/wp\/v2\/posts"}],"about":[{"href":"https:\/\/www.europesays.com\/fr\/wp-json\/wp\/v2\/types\/post"}],"author":[{"embeddable":true,"href":"https:\/\/www.europesays.com\/fr\/wp-json\/wp\/v2\/users\/2"}],"replies":[{"embeddable":true,"href":"https:\/\/www.europesays.com\/fr\/wp-json\/wp\/v2\/comments?post=452458"}],"version-history":[{"count":0,"href":"https:\/\/www.europesays.com\/fr\/wp-json\/wp\/v2\/posts\/452458\/revisions"}],"wp:featuredmedia":[{"embeddable":true,"href":"https:\/\/www.europesays.com\/fr\/wp-json\/wp\/v2\/media\/452459"}],"wp:attachment":[{"href":"https:\/\/www.europesays.com\/fr\/wp-json\/wp\/v2\/media?parent=452458"}],"wp:term":[{"taxonomy":"category","embeddable":true,"href":"https:\/\/www.europesays.com\/fr\/wp-json\/wp\/v2\/categories?post=452458"},{"taxonomy":"post_tag","embeddable":true,"href":"https:\/\/www.europesays.com\/fr\/wp-json\/wp\/v2\/tags?post=452458"}],"curies":[{"name":"wp","href":"https:\/\/api.w.org\/{rel}","templated":true}]}}