{"id":452472,"date":"2025-10-10T12:20:16","date_gmt":"2025-10-10T12:20:16","guid":{"rendered":"https:\/\/www.europesays.com\/fr\/452472\/"},"modified":"2025-10-10T12:20:16","modified_gmt":"2025-10-10T12:20:16","slug":"mais-que-fait-ce-bus-de-las-saint-etienne-a-caen","status":"publish","type":"post","link":"https:\/\/www.europesays.com\/fr\/452472\/","title":{"rendered":"Mais que fait ce bus de l&rsquo;AS Saint-Etienne \u00e0 Caen\u00a0?"},"content":{"rendered":"<p>            Par<br \/>\n        <strong><br \/>\n            <a href=\"https:\/\/actu.fr\/auteur\/martin-arrot\" title=\"Consulter tous les articles de Martin Arrot\" target=\"_blank\" rel=\"noopener\">Martin Arrot<\/a><br \/>\n        <\/strong><\/p>\n<p>        Publi\u00e9 le<\/p>\n<p>            10 oct. 2025 \u00e0 11h08        <\/p>\n<p><b>Que fait un bus de l\u2019AS Saint-Etienne \u00e0 Caen<\/b> (Calvados) sur le parking du Brit H\u00f4tel, pr\u00e8s du M\u00e9morial ?<\/p>\n<p class=\" wall-content\">C\u2019est une question que de nombreux passants ont pu se poser depuis ce jeudi 9 octobre 2025. Apr\u00e8s tout, c\u2019est le bus d\u2019une \u00e9quipe de football que l\u2019on n\u2019a plus trop l\u2019habitude de voir s\u2019arr\u00eater dans l\u2019agglom\u00e9ration caennaise. Pour cette saison 2024-2025, les \u00e9quipes masculines des deux clubs \u00e9voluent <b>dans deux divisions diff\u00e9rentes<\/b> \u2013 la Ligue 2 pour l\u2019ASSE et le National pour le SMC.<br \/>Quant \u00e0 l\u2019\u00e9quipe f\u00e9minine des Verts, les joueuses jouent en <b>Arkema Premi\u00e8re Ligue<\/b>, la premi\u00e8re division f\u00e9minine, et affrontent le Havre Athletic Club, la semaine prochaine, le vendredi 17 octobre 2025.\u00a0<\/p>\n<p>Un bus emprunt\u00e9<\/p>\n<p class=\" wall-content\">En r\u00e9alit\u00e9, il ne s\u2019agit pas de l\u2019ASSE mais d\u2019un club voisin dans le d\u00e9partement de la Loire. L<b>\u2018\u00e9quipe de basket de Roanne<\/b>, qui a emprunt\u00e9 le bus st\u00e9phanois pour son d\u00e9placement \u00e0 Caen et son match contre le <a href=\"https:\/\/actu.fr\/normandie\/caen_14118\/caen-bc-malgre-les-aleas-sofiane-briki-ne-se-fixe-pas-de-limites_63280373.html\" target=\"_blank\" rel=\"noopener\">CBC<\/a>. Les deux \u00e9quipes s\u2019affrontent <b>ce vendredi soir \u00e0 20h dans le cadre de la 5e journ\u00e9e d\u2019\u00c9lite 2.\u00a0<\/b><\/p>\n<p class=\" wall-content\">Personnalisez votre actualit\u00e9 en ajoutant vos villes et m\u00e9dias en favori avec <a href=\"https:\/\/moncompte.actu.fr\" title=\"D\u00e9couvez Mon Actu\" rel=\"nofollow noopener\" data-trk=\"{&quot;cta&quot;:{&quot;action&quot;:&quot;https:\\\/\\\/moncompte.actu.fr&quot;,&quot;category&quot;:&quot;mon compte&quot;,&quot;from&quot;:&quot;article footer&quot;,&quot;name&quot;:&quot;Mon actu&quot;,&quot;type&quot;:&quot;cta&quot;}}\" target=\"_blank\">Mon Actu<\/a>.<\/p>\n","protected":false},"excerpt":{"rendered":"Par Martin Arrot Publi\u00e9 le 10 oct. 2025 \u00e0 11h08 Que fait un bus de l\u2019AS Saint-Etienne \u00e0&hellip;\n","protected":false},"author":2,"featured_media":452473,"comment_status":"","ping_status":"","sticky":false,"template":"","format":"standard","meta":{"footnotes":""},"categories":[9653],"tags":[1111,11,8019,2430,1465,5660,1777,674,1011,27,12,25,4001,60],"class_list":{"0":"post-452472","1":"post","2":"type-post","3":"status-publish","4":"format-standard","5":"has-post-thumbnail","7":"category-saint-etienne","8":"tag-actu","9":"tag-actualites","10":"tag-association-sportive-saint-etienne-asse","11":"tag-auvergne-rhone-alpes","12":"tag-basket","13":"tag-caen-basket-calvados","14":"tag-eu","15":"tag-europe","16":"tag-fr","17":"tag-france","18":"tag-news","19":"tag-republique-francaise","20":"tag-saint-etienne","21":"tag-sports"},"share_on_mastodon":{"url":"https:\/\/pubeurope.com\/@fr\/115349843109854288","error":""},"_links":{"self":[{"href":"https:\/\/www.europesays.com\/fr\/wp-json\/wp\/v2\/posts\/452472","targetHints":{"allow":["GET"]}}],"collection":[{"href":"https:\/\/www.europesays.com\/fr\/wp-json\/wp\/v2\/posts"}],"about":[{"href":"https:\/\/www.europesays.com\/fr\/wp-json\/wp\/v2\/types\/post"}],"author":[{"embeddable":true,"href":"https:\/\/www.europesays.com\/fr\/wp-json\/wp\/v2\/users\/2"}],"replies":[{"embeddable":true,"href":"https:\/\/www.europesays.com\/fr\/wp-json\/wp\/v2\/comments?post=452472"}],"version-history":[{"count":0,"href":"https:\/\/www.europesays.com\/fr\/wp-json\/wp\/v2\/posts\/452472\/revisions"}],"wp:featuredmedia":[{"embeddable":true,"href":"https:\/\/www.europesays.com\/fr\/wp-json\/wp\/v2\/media\/452473"}],"wp:attachment":[{"href":"https:\/\/www.europesays.com\/fr\/wp-json\/wp\/v2\/media?parent=452472"}],"wp:term":[{"taxonomy":"category","embeddable":true,"href":"https:\/\/www.europesays.com\/fr\/wp-json\/wp\/v2\/categories?post=452472"},{"taxonomy":"post_tag","embeddable":true,"href":"https:\/\/www.europesays.com\/fr\/wp-json\/wp\/v2\/tags?post=452472"}],"curies":[{"name":"wp","href":"https:\/\/api.w.org\/{rel}","templated":true}]}}