{"id":452474,"date":"2025-10-10T12:21:10","date_gmt":"2025-10-10T12:21:10","guid":{"rendered":"https:\/\/www.europesays.com\/fr\/452474\/"},"modified":"2025-10-10T12:21:10","modified_gmt":"2025-10-10T12:21:10","slug":"presbyday-2025-a-nancy-comment-lia-transforme-la-chirurgie-de-la-presbytie","status":"publish","type":"post","link":"https:\/\/www.europesays.com\/fr\/452474\/","title":{"rendered":"PresbyDay 2025 \u00e0 Nancy : comment l\u2019IA transforme\u00a0la chirurgie de la presbytie"},"content":{"rendered":"<p>On se croirait dans l\u2019antre d\u2019un physicien. Dans son bureau du centre de Nancy, de vieilles planches anatomiques tapissent les murs, des maquettes d\u2019\u0153il s\u2019alignent sur une \u00e9tag\u00e8re et, dans une vitrine, d\u2019anciens instruments rappellent l\u2019histoire de la sp\u00e9cialit\u00e9. Sur un grand paperboard, s\u2019entrem\u00ealent des sch\u00e9mas, des formules complexes et des calculs griffonn\u00e9s \u00e0 la h\u00e2te. \u00ab\u00a0J\u2019aime chercher, comprendre, remettre en cause ce qu\u2019on m\u2019a appris\u00a0\u00bb, sourit le Dr Fr\u00e9d\u00e9ric Hehn, d\u00e9bit rapide et gestes pr\u00e9cis. Depuis plus de trente ans, ce chirurgien ophtalmologiste s\u2019est impos\u00e9 comme l\u2019un des sp\u00e9cialistes fran\u00e7ais les plus investis dans la presbytie, ce trouble visuel qui touche plus de 40\u00a0millions d\u2019Europ\u00e9ens. \u00ab\u00a0La presbytie n\u2019est pas une maladie. Mais c\u2019est une g\u00eane massive, quotidienne. Et elle est trop souvent n\u00e9glig\u00e9e\u00a0\u00bb, insiste-t-il.<\/p>\n<p>Une d\u00e9couverte n\u00e9e du hasard<\/p>\n<p>Son parcours bascule \u00e0 la fin des ann\u00e9es 1990. En op\u00e9rant un patient hyperm\u00e9trope, il le corrige uniquement pour la vision de loin. Le lendemain, le patient lui confie\u00a0: \u00ab\u00a0Docteur, je vois tout, de loin comme de pr\u00e8s.\u00a0\u00bb Fr\u00e9d\u00e9ric Hehn est stup\u00e9fait. \u00ab\u00a0Pour moi, c\u2019\u00e9tait impossible. \u00c7a contredisait tout ce qu\u2019on m\u2019avait appris. Alors j\u2019ai not\u00e9 \u00e7a dans mon carnet.\u00a0\u00bb De cette \u00ab\u00a0singularit\u00e9\u00a0\u00bb na\u00eet une recherche acharn\u00e9e, qui aboutit quinze ans plus tard \u00e0 une technique brevet\u00e9e\u00a0: l\u2019Isovision. Contrairement \u00e0 la monovision, qui corrige un \u0153il pour le loin et l\u2019autre pour le pr\u00e8s, IsoVision traite les deux yeux de la m\u00eame mani\u00e8re, offrant une vision naturelle \u00e0 toutes les distances. \u00ab\u00a0J\u2019ai invent\u00e9 \u00e7a, et je l\u2019ai brevet\u00e9. Aujourd\u2019hui, je veux le partager.\u00a0\u00bb \u00c0 cette d\u00e9couverte s\u2019ajoute la th\u00e9orie de l\u2019optique par dilution, elle aussi prot\u00e9g\u00e9e par brevet. Ses applications d\u00e9passent l\u2019ophtalmologie. \u00ab\u00a0Avec cette approche, la lumi\u00e8re n\u2019est plus baveuse. Imaginez un t\u00e9lescope comme le James Webb \u00e9quip\u00e9 de \u00e7a\u00a0: il verrait encore plus loin\u00a0\u00bb, s\u2019enthousiasme-t-il, dessin \u00e0 l\u2019appui sur son paperboard.<\/p>\n<p>PresbyDay, carrefour mondial de l\u2019innovation<\/p>\n<p>C\u2019est pour confronter ses id\u00e9es, mais surtout stimuler la recherche collective, que le Dr Hehn a cr\u00e9\u00e9 en 2014 le congr\u00e8s PresbyDay. L\u2019\u00e9dition 2025, organis\u00e9e au Centre Prouv\u00e9, sera consacr\u00e9e aux grands enjeux de demain\u00a0: l\u2019intelligence artificielle dans le choix des implants, les casques de simulation visuelle, les logiciels pr\u00e9dictifs et les nouvelles techniques mini-invasives. L\u2019intelligence artificielle, d\u00e9j\u00e0 pr\u00e9sente dans de nombreux domaines m\u00e9dicaux, bouleverse aussi l\u2019ophtalmologie. Ses apports concernent trois grands champs. D\u2019abord, le diagnostic. En quelques secondes, des algorithmes analysent des images de l\u2019\u0153il et d\u00e9tectent des anomalies invisibles \u00e0 l\u2019\u0153il nu. L\u2019IA est aujourd\u2019hui capable de rep\u00e9rer pr\u00e9cocement certaines pathologies comme la r\u00e9tinopathie diab\u00e9tique, le glaucome ou la d\u00e9g\u00e9n\u00e9rescence maculaire li\u00e9e \u00e0 l\u2019\u00e2ge. Ensuite, la planification op\u00e9ratoire. Les logiciels nourris par des milliers de donn\u00e9es biom\u00e9triques peuvent simuler la vision future du patient selon les diff\u00e9rents gestes chirurgicaux envisag\u00e9s. \u00ab\u00a0L\u2019IA nous aide \u00e0 personnaliser l\u2019op\u00e9ration, explique le Dr Hehn. Elle calcule les effets possibles d\u2019un implant, anticipe les r\u00e9actions de l\u2019\u0153il et r\u00e9duit les marges d\u2019erreur.\u00a0\u00bb<\/p>\n<blockquote class=\"wp-block-quote is-layout-flow wp-block-quote-is-layout-flow\">\n<p>\u00ab\u00a0L\u2019intelligence artificielle anticipe les r\u00e9actions de l\u2019\u0153il et r\u00e9duit les marges d\u2019erreur.\u00a0\u00bb<\/p>\n<p>Dr Fr\u00e9d\u00e9ric Hehn.<\/p><\/blockquote>\n<p>Enfin, le suivi post-op\u00e9ratoire. Gr\u00e2ce aux applications connect\u00e9es et aux outils d\u2019analyse pr\u00e9dictive, l\u2019IA permet de mieux \u00e9valuer les suites d\u2019une chirurgie et d\u2019adapter le traitement si n\u00e9cessaire. L\u2019ophtalmologie devient ainsi plus pr\u00e9cise, plus personnalis\u00e9e, et mieux adapt\u00e9e \u00e0 chaque profil visuel. \u00ab\u00a0L\u2019IA est d\u00e9j\u00e0 l\u00e0, rappelle le Dr Hehn. Elle ne remplacera pas l\u2019exp\u00e9rience du chirurgien, mais elle transforme nos pratiques. Elle doit rester un outil d\u2019aide \u00e0 la d\u00e9cision, au service de la s\u00e9curit\u00e9 et du confort du patient.\u00a0\u00bb<\/p>\n","protected":false},"excerpt":{"rendered":"On se croirait dans l\u2019antre d\u2019un physicien. Dans son bureau du centre de Nancy, de vieilles planches anatomiques&hellip;\n","protected":false},"author":2,"featured_media":452475,"comment_status":"","ping_status":"","sticky":false,"template":"","format":"standard","meta":{"footnotes":""},"categories":[9635],"tags":[1111,11,1777,674,1011,27,775,1702,12,25],"class_list":{"0":"post-452474","1":"post","2":"type-post","3":"status-publish","4":"format-standard","5":"has-post-thumbnail","7":"category-nancy","8":"tag-actu","9":"tag-actualites","10":"tag-eu","11":"tag-europe","12":"tag-fr","13":"tag-france","14":"tag-grand-est","15":"tag-nancy","16":"tag-news","17":"tag-republique-francaise"},"share_on_mastodon":{"url":"https:\/\/pubeurope.com\/@fr\/115349847114551319","error":""},"_links":{"self":[{"href":"https:\/\/www.europesays.com\/fr\/wp-json\/wp\/v2\/posts\/452474","targetHints":{"allow":["GET"]}}],"collection":[{"href":"https:\/\/www.europesays.com\/fr\/wp-json\/wp\/v2\/posts"}],"about":[{"href":"https:\/\/www.europesays.com\/fr\/wp-json\/wp\/v2\/types\/post"}],"author":[{"embeddable":true,"href":"https:\/\/www.europesays.com\/fr\/wp-json\/wp\/v2\/users\/2"}],"replies":[{"embeddable":true,"href":"https:\/\/www.europesays.com\/fr\/wp-json\/wp\/v2\/comments?post=452474"}],"version-history":[{"count":0,"href":"https:\/\/www.europesays.com\/fr\/wp-json\/wp\/v2\/posts\/452474\/revisions"}],"wp:featuredmedia":[{"embeddable":true,"href":"https:\/\/www.europesays.com\/fr\/wp-json\/wp\/v2\/media\/452475"}],"wp:attachment":[{"href":"https:\/\/www.europesays.com\/fr\/wp-json\/wp\/v2\/media?parent=452474"}],"wp:term":[{"taxonomy":"category","embeddable":true,"href":"https:\/\/www.europesays.com\/fr\/wp-json\/wp\/v2\/categories?post=452474"},{"taxonomy":"post_tag","embeddable":true,"href":"https:\/\/www.europesays.com\/fr\/wp-json\/wp\/v2\/tags?post=452474"}],"curies":[{"name":"wp","href":"https:\/\/api.w.org\/{rel}","templated":true}]}}