{"id":452476,"date":"2025-10-10T12:22:15","date_gmt":"2025-10-10T12:22:15","guid":{"rendered":"https:\/\/www.europesays.com\/fr\/452476\/"},"modified":"2025-10-10T12:22:15","modified_gmt":"2025-10-10T12:22:15","slug":"nancy-seichamps-a-bron-pour-lancer-sa-saison","status":"publish","type":"post","link":"https:\/\/www.europesays.com\/fr\/452476\/","title":{"rendered":"Nancy-Seichamps \u00e0 Bron pour lancer sa saison"},"content":{"rendered":"<p>Bron &#8211; Nancy-Seichamps<\/p>\n<p>Ce dimanche, 15h15<\/p>\n<p>Plus on est de fous, plus on rit. Cet adage pourrait parfaitement coller \u00e0 la section f\u00e9minine du NSR dont l\u2019\u00e9quipe de F\u00e9d\u00e9rale 1 d\u00e9bute son championnat ce dimanche, en banlieue lyonnaise. Avec un petit b\u00e9mol, cependant, puisque ce retour \u00e0 la comp\u00e9tition se fera sans Emilie Leclerc, qui va d\u00e9couvrir le championnat \u00ab R\u00e9serve Elite \u00bb gr\u00e2ce \u00e0 une double licence avec l\u2019AC Bobigny 93, et sans Am\u00e9lie Tenouche qui prend, quant \u00e0 elle, son envol pour le Stade rennais.<\/p>\n<p>Mais ces derni\u00e8res seront vite \u00ab\u00a0remplac\u00e9es\u00a0\u00bb gr\u00e2ce au travail de formation effectu\u00e9 au sein de le section f\u00e9minine, avec l\u2019arriv\u00e9e de cadettes et de jeunes joueuses qui vont avoir l\u2019opportunit\u00e9 de d\u00e9couvrir ce championnat. \u00ab\u00a0L\u2019ossature n\u2019a pas chang\u00e9, explique Laurent Monestier. Les jeunes vont venir bonifier le jeu et il y a beaucoup d\u2019entraide. Elles sont toutes investies et travaillent d\u2019arrache-pied.\u00a0\u00bb<\/p>\n<p>Ce contenu est bloqu\u00e9 car vous n&rsquo;avez pas accept\u00e9 les cookies et autres traceurs.<\/p>\n<p>En cliquant sur \u00ab J\u2019accepte \u00bb, les cookies et autres traceurs seront d\u00e9pos\u00e9s et vous pourrez visualiser les contenus  (<a href=\"\" class=\"consentModule_policy\" target=\"_blank\" title=\"Consulter la politique de protection des donn\u00e9es du fournisseur\">plus d&rsquo;informations<\/a>).<\/p>\n<p>En cliquant sur \u00ab J\u2019accepte tous les cookies \u00bb, vous autorisez des d\u00e9p\u00f4ts de cookies et autres traceurs pour le stockage de vos donn\u00e9es sur nos sites et applications \u00e0 des fins de personnalisation et de ciblage publicitaire.<\/p>\n<p class=\"consentModule_secondaryText\">Vous gardez la possibilit\u00e9 de retirer votre consentement \u00e0 tout moment en consultant notre <a href=\"https:\/\/www.estrepublicain.fr\/protection-des-donnees\" target=\"_blank\" title=\"Consulter notre politique de protection des donn\u00e9es\" rel=\"noopener\">politique de protection des donn\u00e9es<\/a>. <br \/>&#13;<br \/>\n            <a href=\"https:\/\/www.estrepublicain.fr\/sport\/2025\/10\/10\/javascript:Didomi.notice.show()\" class=\"consentModule_cmp\" target=\"_blank\" rel=\"noopener\">G\u00e9rer mes choix<\/a>&#13;\n        <\/p>\n<p>&#13;<br \/>\n                        J&rsquo;accepte&#13;<br \/>\n            J&rsquo;accepte tous les cookies&#13;\n        <\/p>\n<p>  Un groupe bien \u00e9largi<\/p>\n<p>Pas question de ne viser que le maintien, largement \u00e0 la port\u00e9e des Nanc\u00e9o-Seichanaises. Le but est de nourrir des ambitions plus \u00e9lev\u00e9es. \u00ab\u00a0Il faut qu\u2019on passe un cap, c\u2019est certain. Il faut surtout qu\u2019on soit capable d\u2019apprivoiser ces paliers\u00a0\u00bb, poursuit l\u2019entra\u00eeneur du NSR. <\/p>\n<p>Voil\u00e0 pourquoi la masse de joueuses a grossi au NSR avec comme indispensable nouveaut\u00e9 la cr\u00e9ation d\u2019une F\u00e9d\u00e9rale 2. \u00ab\u00a0On r\u00e9cup\u00e8re souvent des filles venues des environs et, ici, on leur offre la chance d\u2019\u00e9voluer au niveau f\u00e9d\u00e9ral, donc elles restent avec nous.\u00a0\u00bb Entra\u00een\u00e9e par Antoine Santos et Yannick Courteaux, cette \u00e9quipe sera un vrai r\u00e9servoir aussi pour la F\u00e9d\u00e9rale 1.<\/p>\n<p>D\u2019ailleurs, cette derni\u00e8re est exempte ce week-end et certaines joueuses pourraient peut-\u00eatre en profiter pour se joindre au d\u00e9placement \u00e0 Bron. \u00ab\u00a0On s\u2019entra\u00eene tous en m\u00eame temps et on divise ensuite les ateliers en groupe s\u00e9par\u00e9. Mais aujourd\u2019hui on a un vrai groupe \u00e9largi de 40 joueuses.\u00a0\u00bb De quoi aborder cette saison 2025-2026 avec optimisme. <\/p>\n","protected":false},"excerpt":{"rendered":"Bron &#8211; Nancy-Seichamps Ce dimanche, 15h15 Plus on est de fous, plus on rit. Cet adage pourrait parfaitement&hellip;\n","protected":false},"author":2,"featured_media":452477,"comment_status":"","ping_status":"","sticky":false,"template":"","format":"standard","meta":{"footnotes":""},"categories":[9635],"tags":[1111,11,1704,1777,674,107,1701,1011,27,775,1702,1703,12,25,479,13654,517,1700],"class_list":{"0":"post-452476","1":"post","2":"type-post","3":"status-publish","4":"format-standard","5":"has-post-thumbnail","7":"category-nancy","8":"tag-actu","9":"tag-actualites","10":"tag-edition-nancy-et-agglomeration","11":"tag-eu","12":"tag-europe","13":"tag-fil-info","14":"tag-fil-info-sport","15":"tag-fr","16":"tag-france","17":"tag-grand-est","18":"tag-nancy","19":"tag-nancy-ville-54b","20":"tag-news","21":"tag-republique-francaise","22":"tag-rugby","23":"tag-seichamps","24":"tag-sport","25":"tag-sport-lorrain"},"share_on_mastodon":{"url":"https:\/\/pubeurope.com\/@fr\/115349850965173867","error":""},"_links":{"self":[{"href":"https:\/\/www.europesays.com\/fr\/wp-json\/wp\/v2\/posts\/452476","targetHints":{"allow":["GET"]}}],"collection":[{"href":"https:\/\/www.europesays.com\/fr\/wp-json\/wp\/v2\/posts"}],"about":[{"href":"https:\/\/www.europesays.com\/fr\/wp-json\/wp\/v2\/types\/post"}],"author":[{"embeddable":true,"href":"https:\/\/www.europesays.com\/fr\/wp-json\/wp\/v2\/users\/2"}],"replies":[{"embeddable":true,"href":"https:\/\/www.europesays.com\/fr\/wp-json\/wp\/v2\/comments?post=452476"}],"version-history":[{"count":0,"href":"https:\/\/www.europesays.com\/fr\/wp-json\/wp\/v2\/posts\/452476\/revisions"}],"wp:featuredmedia":[{"embeddable":true,"href":"https:\/\/www.europesays.com\/fr\/wp-json\/wp\/v2\/media\/452477"}],"wp:attachment":[{"href":"https:\/\/www.europesays.com\/fr\/wp-json\/wp\/v2\/media?parent=452476"}],"wp:term":[{"taxonomy":"category","embeddable":true,"href":"https:\/\/www.europesays.com\/fr\/wp-json\/wp\/v2\/categories?post=452476"},{"taxonomy":"post_tag","embeddable":true,"href":"https:\/\/www.europesays.com\/fr\/wp-json\/wp\/v2\/tags?post=452476"}],"curies":[{"name":"wp","href":"https:\/\/api.w.org\/{rel}","templated":true}]}}