{"id":452486,"date":"2025-10-10T12:28:16","date_gmt":"2025-10-10T12:28:16","guid":{"rendered":"https:\/\/www.europesays.com\/fr\/452486\/"},"modified":"2025-10-10T12:28:16","modified_gmt":"2025-10-10T12:28:16","slug":"a-rouen-une-enquete-ouverte-apres-la-degradation-dune-bache-representant-les-drapeaux-israelien-et-palestinien","status":"publish","type":"post","link":"https:\/\/www.europesays.com\/fr\/452486\/","title":{"rendered":"\u00c0 Rouen, une enqu\u00eate ouverte apr\u00e8s la d\u00e9gradation d&rsquo;une b\u00e2che repr\u00e9sentant les drapeaux isra\u00e9lien et palestinien"},"content":{"rendered":"<p>\n    La municipalit\u00e9 a confirm\u00e9 ce vendredi que la b\u00e2che install\u00e9e depuis 2023 a \u00e9t\u00e9 d\u00e9grad\u00e9e par \u00abun individu qui a grimp\u00e9 le fronton de l\u2019H\u00f4tel de ville dans la nuit de mercredi \u00e0 jeudi et a coll\u00e9 des lettres\u00bb sur cette derni\u00e8re.<\/p>\n<p class=\"fig-paragraph\">Une enqu\u00eate a \u00e9t\u00e9 ouverte apr\u00e8s que la banderole appos\u00e9e sur la fa\u00e7ade de la mairie de\u00a0<a href=\"http:\/\/www.lefigaro.fr\/culture\/le-maire-de-rouen-interdit-un-spectacle-de-dieudonne-qui-lui-donne-rendez-vous-au-tribunal-20250319\" target=\"_blank\" data-fig-type=\"NewsFlash\" rel=\"noopener\" data-gtm-custom-categorie=\"navigation\" data-gtm-custom-action=\"crossclick\" data-gtm-custom-label=\"Contextuel\" data-gtm-event=\"customEventSPE\" data-fig-domain=\"LEFIGARO\">Rouen<\/a>\u00a0sur laquelle sont repr\u00e9sent\u00e9s<a href=\"http:\/\/www.lefigaro.fr\/actualite-france\/paris-les-drapeaux-palestinien-et-israelien-projetes-sur-la-tour-eiffel-20250921\" target=\"_blank\" data-fig-type=\"NewsFlash\" rel=\"noopener\" data-gtm-custom-categorie=\"navigation\" data-gtm-custom-action=\"crossclick\" data-gtm-custom-label=\"Contextuel\" data-gtm-event=\"customEventSPE\" data-fig-domain=\"LEFIGARO\">\u00a0les drapeaux isra\u00e9lien et palestinien\u00a0<\/a>a \u00e9t\u00e9 d\u00e9grad\u00e9e, a-t-on appris vendredi aupr\u00e8s de sources concordantes. \u00abUn individu a grimp\u00e9 le fronton de l&rsquo;H\u00f4tel de Ville dans la nuit de mercredi \u00e0 jeudi et a coll\u00e9 des lettres sur la b\u00e2che\u00bb, a indiqu\u00e9 \u00e0 l&rsquo;AFP la municipalit\u00e9, confirmant une information de France 3.<\/p>\n<p class=\"fig-paragraph\">Ainsi, les mots \u00abNE VEUX PAS\u00bb ont \u00e9t\u00e9 inscrits entre le drapeau isra\u00e9lien et le mot \u201cpaix\u201d, \u00abpour indiquer qu&rsquo;Isra\u00ebl ne veut pas la paix\u00bb, a ajout\u00e9 la m\u00eame source, en pr\u00e9cisant que la banderole est situ\u00e9e \u00e0 environ quatre m\u00e8tres du sol. Cette b\u00e2che, en place \u00e0 Rouen depuis novembre 2023, repr\u00e9sente les deux drapeaux avec le mot \u00abPaix\u00bb et une colombe entre eux.<\/p>\n<p>                                    <a class=\"fig-a11y-skip a11y-hidden\" href=\"#fig-a11y-skip-main-inarticle\"><br \/>\n        Passer la publicit\u00e9<br \/>\n    <\/a><\/p>\n<p>Une plainte d\u00e9pos\u00e9e par la mairie<\/p>\n<p class=\"fig-paragraph\">La mairie a dit d\u00e9poser plainte vendredi et avoir \u00abproc\u00e9d\u00e9 au retrait des lettres qui n&rsquo;apparaissent plus sur la b\u00e2che\u00bb. Une enqu\u00eate pour \u00abd\u00e9gradation volontaire de bien public\u00bb a \u00e9t\u00e9 ouverte, selon une source polici\u00e8re.<\/p>\n","protected":false},"excerpt":{"rendered":"La municipalit\u00e9 a confirm\u00e9 ce vendredi que la b\u00e2che install\u00e9e depuis 2023 a \u00e9t\u00e9 d\u00e9grad\u00e9e par \u00abun individu&hellip;\n","protected":false},"author":2,"featured_media":452487,"comment_status":"","ping_status":"","sticky":false,"template":"","format":"standard","meta":{"footnotes":""},"categories":[9587],"tags":[1111,11,3259,1777,674,1011,27,12,5161,25,9590],"class_list":{"0":"post-452486","1":"post","2":"type-post","3":"status-publish","4":"format-standard","5":"has-post-thumbnail","7":"category-rouen","8":"tag-actu","9":"tag-actualites","10":"tag-conflit-israelo-palestinien","11":"tag-eu","12":"tag-europe","13":"tag-fr","14":"tag-france","15":"tag-news","16":"tag-normandie","17":"tag-republique-francaise","18":"tag-rouen"},"share_on_mastodon":{"url":"https:\/\/pubeurope.com\/@fr\/115349874533111977","error":""},"_links":{"self":[{"href":"https:\/\/www.europesays.com\/fr\/wp-json\/wp\/v2\/posts\/452486","targetHints":{"allow":["GET"]}}],"collection":[{"href":"https:\/\/www.europesays.com\/fr\/wp-json\/wp\/v2\/posts"}],"about":[{"href":"https:\/\/www.europesays.com\/fr\/wp-json\/wp\/v2\/types\/post"}],"author":[{"embeddable":true,"href":"https:\/\/www.europesays.com\/fr\/wp-json\/wp\/v2\/users\/2"}],"replies":[{"embeddable":true,"href":"https:\/\/www.europesays.com\/fr\/wp-json\/wp\/v2\/comments?post=452486"}],"version-history":[{"count":0,"href":"https:\/\/www.europesays.com\/fr\/wp-json\/wp\/v2\/posts\/452486\/revisions"}],"wp:featuredmedia":[{"embeddable":true,"href":"https:\/\/www.europesays.com\/fr\/wp-json\/wp\/v2\/media\/452487"}],"wp:attachment":[{"href":"https:\/\/www.europesays.com\/fr\/wp-json\/wp\/v2\/media?parent=452486"}],"wp:term":[{"taxonomy":"category","embeddable":true,"href":"https:\/\/www.europesays.com\/fr\/wp-json\/wp\/v2\/categories?post=452486"},{"taxonomy":"post_tag","embeddable":true,"href":"https:\/\/www.europesays.com\/fr\/wp-json\/wp\/v2\/tags?post=452486"}],"curies":[{"name":"wp","href":"https:\/\/api.w.org\/{rel}","templated":true}]}}