{"id":452492,"date":"2025-10-10T12:31:13","date_gmt":"2025-10-10T12:31:13","guid":{"rendered":"https:\/\/www.europesays.com\/fr\/452492\/"},"modified":"2025-10-10T12:31:13","modified_gmt":"2025-10-10T12:31:13","slug":"jai-cru-que-jallais-mourir-a-rennes-le-proces-du-zoo-de-lenfer-oppose-gardiens-et-fans-durbex","status":"publish","type":"post","link":"https:\/\/www.europesays.com\/fr\/452492\/","title":{"rendered":"\u00ab\u00a0J\u2019ai cru que j\u2019allais mourir\u00a0\u00bb\u00a0: \u00e0 Rennes, le proc\u00e8s du \u00ab\u00a0zoo de l\u2019enfer\u00a0\u00bb oppose gardiens et fans d\u2019urbex"},"content":{"rendered":"<p>\u00c0 l\u2019origine, ce devait \u00eatre une simple balade du dimanche pour Emmanuel et sa famille. Certes, la destination \u00e9tait un peu \u00e9trange : l\u2019ancien Zooloisirs de Qu\u00e9briac (35), ferm\u00e9 depuis des ann\u00e9es et dont les cages vides rouillent en silence dans l\u2019herbe folle. Une propri\u00e9t\u00e9 priv\u00e9e, bard\u00e9e de pancartes avertissant d\u2019un \u00ab danger \u00bb quiconque entrerait sans autorisation.<\/p>\n<p>Mais ce vieux zoo situ\u00e9 pr\u00e8s de Combourg est aussi pris\u00e9 des pratiquants de l\u2019urbex, cette discipline qui consiste \u00e0 visiter clandestinement des endroits d\u00e9laiss\u00e9s. La plupart du temps, les curieux font quelques photos de ruines et ressortent en n\u2019emportant qu\u2019un peu de poussi\u00e8re et le frisson de l\u2019interdit.<\/p>\n<p>L\u00e2cher de chiens<\/p>\n<p>Emmanuel, la quarantaine tranquille, pensait le zoo d\u00e9finitivement abandonn\u00e9, et c\u2019est pour \u00e7a qu\u2019il avait emmen\u00e9 son fils de 13 ans et son cousin avec lui ce 6 f\u00e9vrier 2022. Mais rien ne s\u2019est pass\u00e9 comme pr\u00e9vu. Quand ils p\u00e9n\u00e8trent sur l\u2019immense terrain par un trou du grillage, ils croisent un homme de 20 ans qui les interpelle amicalement. \u00ab Vous faites de l\u2019urbex ? \u00bb, demande l\u2019inconnu aux cheveux courts et au pantalon de treillis. Emmanuel croit tomber sur un autre \u00ab urbexeur \u00bb. Mais le nouveau venu change de physionomie. Il brandit un pistolet et crie : \u00ab Police ! Mettez-vous au sol ! \u00bb.<\/p>\n<p>En r\u00e9alit\u00e9, il ne s\u2019agit pas d\u2019un policier, mais du fils du gardien. Le voil\u00e0 d\u2019ailleurs rejoint par son p\u00e8re, un gaillard au physique carr\u00e9. Lui aussi est arm\u00e9 et tire en direction du petit groupe. Dans la confusion, Emmanuel est mis \u00e0 terre, une arme sur la tempe. Des pieds \u00e9crasent son dos, le tout sous les yeux de son ado de 13 ans.<\/p>\n<p>La famille, fouill\u00e9e et rudoy\u00e9e, subit un simulacre d\u2019interrogatoire. Les deux hommes les menacent de porter plainte s\u2019ils ne postent pas un message sur une page Facebook d\u2019urbex pour dissuader d\u2019autres visiteurs potentiels.<\/p>\n<p>Une dizaine de victimes<\/p>\n<p>Ce jeudi 9 octobre, \u00e0 la Cit\u00e9 judiciaire de Rennes, ils sont une dizaine de victimes \u00e0 se succ\u00e9der, racontant les m\u00eames brimades, subies \u00e0 des dates diff\u00e9rentes alors qu\u2019elles visitaient le zoo en friche. Leur profil contraste avec l\u2019image qu\u2019on peut se faire des urbexeurs. Sur le banc se serrent des quadras ras\u00e9s de frais, plut\u00f4t du genre \u00e0 chercher des champignons que des probl\u00e8mes. Ils sont parfois accompagn\u00e9s de leurs enfants, eux aussi victimes et pour certains mineurs au moment des faits.<\/p>\n<p>Comme ces deux s\u0153urs, dont l\u2019une fond en larmes \u00e0 la barre quand elle dit avoir \u00e9t\u00e9 surprise par les occupants de l\u2019ex zoo qui ont l\u00e2ch\u00e9 sur elle une demi-douzaine de malinois &#8211; les locataires g\u00e9raient un \u00e9levage sur place. Sa cadette prend le relais. Dans sa d\u00e9position \u00e0 la gendarmerie, elle a d\u00e9crit les tirs en ces mots : \u00ab J\u2019ai cru que j\u2019allais mourir. Quand le coup de feu a \u00e9t\u00e9 tir\u00e9, j\u2019ai tout de suite pens\u00e9 \u00e0 ma s\u0153ur et \u00e0 mon p\u00e8re \u00bb. Les jeunes femmes se sont vues prescrire une psychoth\u00e9rapie.<\/p>\n<p>Dans son num\u00e9ro de mars 2022, le Mensuel de Rennes avait relat\u00e9 la fin chaotique du \u00ab zoo de l\u2019enfer \u00bb, frapp\u00e9 d\u2019interdiction par les services v\u00e9t\u00e9rinaires, puis plac\u00e9 en liquidation judiciaire, ses b\u00eates abandonn\u00e9es ou \u00e9vacu\u00e9es \u00e0 la h\u00e2te. Le lieu avait \u00e9t\u00e9 longtemps squatt\u00e9 avant d\u2019\u00eatre occup\u00e9 (l\u00e9galement) par l\u2019\u00e9levage de chiens.<\/p>\n<p>\u00c9l\u00e8ve policier<\/p>\n<p>Des deux accus\u00e9s, un seul est pr\u00e9sent dans la salle : le p\u00e8re, 55 ans, polo rose et doudoune bleue. Il parle peu, bri\u00e8vement, et conteste tous les faits reproch\u00e9s.<\/p>\n<p>Les arrestations muscl\u00e9es ? \u00ab Je n\u2019ai pas fait \u00e7a. \u00bb Il ne faisait qu\u2019appliquer, dit-il, les consignes du propri\u00e9taire du terrain : \u00ab Aller chercher les intrus et appeler les gendarmes. Je ne vais pas me battre contre eux, je suis tout seul ! \u00bb Quand il se rassied, les \u00e9paules lourdes, il garde la main nerveusement plaqu\u00e9e contre son bouc poivre et sel. Plac\u00e9 face aux parties civiles, il passe l\u2019audience \u00e0 fixer le sol.<\/p>\n<p>L\u2019homme n\u2019a qu\u2019une seule mention \u00e0 son casier, une conduite sans permis en 2014. Il a \u00e9t\u00e9 embauch\u00e9 en 2021 pour surveiller le site, quelques heures les samedis. Le reste du temps, cet ancien employ\u00e9 de mairie vit d\u2019une allocation aux adultes handicap\u00e9s.<\/p>\n<p>\u00ab Make America great again \u00bb<\/p>\n<p>Le fils du gardien est le grand absent de ce proc\u00e8s. Son p\u00e8re jure : le petit ne l\u2019a jamais second\u00e9 quand il surprenait les visiteurs impromptus, rep\u00e9r\u00e9s gr\u00e2ce aux cam\u00e9ras de surveillance qu\u2019il cachait dans les arbres. S\u2019il ne s\u2019est pas pr\u00e9sent\u00e9, c\u2019est qu\u2019il avait des examens \u00e0 passer le jour m\u00eame. Le jeune homme, 24 ans aujourd\u2019hui, est en effet\u2026 \u00c9l\u00e8ve policier, apr\u00e8s une tentative infructueuse dans une \u00e9cole de gendarmerie et une formation d\u2019agent de s\u00e9curit\u00e9. Les juges prennent froidement le mot d\u2019excuse. \u00ab Il ne voulait pas expliquer \u00e0 son \u00e9cole qu\u2019il \u00e9tait convoqu\u00e9 au tribunal correctionnel ? \u00bb<\/p>\n<p>Une perquisition \u00e0 l\u2019ancien zoo a permis aux gendarmes de trouver des armes, dont une carabine 22 long rifle et un Browning 9 mm qui n\u2019a pas \u00e9t\u00e9 d\u00e9clar\u00e9. \u00ab C\u2019\u00e9tait pour entra\u00eener les chiens. Pendant 100 % des intrusions, je venais les mains dans les poches. \u00bb Le p\u00e8re partage sa passion des armes \u00e0 feu avec son fils, qui pose sur les r\u00e9seaux sociaux coiff\u00e9 d\u2019un chapeau de cow-boy et affiche la devise de Donald Trump : \u00ab Make America Great Again \u00bb.<\/p>\n<p>\u00ab On n\u2019a pas assez d\u2019\u00e9l\u00e9ments ! \u00bb<\/p>\n<p>En retranchant son fils de l\u2019\u00e9quation, le pr\u00e9venu sait qu\u2019il contredit l\u2019int\u00e9gralit\u00e9 des t\u00e9moignages port\u00e9s contre eux. Une des magistrates fait mine de s\u2019interroger : \u00ab C\u2019est tr\u00e8s curieux, pourquoi les victimes inventeraient cela ? \u00bb \u00ab J\u2019ai pas d\u2019explication. \u00bb Les blessures constat\u00e9es ? \u00ab Quand on saute un portail de 2 m avec des ronces en dessous, \u00e7a se passe pas bien\u2026 \u00bb L\u2019homme ne semble pas comprendre pour quelle raison c\u2019est lui qui est sur le banc des accus\u00e9s. \u00ab Tous ces gens sont en faute ! \u00bb<\/p>\n<p>Aucune des parties civiles ne le conteste : elles n\u2019avaient pas \u00e0 p\u00e9n\u00e9trer dans un terrain priv\u00e9, quand bien m\u00eame elles n\u2019ont rien d\u00e9grad\u00e9. Mais, note la juge, \u00ab \u00e7a n\u2019autorise pas \u00e0 commettre les faits qu\u2019on vous reproche. Vous n\u2019\u00eates pas policier, et votre fils pas encore ! \u00bb<\/p>\n<p>L\u2019avocat de la d\u00e9fense, Me Malo Terrien, cherche des incoh\u00e9rences dans les discours et pointe le manque de preuves. \u00ab On ne peut pas exclure, sans parler de complot, que ces personnes ont eu connaissance des t\u00e9moignages des autres sur les r\u00e9seaux sociaux. Qui dit vrai ? Qui dit faux ? On n\u2019a pas assez d\u2019\u00e9l\u00e9ments ! \u00bb<\/p>\n<p>Prison avec sursis<\/p>\n<p>Brandissant des photos de panneaux d\u2019interdiction d\u2019entrer, il ajoute : \u00ab Les faits reproch\u00e9s \u00e0 Monsieur ont pour gen\u00e8se un comportement r\u00e9prim\u00e9 par la loi p\u00e9nale. Les urbexeurs ont le go\u00fbt du risque, ils recherchent un sentiment de peur, ils ne peuvent pas \u00eatre surpris par ce genre de choses. \u00bb<\/p>\n<p>Le tribunal condamne les deux hommes \u00e0 12 mois de prison avec sursis et obligation de d\u00e9dommager les victimes. Il leur est d\u00e9fendu de d\u00e9tenir ou de porter une arme soumise \u00e0 autorisation, pendant trois ans. Le fils absent se voit interdit d\u2019exercer une fonction publique pour deux ans. Dont le m\u00e9tier de policier. Vo\u00fbt\u00e9, le gardien serre sa casquette entre ses doigts.<\/p>\n","protected":false},"excerpt":{"rendered":"\u00c0 l\u2019origine, ce devait \u00eatre une simple balade du dimanche pour Emmanuel et sa famille. Certes, la destination&hellip;\n","protected":false},"author":2,"featured_media":452493,"comment_status":"","ping_status":"","sticky":false,"template":"","format":"standard","meta":{"footnotes":""},"categories":[2821],"tags":[1111,11,829,765,1777,674,118,3383,1011,27,848,303,12,584,25],"class_list":{"0":"post-452492","1":"post","2":"type-post","3":"status-publish","4":"format-standard","5":"has-post-thumbnail","7":"category-rennes","8":"tag-actu","9":"tag-actualites","10":"tag-bretagne","11":"tag-en-continu","12":"tag-eu","13":"tag-europe","14":"tag-faits-divers","15":"tag-faits-divers-a-rennes","16":"tag-fr","17":"tag-france","18":"tag-ille-et-vilaine","19":"tag-justice","20":"tag-news","21":"tag-rennes","22":"tag-republique-francaise"},"share_on_mastodon":{"url":"https:\/\/pubeurope.com\/@fr\/115349886322816487","error":""},"_links":{"self":[{"href":"https:\/\/www.europesays.com\/fr\/wp-json\/wp\/v2\/posts\/452492","targetHints":{"allow":["GET"]}}],"collection":[{"href":"https:\/\/www.europesays.com\/fr\/wp-json\/wp\/v2\/posts"}],"about":[{"href":"https:\/\/www.europesays.com\/fr\/wp-json\/wp\/v2\/types\/post"}],"author":[{"embeddable":true,"href":"https:\/\/www.europesays.com\/fr\/wp-json\/wp\/v2\/users\/2"}],"replies":[{"embeddable":true,"href":"https:\/\/www.europesays.com\/fr\/wp-json\/wp\/v2\/comments?post=452492"}],"version-history":[{"count":0,"href":"https:\/\/www.europesays.com\/fr\/wp-json\/wp\/v2\/posts\/452492\/revisions"}],"wp:featuredmedia":[{"embeddable":true,"href":"https:\/\/www.europesays.com\/fr\/wp-json\/wp\/v2\/media\/452493"}],"wp:attachment":[{"href":"https:\/\/www.europesays.com\/fr\/wp-json\/wp\/v2\/media?parent=452492"}],"wp:term":[{"taxonomy":"category","embeddable":true,"href":"https:\/\/www.europesays.com\/fr\/wp-json\/wp\/v2\/categories?post=452492"},{"taxonomy":"post_tag","embeddable":true,"href":"https:\/\/www.europesays.com\/fr\/wp-json\/wp\/v2\/tags?post=452492"}],"curies":[{"name":"wp","href":"https:\/\/api.w.org\/{rel}","templated":true}]}}