{"id":452498,"date":"2025-10-10T12:34:15","date_gmt":"2025-10-10T12:34:15","guid":{"rendered":"https:\/\/www.europesays.com\/fr\/452498\/"},"modified":"2025-10-10T12:34:15","modified_gmt":"2025-10-10T12:34:15","slug":"catherine-trautmann-ancienne-maire-de-strasbourg-officialise-sa-candidature","status":"publish","type":"post","link":"https:\/\/www.europesays.com\/fr\/452498\/","title":{"rendered":"Catherine Trautmann, ancienne maire de Strasbourg, officialise\u00a0sa\u00a0candidature"},"content":{"rendered":"<p>            Par<br \/>\n        <strong><br \/>\n            <a href=\"https:\/\/actu.fr\/auteur\/thomas-blanc\" title=\"Consulter tous les articles de Thomas Blanc\" rel=\"nofollow noopener\" target=\"_blank\">Thomas Blanc<\/a><br \/>\n        <\/strong><\/p>\n<p>        Publi\u00e9 le<\/p>\n<p>            10 oct. 2025 \u00e0 12h30        <\/p>\n<p>\u00ab\u2009Je ne participe pas \u00e0 cette \u00e9lection pour moi, <strong>je le fais pour la Ville car elle est dans un \u00e9tat difficile<\/strong>.\u2009\u00bb C\u2019est avec cette formule que <strong>Catherine Trautmann<\/strong> a officialis\u00e9, ce vendredi 10 octobre, sa candidature aux <a href=\"https:\/\/actu.fr\/tag\/municipales-2026\" rel=\"nofollow noopener\" target=\"_blank\">\u00e9lections municipales 2026<\/a> \u00e0 <a href=\"https:\/\/actu.fr\/strasbourg\/\" rel=\"nofollow noopener\" target=\"_blank\">Strasbourg<\/a>.<\/p>\n<p>Catherine Trautmann est candidate aux \u00e9lections municipales \u00e0 Strasbourg<\/p>\n<p class=\" wall-content\">Celle qui s\u2019est class\u00e9e <a href=\"https:\/\/actu.fr\/grand-est\/strasbourg_67482\/municipales-2020-a-strasbourg-jeanne-barseghian-impose-sa-vague-verte_34611229.html\" rel=\"nofollow noopener\" target=\"_blank\">troisi\u00e8me lors des derni\u00e8res \u00e9lections municipales en 2020<\/a> <strong>replonge dans l\u2019ar\u00e8ne<\/strong>.<\/p>\n<p class=\" wall-content\">Pour pr\u00e9parer sa candidature, Catherine Trautmann a battu le terrain. En effet, depuis le 10\u00a0septembre elle est all\u00e9e <strong>17\u00a0fois \u00e0 la rencontre des habitants de la ville<\/strong> pour entendre leurs revendications.<\/p>\n<p class=\" wall-content\">\u00ab\u2009J\u2019ai dit aux Strasbourgeois que la d\u00e9cision de ma candidature leur revenait. R\u00e9sultat, ils m\u2019ont sollicit\u00e9 et somm\u00e9 d\u2019agir\u2009\u00bb, raconte la d\u00e9sormais candidate, <strong>\u00e9tiquet\u00e9e \u00e0 gauche mais pas encore investie par le PS<\/strong>.<\/p>\n<p>Un centre-ville \u00ab\u2009\u00e0 sauver\u2009\u00bb<\/p>\n<p class=\" wall-content\">Lors de ces \u00e9changes, Madame Trautmann a retenu que \u00ab\u2009les Strasbourgeois vivent mal <strong>le d\u00e9classement de Strasbourg<\/strong> et ont le sentiment qu\u2019elle leur \u00e9chappe\u2009\u00bb, ce \u00ab\u2009qu'[elle] ne peut accepter.\u2009\u00bb<\/p>\n<p class=\" wall-content\">Elle souhaite aussi \u00ab<strong>\u2009sauver le centre-ville<\/strong>, qui se vide de ses habitants et de ses commerces. Les gens me disent qu\u2019ils ne reconnaissent plus Strasbourg depuis quelques ann\u00e9es\u2009\u00bb, a rapport\u00e9 celle qui pr\u00e9voit que le mandat qu\u2019elle tente de briguer soit \u00ab<strong>\u2009un mandat de r\u00e9paration<\/strong>\u2009\u00bb.<\/p>\n<p>Catherine Trautmann, un long parcours politique<\/p>\n<p class=\" wall-content\">Catherine Trautmann a par le pass\u00e9 d\u00e9j\u00e0 occup\u00e9 la fonction de maire de Strasbourg, <strong>de mars\u00a01989 \u00e0 juin\u00a01997<\/strong> avant d\u2019\u00eatre sollicit\u00e9e par Lionel Jospin pour devenir <strong>ministre de la Culture et de la Communication<\/strong> de 1997 \u00e0 2000 et de reprendre son mandat de maire jusqu\u2019en 2001.<\/p>\n<p>Votre r\u00e9gion, votre actu !<\/p>\n<p>Recevez chaque jour les infos qui comptent pour vous.<\/p>\n<p>\t<a href=\"https:\/\/actu.fr\/newsletter\" class=\"ac-btn ac-btn--corner ac-btn--medium ac-btn--blue800\" rel=\"nofollow noopener\" target=\"_blank\">S&rsquo;incrire<\/a><\/p>\n<p class=\" wall-content\">Elle a \u00e9galement \u00e9t\u00e9 <strong>d\u00e9put\u00e9e europ\u00e9enne durant dix ans<\/strong>, de 2004 \u00e0 2014 et est, de mani\u00e8re discontinue, <strong>membre du conseil municipal de Strasbourg depuis 42\u00a0ans<\/strong>.<\/p>\n<p class=\" wall-content\">Personnalisez votre actualit\u00e9 en ajoutant vos villes et m\u00e9dias en favori avec <a href=\"https:\/\/moncompte.actu.fr\" title=\"D\u00e9couvez Mon Actu\" rel=\"nofollow noopener\" data-trk=\"{&quot;cta&quot;:{&quot;action&quot;:&quot;https:\\\/\\\/moncompte.actu.fr&quot;,&quot;category&quot;:&quot;mon compte&quot;,&quot;from&quot;:&quot;article footer&quot;,&quot;name&quot;:&quot;Mon actu&quot;,&quot;type&quot;:&quot;cta&quot;}}\" target=\"_blank\">Mon Actu<\/a>.<\/p>\n","protected":false},"excerpt":{"rendered":"Par Thomas Blanc Publi\u00e9 le 10 oct. 2025 \u00e0 12h30 \u00ab\u2009Je ne participe pas \u00e0 cette \u00e9lection pour&hellip;\n","protected":false},"author":2,"featured_media":452499,"comment_status":"","ping_status":"","sticky":false,"template":"","format":"standard","meta":{"footnotes":""},"categories":[2820],"tags":[1111,11,1777,674,1011,27,775,3434,12,316,25,640],"class_list":{"0":"post-452498","1":"post","2":"type-post","3":"status-publish","4":"format-standard","5":"has-post-thumbnail","7":"category-strasbourg","8":"tag-actu","9":"tag-actualites","10":"tag-eu","11":"tag-europe","12":"tag-fr","13":"tag-france","14":"tag-grand-est","15":"tag-municipales-2026","16":"tag-news","17":"tag-politique","18":"tag-republique-francaise","19":"tag-strasbourg"},"share_on_mastodon":{"url":"https:\/\/pubeurope.com\/@fr\/115349898168272261","error":""},"_links":{"self":[{"href":"https:\/\/www.europesays.com\/fr\/wp-json\/wp\/v2\/posts\/452498","targetHints":{"allow":["GET"]}}],"collection":[{"href":"https:\/\/www.europesays.com\/fr\/wp-json\/wp\/v2\/posts"}],"about":[{"href":"https:\/\/www.europesays.com\/fr\/wp-json\/wp\/v2\/types\/post"}],"author":[{"embeddable":true,"href":"https:\/\/www.europesays.com\/fr\/wp-json\/wp\/v2\/users\/2"}],"replies":[{"embeddable":true,"href":"https:\/\/www.europesays.com\/fr\/wp-json\/wp\/v2\/comments?post=452498"}],"version-history":[{"count":0,"href":"https:\/\/www.europesays.com\/fr\/wp-json\/wp\/v2\/posts\/452498\/revisions"}],"wp:featuredmedia":[{"embeddable":true,"href":"https:\/\/www.europesays.com\/fr\/wp-json\/wp\/v2\/media\/452499"}],"wp:attachment":[{"href":"https:\/\/www.europesays.com\/fr\/wp-json\/wp\/v2\/media?parent=452498"}],"wp:term":[{"taxonomy":"category","embeddable":true,"href":"https:\/\/www.europesays.com\/fr\/wp-json\/wp\/v2\/categories?post=452498"},{"taxonomy":"post_tag","embeddable":true,"href":"https:\/\/www.europesays.com\/fr\/wp-json\/wp\/v2\/tags?post=452498"}],"curies":[{"name":"wp","href":"https:\/\/api.w.org\/{rel}","templated":true}]}}