{"id":452500,"date":"2025-10-10T12:35:11","date_gmt":"2025-10-10T12:35:11","guid":{"rendered":"https:\/\/www.europesays.com\/fr\/452500\/"},"modified":"2025-10-10T12:35:11","modified_gmt":"2025-10-10T12:35:11","slug":"un-professeur-soupconne-de-viols-sur-des-enfants-de-4-ans-dans-une-ecole-maternelle-pres-de-nice","status":"publish","type":"post","link":"https:\/\/www.europesays.com\/fr\/452500\/","title":{"rendered":"Un professeur soup\u00e7onn\u00e9 de viols sur des enfants de 4 ans dans une \u00e9cole maternelle pr\u00e8s de Nice"},"content":{"rendered":"<p class=\"fs-5 \">Que s\u2019est-il pass\u00e9 \u00e0 l\u2019\u00e9cole maternelle du groupe scolaire de la gare \u00e0 <strong>Saint-Laurent-du-<a href=\"https:\/\/www.nicematin.com\/var\/\" rel=\"nofollow noopener\" target=\"_blank\">Var<\/a><\/strong> ?<\/p>\n<p class=\"fs-5 \">Une r\u00e9union exceptionnelle a \u00e9t\u00e9 organis\u00e9e \u00e0 9 heures vendredi 10 octobre dans les locaux de l\u2019\u00e9cole.<\/p>\n<p class=\"fs-5 \">Thierry (1), <strong>professeur <\/strong>des \u00e9coles en <strong>moyenne section de maternelle<\/strong>, est soup\u00e7onn\u00e9 de <strong>viols <\/strong>et d\u2019<strong>agressions sexuelles <\/strong>sur <strong>deux gar\u00e7ons de 4 ans<\/strong>.<\/p>\n<p class=\"fs-5 \">Il exerce au sein de cette \u00e9cole depuis cinq ans.<\/p>\n<p class=\"fs-5 \">\u00c2g\u00e9 d\u2019environ 40 ans, \u00ab il a \u00e9t\u00e9 <strong>suspendu <\/strong>\u00e0 titre conservatoire \u00e0 partir du mardi 7 octobre. Mais \u00e7a n\u2019enl\u00e8ve rien \u00e0 sa pr\u00e9somption d\u2019innocence. L\u2019objectif est de faire en sorte que l\u2019\u00e9cole fonctionne normalement et retrouve de la s\u00e9r\u00e9nit\u00e9 \u00bb, indique Jean-Marc Messina-Raccurt, inspecteur de l\u2019\u00c9ducation nationale de la circonscription.<\/p>\n<p class=\"fs-5 \">Les parents des 90 \u00e9l\u00e8ves ont \u00e9t\u00e9 invit\u00e9s \u00e0 assister \u00e0 cette r\u00e9union. \u00ab Je ne sais pas ce qui se passe, mais \u00e7a avait l\u2019air tr\u00e8s important, l\u00e2che Ali, p\u00e8re d\u2019une \u00e9l\u00e8ve de 3 ans en petite section. On a re\u00e7u un mail de la directrice de l\u2019\u00e9cole sans plus d\u2019explications. \u00bb<\/p>\n<p class=\"fs-5 \">La missive indique : \u00ab Une r\u00e9union est organis\u00e9e dans la salle de motricit\u00e9 afin de vous informer de <strong>l\u2019enqu\u00eate en cours<\/strong>. (\u2026) En pr\u00e9sence, du commissaire de <a href=\"https:\/\/www.nicematin.com\/alpes-maritimes\/cagnes\/\" rel=\"nofollow noopener\" target=\"_blank\">Cagnes-sur-Mer<\/a>, de l\u2019inspecteur de l\u2019\u00c9ducation nationale de la circonscription, de l\u2019adjointe au maire d\u00e9l\u00e9gu\u00e9e \u00e0 l\u2019\u00c9ducation et de la directrice. \u00bb <\/p>\n<p class=\"fs-5 \">\u00ab La r\u00e9union a \u00e9t\u00e9 organis\u00e9e afin que les parents puissent avoir des <strong>r\u00e9ponses \u00e0 leurs nombreuses questions<\/strong>, souligne Brigitte Liz\u00e9e-Juan, adjointe au maire d\u00e9l\u00e9gu\u00e9e \u00e0 l\u2019\u00c9ducation. La mairie est l\u00e0 pour les accompagner. \u00bb<\/p>\n<p>                                                                                \u00ab\u00a0Cette situation est tr\u00e8s angoissante\u00a0\u00bb<\/p>\n<p class=\"fs-5 \">Plus d\u2019une soixantaine de parents d\u2019\u00e9l\u00e8ves sont pr\u00e9sents. L\u2019inqui\u00e9tude est palpable. St\u00e9phane (2), p\u00e8re d\u2019une \u00e9l\u00e8ve de 5 ans en grande section avance : \u00ab Il y aurait eu des faits d\u2019attouchements sexuels et de p\u00e9n\u00e9trations anales avec un doigt de la part d\u2019un enseignant de moyenne section. \u00bb<\/p>\n<p class=\"fs-5 \">L\u2019information se propage d\u2019un parent \u00e0 l\u2019autre. \u00ab On attend des explications \u00bb, l\u00e2che une m\u00e8re d\u2019\u00e9l\u00e8ve. \u00ab Cette situation est tr\u00e8s angoissante pour nous, pour nos enfants \u00bb, clame un p\u00e8re dont le fils est scolaris\u00e9 dans l\u2019\u00e9cole maternelle.<\/p>\n<p class=\"fs-5 \">\u00ab <strong>Deux plaintes<\/strong> ont \u00e9t\u00e9 d\u00e9pos\u00e9es au commissariat de police de <a href=\"https:\/\/www.nicematin.com\/alpes-maritimes\/cagnes\/\" rel=\"nofollow noopener\" target=\"_blank\">Cagnes-sur-Mer<\/a>. Une enqu\u00eate est en cours \u00bb, confirme le commissaire S\u00e9bastien Laroze.<\/p>\n<p class=\"position-relative\">\n                1. Le pr\u00e9nom a \u00e9t\u00e9 modifi\u00e9 \u00e0 la demande de l\u2019\u00c9ducation nationale.\n            <\/p>\n<p>            <img decoding=\"async\" class=\"position-absolute end-0 bottom-0\" src=\"https:\/\/www.nicematin.com\/build\/images\/icons\/markpage_gray.svg\" alt=\"yellow mark\"\/><\/p>\n<p class=\"position-relative\">\n                2. Le pr\u00e9nom a \u00e9t\u00e9 modifi\u00e9 \u00e0 la demande du parent d\u2019\u00e9l\u00e8ve.\n            <\/p>\n<p>            <img decoding=\"async\" class=\"position-absolute end-0 bottom-0\" src=\"https:\/\/www.nicematin.com\/build\/images\/icons\/markpage_gray.svg\" alt=\"yellow mark\"\/><\/p>\n","protected":false},"excerpt":{"rendered":"Que s\u2019est-il pass\u00e9 \u00e0 l\u2019\u00e9cole maternelle du groupe scolaire de la gare \u00e0 Saint-Laurent-du-Var ? Une r\u00e9union exceptionnelle&hellip;\n","protected":false},"author":2,"featured_media":452501,"comment_status":"","ping_status":"","sticky":false,"template":"","format":"standard","meta":{"footnotes":""},"categories":[2819],"tags":[1111,11,1777,674,1011,27,12,2401,882,25,57187],"class_list":{"0":"post-452500","1":"post","2":"type-post","3":"status-publish","4":"format-standard","5":"has-post-thumbnail","7":"category-nice","8":"tag-actu","9":"tag-actualites","10":"tag-eu","11":"tag-europe","12":"tag-fr","13":"tag-france","14":"tag-news","15":"tag-nice","16":"tag-provence-alpes-cote-dazur","17":"tag-republique-francaise","18":"tag-violencessexuelles"},"share_on_mastodon":{"url":"https:\/\/pubeurope.com\/@fr\/115349902661465293","error":""},"_links":{"self":[{"href":"https:\/\/www.europesays.com\/fr\/wp-json\/wp\/v2\/posts\/452500","targetHints":{"allow":["GET"]}}],"collection":[{"href":"https:\/\/www.europesays.com\/fr\/wp-json\/wp\/v2\/posts"}],"about":[{"href":"https:\/\/www.europesays.com\/fr\/wp-json\/wp\/v2\/types\/post"}],"author":[{"embeddable":true,"href":"https:\/\/www.europesays.com\/fr\/wp-json\/wp\/v2\/users\/2"}],"replies":[{"embeddable":true,"href":"https:\/\/www.europesays.com\/fr\/wp-json\/wp\/v2\/comments?post=452500"}],"version-history":[{"count":0,"href":"https:\/\/www.europesays.com\/fr\/wp-json\/wp\/v2\/posts\/452500\/revisions"}],"wp:featuredmedia":[{"embeddable":true,"href":"https:\/\/www.europesays.com\/fr\/wp-json\/wp\/v2\/media\/452501"}],"wp:attachment":[{"href":"https:\/\/www.europesays.com\/fr\/wp-json\/wp\/v2\/media?parent=452500"}],"wp:term":[{"taxonomy":"category","embeddable":true,"href":"https:\/\/www.europesays.com\/fr\/wp-json\/wp\/v2\/categories?post=452500"},{"taxonomy":"post_tag","embeddable":true,"href":"https:\/\/www.europesays.com\/fr\/wp-json\/wp\/v2\/tags?post=452500"}],"curies":[{"name":"wp","href":"https:\/\/api.w.org\/{rel}","templated":true}]}}