{"id":452507,"date":"2025-10-10T12:38:11","date_gmt":"2025-10-10T12:38:11","guid":{"rendered":"https:\/\/www.europesays.com\/fr\/452507\/"},"modified":"2025-10-10T12:38:11","modified_gmt":"2025-10-10T12:38:11","slug":"nantes-lirt-jules-verne-tient-son-ag-constitutive","status":"publish","type":"post","link":"https:\/\/www.europesays.com\/fr\/452507\/","title":{"rendered":"Nantes : L&rsquo;IRT Jules Verne tient son AG constitutive"},"content":{"rendered":"<p>L&rsquo;assembl\u00e9e g\u00e9n\u00e9rale constitutive de l&rsquo;AFIRT, Association des membres Fondateurs de l&rsquo;IRT Jules Verne, s&rsquo;est d\u00e9roul\u00e9e le 30 juin. Cette association de pr\u00e9figuration, qui rassemble les 28 membres fondateurs, a pour objectifs principaux de mettre en place la Fondation de Coop\u00e9ration Scientifique, entamer les discussions visant \u00e0 la contractualisation avec l&rsquo;Etat et pr\u00e9parer le lancement des premiers projets. Pour mener \u00e0 bien ces missions, un bureau compos\u00e9 de 9 personnes a \u00e9t\u00e9 d\u00e9sign\u00e9, dont 6 animeront des groupes de travail d\u00e9di\u00e9s (*). <br \/>L&rsquo;Institut de Recherche Technologique Jules Verne est d\u00e9di\u00e9 aux technologies avanc\u00e9es de production composites, m\u00e9talliques et de structures hybrides. Devant \u00eatre implant\u00e9 \u00e0 Bouguenais, pr\u00e8s de Nantes, et regroupant notamment des acteurs li\u00e9s au secteur naval, comme DCNS et STX France, il vise \u00e0 devenir dans les 10 ans un campus d&rsquo;innovation technologique de dimension mondiale. L&rsquo;Institut regroupera, sur un m\u00eame site, des industriels, des \u00e9tablissements de formation, des laboratoires de recherche appliqu\u00e9e publics et priv\u00e9s, des moyens de prototypage et de d\u00e9monstration industrielle. Avec une ambition partag\u00e9e : intensifier la dynamique \u00abIndustrie-Recherche-Formation\u00bb pour permettre de v\u00e9ritables sauts technologiques, source de comp\u00e9titivit\u00e9 et de p\u00e9rennit\u00e9 pour les entreprises et l&rsquo;industrie fran\u00e7aise.  Le projet pr\u00e9voit que l&rsquo;IRT regroupera 1000 personnels de recherche, permettra de cr\u00e9er 5000 emplois qualifi\u00e9s sur 10 ans et d&rsquo;en pr\u00e9server 3 millions d&rsquo;autres. Dot\u00e9e d&rsquo;un budget de 450 millions d&rsquo;euros, la structure comptera 20 Unit\u00e9s Th\u00e9matiques d&rsquo;Excellence, pilot\u00e9es par des chercheurs r\u00e9f\u00e9rents internationaux, et devrait permettre la cr\u00e9ation de 15 \u00e0 20 entreprises de technologies innovantes.           <br \/>_________________________________________________<\/p>\n<p>&#8211; Nicolas Orance, Daher-Socata, Pr\u00e9sident <\/p>\n<p>&#8211; Patrick Chedmail, GIP Technocampus EMC\u00b2, Tr\u00e9sorier <\/p>\n<p>&#8211; Alain Leroy, Segula, Secr\u00e9taire <\/p>\n<p>&#8211; Alain Bovis, DCNS \/ GT \u00ab Gouvernance \u00bb <\/p>\n<p>&#8211; Christophe Clergeau, Conseil R\u00e9gional des Pays de la Loire \/ GT \u00ab Plateformes R\u00e9gionales &amp; relations territoriales \u00bb <\/p>\n<p>&#8211; Didier Gu\u00e9dra-D\u00e9georges, EADS IW \/ GT \u00ab Mod\u00e8le \u00e9conomique \u00bb <\/p>\n<p>&#8211; Philippe Guyon, ACB \/ GT \u00ab Feuille de route technologique \u00bb <\/p>\n<p>&#8211; Bruno Hug de Larauze, CCIR Pays de la Loire \/ GT \u00ab PME\/ETI \u00bb <\/p>\n<p>&#8211; Yves Lecointe, Universit\u00e9 de Nantes \/ GT \u00ab Formation \u00bb <\/p>\n<p>Par ailleurs, Laurent Manach, directeur du P\u00f4le EMC2, a \u00e9t\u00e9 nomm\u00e9 D\u00e9l\u00e9gu\u00e9 G\u00e9n\u00e9ral de l&rsquo;association.      <\/p>\n","protected":false},"excerpt":{"rendered":"L&rsquo;assembl\u00e9e g\u00e9n\u00e9rale constitutive de l&rsquo;AFIRT, Association des membres Fondateurs de l&rsquo;IRT Jules Verne, s&rsquo;est d\u00e9roul\u00e9e le 30 juin.&hellip;\n","protected":false},"author":2,"featured_media":452508,"comment_status":"","ping_status":"","sticky":false,"template":"","format":"standard","meta":{"footnotes":""},"categories":[2818],"tags":[1111,11,6130,6141,6131,6138,2380,6135,554,1777,6136,674,1011,27,6139,6134,3135,6128,567,6129,6127,766,12,6132,2636,4838,6133,25,6140,6137],"class_list":{"0":"post-452507","1":"post","2":"type-post","3":"status-publish","4":"format-standard","5":"has-post-thumbnail","7":"category-nantes","8":"tag-actu","9":"tag-actualites","10":"tag-chantiers","11":"tag-commando","12":"tag-construction-navale","13":"tag-costa","14":"tag-croisiere","15":"tag-dcns","16":"tag-defense","17":"tag-eu","18":"tag-euronaval","19":"tag-europe","20":"tag-fr","21":"tag-france","22":"tag-fremm","23":"tag-interviews","24":"tag-littoral","25":"tag-marine","26":"tag-marine-nationale","27":"tag-maritime","28":"tag-mer","29":"tag-nantes","30":"tag-news","31":"tag-offshore","32":"tag-pays-de-la-loire","33":"tag-peche","34":"tag-reportages","35":"tag-republique-francaise","36":"tag-sncm","37":"tag-stx"},"share_on_mastodon":{"url":"https:\/\/pubeurope.com\/@fr\/115349913844596679","error":""},"_links":{"self":[{"href":"https:\/\/www.europesays.com\/fr\/wp-json\/wp\/v2\/posts\/452507","targetHints":{"allow":["GET"]}}],"collection":[{"href":"https:\/\/www.europesays.com\/fr\/wp-json\/wp\/v2\/posts"}],"about":[{"href":"https:\/\/www.europesays.com\/fr\/wp-json\/wp\/v2\/types\/post"}],"author":[{"embeddable":true,"href":"https:\/\/www.europesays.com\/fr\/wp-json\/wp\/v2\/users\/2"}],"replies":[{"embeddable":true,"href":"https:\/\/www.europesays.com\/fr\/wp-json\/wp\/v2\/comments?post=452507"}],"version-history":[{"count":0,"href":"https:\/\/www.europesays.com\/fr\/wp-json\/wp\/v2\/posts\/452507\/revisions"}],"wp:featuredmedia":[{"embeddable":true,"href":"https:\/\/www.europesays.com\/fr\/wp-json\/wp\/v2\/media\/452508"}],"wp:attachment":[{"href":"https:\/\/www.europesays.com\/fr\/wp-json\/wp\/v2\/media?parent=452507"}],"wp:term":[{"taxonomy":"category","embeddable":true,"href":"https:\/\/www.europesays.com\/fr\/wp-json\/wp\/v2\/categories?post=452507"},{"taxonomy":"post_tag","embeddable":true,"href":"https:\/\/www.europesays.com\/fr\/wp-json\/wp\/v2\/tags?post=452507"}],"curies":[{"name":"wp","href":"https:\/\/api.w.org\/{rel}","templated":true}]}}