{"id":452517,"date":"2025-10-10T12:43:20","date_gmt":"2025-10-10T12:43:20","guid":{"rendered":"https:\/\/www.europesays.com\/fr\/452517\/"},"modified":"2025-10-10T12:43:20","modified_gmt":"2025-10-10T12:43:20","slug":"success-story-11-ans-et-6-boutiques-plus-tard-la-boulangerie-brice-ouvre-une-7eme-a-la-madeleine","status":"publish","type":"post","link":"https:\/\/www.europesays.com\/fr\/452517\/","title":{"rendered":"Success story. 11 ans et 6 boutiques plus tard, la Boulangerie Brice ouvre une 7\u00e8me \u00e0 La Madeleine"},"content":{"rendered":"<p>            Par<br \/>\n        <strong><br \/>\n            <a href=\"https:\/\/actu.fr\/auteur\/hervine-mahaud\" title=\"Consulter tous les articles de Hervine Mahaud\" target=\"_blank\" rel=\"noopener\">Hervine Mahaud<\/a><br \/>\n        <\/strong><\/p>\n<p>        Publi\u00e9 le<\/p>\n<p>            10 oct. 2025 \u00e0 8h08        <\/p>\n<p>Et de 7 ! \u00c0 <a href=\"https:\/\/actu.fr\/hauts-de-france\/la-madeleine_59368\" target=\"_blank\" rel=\"noopener\">La Madeleine<\/a>, l\u2019enseigne <b>Boulangerie Brice<\/b> s\u2019appr\u00eate \u00e0 ouvrir, d\u2019ici fin 2025, au 211, rue du G\u00e9n\u00e9ral de Gaulle, \u00e0 la place de l\u2019ancienne Huche aux Pains. Pour Maxime et Marion Brice, fr\u00e8re et s\u0153ur \u00e0 la t\u00eate de l\u2019aventure depuis plus de dix ans, il s\u2019agit d\u00e9j\u00e0 de la septi\u00e8me adresse dans la m\u00e9tropole de <a href=\"https:\/\/actu.fr\/lille\/\" target=\"_blank\" rel=\"noopener\">Lille<\/a>. Une superbe success story qui est avant tout due \u00e0 la qualit\u00e9 des produits propos\u00e9s, toujours fa\u00e7onn\u00e9s de mani\u00e8re <a href=\"https:\/\/actu.fr\/tag\/artisanat\" target=\"_blank\" rel=\"noopener\">artisanale<\/a>.<\/p>\n<p>Une aventure familiale d\u00e9but\u00e9e \u00e0 Marcq<\/p>\n<p class=\" wall-content\">En 2014, Maxime Brice, aujourd\u2019hui 37 ans, s\u2019installe \u00e0 Marcq-en-Bar\u0153ul. Sa premi\u00e8re boulangerie conna\u00eet rapidement le succ\u00e8s gr\u00e2ce \u00e0 son pain au levain et ses viennoiseries faites maison. Trois ans plus tard, sa grande s\u0153ur Marion le rejoint. Elle prend en main la gestion, la comptabilit\u00e9 et la communication, tandis que Maxime se consacre \u00e0 la production.<\/p>\n<p class=\" wall-content\">\u00ab\u00a0Quand on s\u2019est lanc\u00e9, on ne s\u2019attendait pas \u00e0 avoir autant de succ\u00e8s, confie Marion. Et \u00e0 chaque ouverture, on se demande si on va y arriver\u2026 mais les clients sont toujours au rendez-vous.\u00a0\u00bb<\/p>\n<p class=\" wall-content\"><a href=\"https:\/\/www.instagram.com\/p\/DE6udvIi7OC\/embed\" title=\"Ouvrir le lien sur Instagram\" target=\"_blank\" rel=\"noopener\">Visualiser le contenu sur Instagram<\/a><\/p>\n<p class=\" wall-content\">Aujourd\u2019hui, l\u2019enseigne est pr\u00e9sente \u00e0 Marcq-en-Bar\u0153ul, Marquette-lez-Lille, <a href=\"https:\/\/actu.fr\/hauts-de-france\/wasquehal_59646\/le-saviez-vous-le-meilleur-croissant-de-la-region-se-trouve-dans-la-metropole-de-lille_36933427.html\" target=\"_blank\" rel=\"noopener\">Wasquehal<\/a>, <a href=\"https:\/\/actu.fr\/hauts-de-france\/roubaix_59512\/roubaix-on-sait-quand-ouvrira-la-nouvelle-boulangerie-brice_56515748.html\" target=\"_blank\" rel=\"noopener\">Roubaix<\/a>, <a href=\"https:\/\/actu.fr\/hauts-de-france\/perenchies_59457\/metropole-de-lille-deux-nouvelles-boulangeries-brice-ouvrent-leurs-portes-juste-avant-les-fetes_62021593.html\" target=\"_blank\" rel=\"noopener\">Croix et P\u00e9renchies<\/a>, et emploie pr\u00e8s de 100 salari\u00e9s. Avec La Madeleine, dix nouveaux postes sont cr\u00e9\u00e9s.<\/p>\n<p>Une reprise attendue dans un commerce bien implant\u00e9<\/p>\n<p class=\" wall-content\">Le nouveau commerce prend la rel\u00e8ve de la Huche aux Pains, install\u00e9e depuis pr\u00e8s de vingt ans. \u00ab\u00a0L\u2019ancienne propri\u00e9taire tenait la boutique seule, apr\u00e8s le d\u00e9c\u00e8s de son mari. C\u2019\u00e9tait devenu trop compliqu\u00e9, elle a ferm\u00e9 en mai 2025 \u00ab\u00a0, expliquent les Brice.<\/p>\n<p class=\" wall-content\">Les locaux, d\u2019une superficie totale de 90 m\u00b2 dont 30 m\u00b2 de vente, ont \u00e9t\u00e9 repris \u00e0 l\u2019automne. \u00ab\u00a0On a visit\u00e9 en septembre 2024, mais les d\u00e9marches administratives ont pris du temps. On n\u2019a eu les cl\u00e9s que le 3 octobre\u00a0\u00bb, racontent-ils.<\/p>\n<p class=\" wall-content\">D\u00e8s lors, place aux travaux et \u00e0 la r\u00e9organisation : \u00ab\u00a0On refait tout \u00e0 notre image, avec notre mur de briques, nos codes, et surtout un vrai laboratoire \u00e9quip\u00e9 avec notre propre mat\u00e9riel pour produire sur place.\u00a0\u00bb<\/p>\n<p>Du chaud toute la journ\u00e9e<\/p>\n<p class=\" wall-content\">L\u2019une des particularit\u00e9s de la maison Brice est la cuisson en continu : \u00ab\u00a0Nos fournils tournent de 6 h \u00e0 20 h. On veut que le client puisse acheter un croissant chaud \u00e0 n\u2019importe quelle heure\u00a0\u00bb, insiste Maxime. Mais il rappelle les contraintes de l\u2019artisanat : \u00ab\u00a0Un croissant, \u00e7a ne se fait pas en cinq minutes. Pour dix croissants, il faut compter huit heures de travail avec toutes les \u00e9tapes que \u00e7a comporte.\u00a0\u00bb<\/p>\n<p>Votre r\u00e9gion, votre actu !<\/p>\n<p>Recevez chaque jour les infos qui comptent pour vous.<\/p>\n<p>\t<a href=\"https:\/\/actu.fr\/newsletter\" class=\"ac-btn ac-btn--corner ac-btn--medium ac-btn--blue800\" target=\"_blank\" rel=\"noopener\">S&rsquo;incrire<\/a><\/p>\n<p class=\" wall-content\"><a href=\"https:\/\/www.instagram.com\/p\/DG453PXM2dy\/embed\" title=\"Ouvrir le lien sur Instagram\" target=\"_blank\" rel=\"noopener\">Visualiser le contenu sur Instagram<\/a><\/p>\n<p class=\" wall-content\">Marion reconna\u00eet que certains clients sont parfois \u00ab\u00a0d\u00e9\u00e7us car il y a des ruptures. Mais on reste sur du 100% artisanal, on essaie de l\u2019expliquer mais on ne peut pas toujours faire plaisir \u00e0 tout le monde.\u00a0\u00bb<\/p>\n<p>Un savoir-faire reconnu<\/p>\n<p class=\" wall-content\">La Boulangerie Brice a b\u00e2ti sa r\u00e9putation sur la qualit\u00e9 de ses viennoiseries et de ses pains. Son levain maison, entretenu depuis 11 ans par Maxime, qui \u00ab\u00a0l\u2019emm\u00e8ne m\u00eame en vacances\u00a0\u00bb, est la base de la production.<\/p>\n<p class=\" wall-content\">Le travail de l\u2019artisan a \u00e9t\u00e9 salu\u00e9 \u00e0 plusieurs reprises : cinq fois laur\u00e9ats du prix du meilleur croissant des Hauts-de-France depuis 2018, et deux fois distingu\u00e9 pour la galette des rois \u00e0 la frangipane, en 2021 et 2025. Les Brice ont \u00e9galement \u00e9t\u00e9 mis en lumi\u00e8re lors de leurs deux passage dans <a href=\"https:\/\/actu.fr\/hauts-de-france\/marquette-lez-lille_59386\/la-boulangerie-brice-marquette-lez-lille-sera-t-elue-meilleure-france_27106042.html\" target=\"_blank\" rel=\"noopener\">\u00ab\u00a0La Meilleure Boulangerie de France\u00a0\u00bb (M6) en 2019<\/a> et <a href=\"https:\/\/actu.fr\/hauts-de-france\/lille_59350\/television-meilleure-boulangerie-de-france-un-duel-dans-la-metropole-de-lille-ce-jeudi_62422921.html\" target=\"_blank\" rel=\"noopener\">en 2025<\/a>.<\/p>\n<p class=\" wall-content\">\u00c0 l\u2019heure o\u00f9 \u00ab\u00a080 % des boulangeries pr\u00e9f\u00e8rent acheter leurs viennoiseries\u00a0\u00bb, les Brice tiennent \u00e0 rester fid\u00e8les \u00e0 la tradition. \u00ab\u00a0Nous, on a nos touriers qui tournent dans chaque boulangerie pour faire la p\u00e2te feuillet\u00e9e. Au total, on sort pr\u00e8s de 7 000 viennoiseries par jour.\u00a0\u00bb\u00a0<\/p>\n<p>Des recettes maison et familiales<\/p>\n<p class=\" wall-content\">Au fil des ann\u00e9es, certaines cr\u00e9ations sont devenues des embl\u00e8mes. Le croque-monsieur est une recette de leur p\u00e8re Patrick, adapt\u00e9e sans b\u00e9chamel. Le cookie vient d\u2019une voisine, surnomm\u00e9e \u00ab\u00a0Mamie Cookie\u00a0\u00bb, qui a offert sa recette \u00e0 Maxime lorsqu\u2019il s\u2019est install\u00e9 \u00e0 Marcq. Quant au pain au chocolat \u00ab\u00a0trois barres\u00a0\u00bb, il corrige une frustration d\u2019enfance : \u00ab\u00a0On trouvait toujours que les deux barres \u00e9taient du m\u00eame c\u00f4t\u00e9. Alors on a ajout\u00e9 une troisi\u00e8me.\u00a0\u00bb<\/p>\n<p class=\" wall-content\">Les Brice aiment aussi surprendre avec des recettes originales, et proposer sans cesse des nouveaut\u00e9s. \u00ab\u00a0J\u2019aime chercher de nouvelles id\u00e9es, me former, comme quand je suis parti apprendre le panettone aupr\u00e8s d\u2019un ma\u00eetre italien\u00a0\u00bb, raconte Maxime. Le boulanger propose ainsi ses panettones toute l\u2019ann\u00e9e, et pas juste pour les f\u00eates. Pour Octobre Rose, il a ainsi pr\u00e9vu une recette avec la praline rose.<\/p>\n<p>Une ouverture pr\u00e9vue avant No\u00ebl<\/p>\n<p class=\" wall-content\">La Boulangerie Brice de La Madeleine est pr\u00e9vue \u00ab\u00a0autour du 15 novembre, en tout cas avant No\u00ebl\u00a0\u00bb, annoncent les deux associ\u00e9s. \u00ab\u00a0Chaque reprise a ses difficult\u00e9s, mais c\u2019est ce qui nous motive. Quand c\u2019est dur, on se dit que \u00e7a va marcher.\u00a0\u00bb<\/p>\n<p class=\" wall-content\">Leur ambition ? Continuer \u00e0 faire vivre un artisanat exigeant, en restant proches de leurs clients : \u00ab\u00a0On aime cr\u00e9er une client\u00e8le fid\u00e8le, discuter avec la petite mamie qui vient chaque matin. C\u2019est \u00e7a qui fait sens.\u00a0\u00bb<\/p>\n<p class=\" wall-content\">Personnalisez votre actualit\u00e9 en ajoutant vos villes et m\u00e9dias en favori avec <a href=\"https:\/\/moncompte.actu.fr\" title=\"D\u00e9couvez Mon Actu\" rel=\"nofollow noopener\" data-trk=\"{&quot;cta&quot;:{&quot;action&quot;:&quot;https:\\\/\\\/moncompte.actu.fr&quot;,&quot;category&quot;:&quot;mon compte&quot;,&quot;from&quot;:&quot;article footer&quot;,&quot;name&quot;:&quot;Mon actu&quot;,&quot;type&quot;:&quot;cta&quot;}}\" target=\"_blank\">Mon Actu<\/a>.<\/p>\n<p>                    <script async src=\"\/\/www.instagram.com\/embed.js\"><\/script><\/p>\n","protected":false},"excerpt":{"rendered":"Par Hervine Mahaud Publi\u00e9 le 10 oct. 2025 \u00e0 8h08 Et de 7 ! \u00c0 La Madeleine, l\u2019enseigne&hellip;\n","protected":false},"author":2,"featured_media":452518,"comment_status":"","ping_status":"","sticky":false,"template":"","format":"standard","meta":{"footnotes":""},"categories":[2815],"tags":[1111,11,1477,215,33,1777,674,1011,27,811,1307,12,3147,25],"class_list":{"0":"post-452517","1":"post","2":"type-post","3":"status-publish","4":"format-standard","5":"has-post-thumbnail","7":"category-lille","8":"tag-actu","9":"tag-actualites","10":"tag-artisanat","11":"tag-commerce","12":"tag-economie","13":"tag-eu","14":"tag-europe","15":"tag-fr","16":"tag-france","17":"tag-hauts-de-france","18":"tag-lille","19":"tag-news","20":"tag-nouveaux-commerces","21":"tag-republique-francaise"},"share_on_mastodon":{"url":"https:\/\/pubeurope.com\/@fr\/115349933666990041","error":""},"_links":{"self":[{"href":"https:\/\/www.europesays.com\/fr\/wp-json\/wp\/v2\/posts\/452517","targetHints":{"allow":["GET"]}}],"collection":[{"href":"https:\/\/www.europesays.com\/fr\/wp-json\/wp\/v2\/posts"}],"about":[{"href":"https:\/\/www.europesays.com\/fr\/wp-json\/wp\/v2\/types\/post"}],"author":[{"embeddable":true,"href":"https:\/\/www.europesays.com\/fr\/wp-json\/wp\/v2\/users\/2"}],"replies":[{"embeddable":true,"href":"https:\/\/www.europesays.com\/fr\/wp-json\/wp\/v2\/comments?post=452517"}],"version-history":[{"count":0,"href":"https:\/\/www.europesays.com\/fr\/wp-json\/wp\/v2\/posts\/452517\/revisions"}],"wp:featuredmedia":[{"embeddable":true,"href":"https:\/\/www.europesays.com\/fr\/wp-json\/wp\/v2\/media\/452518"}],"wp:attachment":[{"href":"https:\/\/www.europesays.com\/fr\/wp-json\/wp\/v2\/media?parent=452517"}],"wp:term":[{"taxonomy":"category","embeddable":true,"href":"https:\/\/www.europesays.com\/fr\/wp-json\/wp\/v2\/categories?post=452517"},{"taxonomy":"post_tag","embeddable":true,"href":"https:\/\/www.europesays.com\/fr\/wp-json\/wp\/v2\/tags?post=452517"}],"curies":[{"name":"wp","href":"https:\/\/api.w.org\/{rel}","templated":true}]}}