{"id":452521,"date":"2025-10-10T12:45:12","date_gmt":"2025-10-10T12:45:12","guid":{"rendered":"https:\/\/www.europesays.com\/fr\/452521\/"},"modified":"2025-10-10T12:45:12","modified_gmt":"2025-10-10T12:45:12","slug":"mareko-scarla-condamne-en-appel-a-28-ans-de-reclusion-criminelle-pour-avoir-torture-des-ados-a-la-busserine-a-marseille","status":"publish","type":"post","link":"https:\/\/www.europesays.com\/fr\/452521\/","title":{"rendered":"\u00ab\u00a0Mareko Scarla\u00a0\u00bb condamn\u00e9 en appel \u00e0 28 ans de r\u00e9clusion criminelle pour avoir tortur\u00e9 des ados \u00e0 la Busserine \u00e0 Marseille"},"content":{"rendered":"<p>\u00c0 23\u00a0ans, Guy Boakye, dit \u00ab\u00a0Mareko Scarla\u00a0\u00bb, est d\u00e9j\u00e0 consid\u00e9r\u00e9 comme une figure majeure du narcobanditisme bien au-del\u00e0 de Marseille.<\/p>\n<p>Il est mis en cause par la justice dans le cadre de plusieurs affaires criminelles, soup\u00e7onn\u00e9 d\u2019avoir commandit\u00e9 des assassinats <a href=\"https:\/\/www.leparisien.fr\/faits-divers\/recruteur-de-tueurs-a-gages-mareko-scarla-place-en-garde-a-vue-pour-un-nouveau-meurtre-pilote-en-prison-15-01-2025-2PMMISQRM5HMZD2QCBGPMPZBJ4.php\" target=\"_blank\" rel=\"noopener\">et recrut\u00e9 des \u00e9quipes de tueurs<\/a>, notamment dans le giron du clan dit de \u00ab\u00a0Yoda\u00a0\u00bb, le tout depuis les cellules des diverses prisons qu\u2019il a \u00e9cum\u00e9es, avant son transfert, cet \u00e9t\u00e9, dans la nouvelle <a href=\"https:\/\/www.laprovence.com\/article\/faits-divers-justice\/99568224462559\/la-justice-ordonne-dassouplir-le-traitement-dun-nouveau-detenu-a-vendin-le-vieil\" target=\"_blank\" rel=\"noopener\">prison de haute s\u00e9curit\u00e9 de Vendin-le-Vieil<\/a>, dans le Pas-de-Calais.<\/p>\n<p>Mais ce sont des faits plus anciens de s\u00e9questration et d\u2019actes de torture et de barbarie commis en\u00a02020 \u00e0 la <a href=\"https:\/\/www.laprovence.com\/article\/faits-divers-justice\/1515420715011114\/marseille-percutee-lors-dune-course-poursuite-une-voiture-de-police-fait-un-tonneau-a-la-busserine\" target=\"_blank\" rel=\"noopener\">cit\u00e9 de la Busserine<\/a>, dans le 14e arrondissement de Marseille, qui ont valu \u00e0 ce jeune homme d\u2019\u00eatre <a href=\"https:\/\/www.laprovence.com\/article\/faits-divers-justice\/40898514713192\/torture-a-la-busserine-a-marseille-jusqua-25-ans-de-reclusion-pour-les-tortionnaires\" target=\"_blank\" rel=\"noopener\">condamn\u00e9 une premi\u00e8re fois par la cour d\u2019assises des Bouches-du-Rh\u00f4ne \u00e0 25\u00a0ans de r\u00e9clusion criminelle<\/a>, en septembre\u00a02023, au c\u00f4t\u00e9 de cinq coaccus\u00e9s, dont trois mineurs.<\/p>\n<p>Une peine qui vient d\u2019\u00eatre aggrav\u00e9e en appel, ce 9\u00a0octobre\u00a02025, \u00e0 Nice, au terme d\u2019un proc\u00e8s \u00e0 huis clos, apr\u00e8s que la pr\u00e9sidente de la cour d\u2019assises des Alpes-Maritimes a prononc\u00e9 la condamnation de Guy Boakye \u00e0 28\u00a0ans de r\u00e9clusion. Le seul de ses coaccus\u00e9s \u00e0 avoir interjet\u00e9 appel, mineur au moment des faits, a lui \u00e9cop\u00e9 d\u2019une peine de 15\u00a0ans.<\/p>\n<p>Une victime recueillie par une patrouille de police \u00e0 la Busserine<\/p>\n<p>\u00c0 l\u2019\u00e9poque des faits, en\u00a02020, tout juste majeur, \u00ab\u00a0Mareko\u00a0\u00bb, arriv\u00e9 l\u2019ann\u00e9e pr\u00e9c\u00e9dente de r\u00e9gion parisienne pour dealer dans les cit\u00e9s marseillaises, \u00e9tait le g\u00e9rant de terrain du plan stup de la Busserine.<\/p>\n<p>Avec ses subordonn\u00e9s, il avait fait subir un calvaire \u00e0 plusieurs adolescents, de 15, 16 et 17\u00a0ans, coll\u00e9giens press\u00e9s de se faire un peu d\u2019argent ou ados en fugue, recrut\u00e9s par le r\u00e9seau et finalement r\u00e9duits en esclavage. S\u00e9questr\u00e9s, frapp\u00e9s voire tortur\u00e9s, l\u2019un d\u2019entre eux avait m\u00eame \u00e9t\u00e9 contraint \u00e0 une fellation dans une cave par l\u2019un des accus\u00e9s mineurs, qui avait film\u00e9 la sc\u00e8ne pour menacer ensuite sa victime de diffuser la vid\u00e9o sur les r\u00e9seaux sociaux.<\/p>\n<p>Jusqu\u2019\u00e0 ce que le 18\u00a0novembre\u00a02020, l\u2019une des victimes, en piteux \u00e9tat, se jette sur une patrouille de police pour \u00eatre sauv\u00e9, mettant fin \u00e0 un cauchemar, qui pour certains ados avait dur\u00e9 plusieurs semaines.<\/p>\n","protected":false},"excerpt":{"rendered":"\u00c0 23\u00a0ans, Guy Boakye, dit \u00ab\u00a0Mareko Scarla\u00a0\u00bb, est d\u00e9j\u00e0 consid\u00e9r\u00e9 comme une figure majeure du narcobanditisme bien au-del\u00e0&hellip;\n","protected":false},"author":2,"featured_media":452522,"comment_status":"","ping_status":"","sticky":false,"template":"","format":"standard","meta":{"footnotes":""},"categories":[2814],"tags":[17,1111,11,1764,7431,8652,6696,1777,674,274,1011,27,57807,884,12,882,15128,25,57808],"class_list":{"0":"post-452521","1":"post","2":"type-post","3":"status-publish","4":"format-standard","5":"has-post-thumbnail","7":"category-marseille","8":"tag-17","9":"tag-actu","10":"tag-actualites","11":"tag-ans","12":"tag-appel","13":"tag-condamne","14":"tag-criminelle","15":"tag-eu","16":"tag-europe","17":"tag-faits-divers-justice","18":"tag-fr","19":"tag-france","20":"tag-mareko","21":"tag-marseille","22":"tag-news","23":"tag-provence-alpes-cote-dazur","24":"tag-reclusion","25":"tag-republique-francaise","26":"tag-scarla"},"share_on_mastodon":{"url":"https:\/\/pubeurope.com\/@fr\/115349941517716020","error":""},"_links":{"self":[{"href":"https:\/\/www.europesays.com\/fr\/wp-json\/wp\/v2\/posts\/452521","targetHints":{"allow":["GET"]}}],"collection":[{"href":"https:\/\/www.europesays.com\/fr\/wp-json\/wp\/v2\/posts"}],"about":[{"href":"https:\/\/www.europesays.com\/fr\/wp-json\/wp\/v2\/types\/post"}],"author":[{"embeddable":true,"href":"https:\/\/www.europesays.com\/fr\/wp-json\/wp\/v2\/users\/2"}],"replies":[{"embeddable":true,"href":"https:\/\/www.europesays.com\/fr\/wp-json\/wp\/v2\/comments?post=452521"}],"version-history":[{"count":0,"href":"https:\/\/www.europesays.com\/fr\/wp-json\/wp\/v2\/posts\/452521\/revisions"}],"wp:featuredmedia":[{"embeddable":true,"href":"https:\/\/www.europesays.com\/fr\/wp-json\/wp\/v2\/media\/452522"}],"wp:attachment":[{"href":"https:\/\/www.europesays.com\/fr\/wp-json\/wp\/v2\/media?parent=452521"}],"wp:term":[{"taxonomy":"category","embeddable":true,"href":"https:\/\/www.europesays.com\/fr\/wp-json\/wp\/v2\/categories?post=452521"},{"taxonomy":"post_tag","embeddable":true,"href":"https:\/\/www.europesays.com\/fr\/wp-json\/wp\/v2\/tags?post=452521"}],"curies":[{"name":"wp","href":"https:\/\/api.w.org\/{rel}","templated":true}]}}