{"id":452523,"date":"2025-10-10T12:46:17","date_gmt":"2025-10-10T12:46:17","guid":{"rendered":"https:\/\/www.europesays.com\/fr\/452523\/"},"modified":"2025-10-10T12:46:17","modified_gmt":"2025-10-10T12:46:17","slug":"meme-sans-evenement-international-marseille-est-une-destination-appreciee","status":"publish","type":"post","link":"https:\/\/www.europesays.com\/fr\/452523\/","title":{"rendered":"M\u00eame sans \u00e9v\u00e9nement international, Marseille est une destination appr\u00e9ci\u00e9e"},"content":{"rendered":"<p>Apr\u00e8s une ann\u00e9e touristique 2024 exceptionnelle du fait de ces deux \u00e9v\u00e9nements internationaux que sont les <a href=\"https:\/\/mesinfos.fr\/dossier-jeux-olympiques-marseille-dans-la-competition-141\" rel=\"noopener\" target=\"_blank\">Jeux olympiques<\/a> et la Coupe du monde de rugby, Marseille a connu pour septembre 2025 un <strong>l\u00e9ger recul global de sa fr\u00e9quentation touristique<\/strong>. <\/p>\n<p>Ainsi, selon l\u2019<a href=\"https:\/\/www.marseille-tourisme.com\/\" rel=\"noopener\" target=\"_blank\">Office du tourisme, des loisirs et des congr\u00e8s de Marseille<\/a> qui a pr\u00e9sent\u00e9 ces r\u00e9sultats le 7 octobre, on a enregistr\u00e9 une fr\u00e9quentation en hausse de 4 % en juin 2025, suivie d\u2019une baisse de 6\u00a0% en juillet, de 3 % en ao\u00fbt et de 4 % en septembre, par rapport a 2024. <\/p>\n<p>Plus en d\u00e9tails, on note une<strong> fr\u00e9quentation stable des visiteurs fran\u00e7ais <\/strong>mais une <strong>baisse sensible en ce qui concerne les visiteurs internationaux<\/strong> (-4 % en juin, -15 % en juillet, -13 % en ao\u00fbt, -5 % en septembre). Le<strong> top 10<\/strong> de ces derniers se d\u00e9compose malgr\u00e9 tout comme suit : Allemands, Am\u00e9ricains (recul important), Britanniques (recul important), Espagnols, Suisses (forte progression), Italiens (recul important), Belges, Chinois (forte progression), N\u00e9erlandais et Br\u00e9siliens. <\/p>\n<p> Hausse du nombre des \u00e9v\u00e9nements \u00e0 Marseille <\/p>\n<p>Pour faire face \u00e0 ce recul anticip\u00e9 apr\u00e8s une ann\u00e9e 2024 exceptionnelle, l\u2019<a href=\"https:\/\/www.marseille-tourisme.com\/\" rel=\"noopener\" target=\"_blank\">Office de tourisme, des loisirs et des congr\u00e8s de Marseille<\/a>, en partenariat avec la municipalit\u00e9, a, entre juin et septembre, multipli\u00e9 les \u00e9v\u00e9nements\u00a0(concerts, spectacles, cin\u00e9 plein air et visites diverses) dans le cadre de \u00ab\u00a0l\u2019\u00c9t\u00e9 marseillais \u00bb et mis en place un dispositif de renseignements \u00ab\u00a0hors les murs\u00a0\u00bb qui est venu en aide \u00e0 quelque 77 000 personnes (dont 28 000 croisi\u00e9ristes et 18 700 excursionnistes dans les Calanques). L\u2019office de tourisme, sur la Canebi\u00e8re, a, quant \u00e0 lui r\u00e9pondu aux demandes de 20 000 personnes.<\/p>\n<p> <img decoding=\"async\" alt=\"\" class=\"img-align-center\" data-zoomable=\"\" loading=\"lazy\" src=\"https:\/\/www.europesays.com\/fr\/wp-content\/uploads\/2025\/10\/calanque-sugiton-marseille.jpg\"\/> \u00a9 LamyOMTCM &#8211; La calanque de Sugiton. Des spectacles sur le Vieux-Port de Marseille <\/p>\n<p>C\u00f4t\u00e9 spectacles et concerts, dix dates ont \u00e9t\u00e9 propos\u00e9es dans le cadre de \u00ab\u00a0Sc\u00e8ne sur l\u2019eau\u00a0\u00bb avec des t\u00eates d\u2019affiche comme Worakls orchestra, Earth, Wind &amp; Fire ou encore La Horde. <strong>Entre 250 et 300 000 spectateurs ont profit\u00e9 de ces soir\u00e9es gratuites.<\/strong> <\/p>\n<p>Autre d\u00e9couverte gratuite, la visite de la <strong>digue du Large<\/strong>, interdite au public depuis des d\u00e9cennies. Un total de 1 700 personnes a pu s\u2019y rendre. PC encore des visites gratuites : Port Center, Mars \u00e0 Table\u2026<\/p>\n<p>Si on rajoute des visites payantes, le <strong>top 5 de ces d\u00e9couvertes<\/strong> se d\u00e9cline comme suit : Cit\u00e9 radieuse, digue du Large, le quartier du Panier, Mars \u00e0 Table et graffiti et street art du cours Julien. A cela s\u2019ajoutent toutes les r\u00e9servations (41 565) effectu\u00e9es via la plateforme de vente <a href=\"https:\/\/www.marseille-tourisme.com\/experience\/\" rel=\"noopener\" target=\"_blank\">Marseille Exp\u00e9rience<\/a> qui propose des centaines d\u2019activit\u00e9s organis\u00e9es par des professionnels marseillais en d\u00e9marche de <a href=\"https:\/\/mesinfos.fr\/13000-marseille\/l-irfedd-forme-aux-metiers-du-developpement-222134.html\" rel=\"noopener\" target=\"_blank\">d\u00e9veloppement durable<\/a> : v\u00e9lo, escalade, bateau, plong\u00e9e, foodtours, visites guid\u00e9es, escape game urbain&#8230; Un succ\u00e8s vue la hausse significative des ventes et notamment en septembre (+40 % par rapport \u00e0 2024).<\/p>\n<p> <img decoding=\"async\" alt=\"\" class=\"img-align-center\" data-zoomable=\"\" loading=\"lazy\" src=\"https:\/\/www.europesays.com\/fr\/wp-content\/uploads\/2025\/10\/la-cite-radieuse-corbusier-marseille.jpg\"\/> M.C. &#8211; La Cit\u00e9 radieuse, construite par Le Corbusier, fait toujours partie du top 5 des visites touristiques les plus demand\u00e9es. Feu d\u2019artifice et spectacle de drones \u00e0 Marseille <\/p>\n<p>A noter encore que le feu d\u2019artifice du 15 ao\u00fbt (une premi\u00e8re), doubl\u00e9 d\u2019un <strong>spectacle de drones lumineux<\/strong>, a attir\u00e9 quelque<strong> 50 000 personnes <\/strong>sur le J4 et le parvis de la Major. Un chiffre \u00e0 multiplier par plus de 10 en ce qui concerne les huit concerts donn\u00e9s par six artistes au stade V\u00e9lodrome. Quelque<strong> 530 000 personnes ont ainsi assist\u00e9 aux concerts<\/strong> de Jul (deux dates), Bruce Springsteen, Ed Sheeran (deux dates), David Guetta, IAM et Alonzo. Autant d\u2019\u00e9v\u00e9nements qui ont g\u00e9n\u00e9r\u00e9 une forte fr\u00e9quentation et un impact significatif sur l\u2019h\u00e9bergement marchand, les locations saisonni\u00e8res et l\u2019h\u00f4tellerie (+26 % de nuit\u00e9es marchandes et non marchandes par rapport \u00e0 2024, notamment d\u00fb \u00e0 la venue de Bruce Springsteen). <\/p>\n<p> Entre concerts et festivals \u00e0 Marseille <\/p>\n<p>Autres moments musicaux forts, le Festival de jazz des cinq continents qui, pour sa 25e \u00e9dition, a attir\u00e9 pas moins de 35 000 spectateurs (90 % de remplissage pour 85 concerts dont la moiti\u00e9 gratuits) et le <a href=\"https:\/\/mesinfos.fr\/13000-marseille\/une-journee-au-delta-festival-a-marseille-a-50-euros-l-offre-exceptionnelle-de-l-ete-2025-228020.html\" rel=\"noopener\" target=\"_blank\">Delta Festival<\/a>. <strong>125 000 festivaliers se sont d\u00e9plac\u00e9s sur les plages du Prado, <\/strong>entre le 27 et le 31 ao\u00fbt. Soit 5 000 personnes de plus que l\u2019ann\u00e9e pass\u00e9e.<\/p>\n<p> <img decoding=\"async\" alt=\"\" class=\"img-align-center\" data-zoomable=\"\" height=\"962\" loading=\"lazy\" src=\"https:\/\/www.europesays.com\/fr\/wp-content\/uploads\/2025\/10\/delta-festival-marseille-foule-scene.jpg\" width=\"1250\"\/> \u00a9 M.C. &#8211; Cette ann\u00e9e, le Delta Festival s&rsquo;est d\u00e9roul\u00e9 du 27 au 31 ao\u00fbt, sur les plages du Prado, \u00e0 Marseille.  Des performances h\u00f4teli\u00e8res <\/p>\n<p>Tous ces \u00e9v\u00e9nements ont permis de maintenir des <strong>performances solides en ce qui concerne l\u2019h\u00f4tellerie<\/strong> avec un taux d\u2019occupation moyen de 81 % sur juin, juillet, ao\u00fbt et septembre (+3,1 %). <\/p>\n<p>Malgr\u00e9 tout, <strong>le chiffre d\u2019affaire a baiss\u00e9<\/strong> du fait d\u2019un retour \u00e0 la normale apr\u00e8s les grands \u00e9v\u00e9nements de 2024. M\u00eame si son prix moyen a augment\u00e9, le march\u00e9 des locations saisonni\u00e8re a, quant \u00e0 lui, fortement recul\u00e9 : 14 %. Un recul qui s\u2019explique par l\u2019absence d\u2019\u00e9v\u00e9nements internationaux. Or, ce mode de logement est particuli\u00e8rement pris\u00e9 par les visiteurs internationaux. Pour autant, les \u00e9changes de logements, notamment via la plateforme Home Exchange a progress\u00e9. Pas moins de 4 364 logements ont donn\u00e9 lieu \u00e0 des \u00e9changes. <\/p>\n<p>L\u2019effet \u00ab\u00a0\u00e9t\u00e9 indien\u00a0\u00bb dope le tourisme de fin de saison \u00e0 Marseille <\/p>\n<p>Autre constat, la <strong>saison touristique a tendance \u00e0 s\u2019allonger<\/strong>. Marseille profite \u00e0 fond de l\u2019effet \u00ab\u00a0\u00e9t\u00e9 indien\u00a0\u00bb avec notamment le festival Mars \u00e0 table (4-12 octobre), la Fiesta des Suds (9-12 octobre), Marseille-Cassis (26 octobre), le Hero Festival (8-9 novembre), The Fork Awards 2025 (1er d\u00e9cembre) et les festivit\u00e9s de fin d\u2019ann\u00e9e avec la <a href=\"https:\/\/mesinfos.fr\/13000-marseille\/le-santon-jean-claude-dusse-tout-schuss-pour-la-creche-231045.html\" rel=\"noopener\" target=\"_blank\">foire aux santons <\/a>et les march\u00e9s de No\u00ebl.<\/p>\n","protected":false},"excerpt":{"rendered":"Apr\u00e8s une ann\u00e9e touristique 2024 exceptionnelle du fait de ces deux \u00e9v\u00e9nements internationaux que sont les Jeux olympiques&hellip;\n","protected":false},"author":2,"featured_media":452524,"comment_status":"","ping_status":"","sticky":false,"template":"","format":"standard","meta":{"footnotes":""},"categories":[2814],"tags":[1111,11,251,1777,674,1011,27,10284,884,12,1186,882,25],"class_list":{"0":"post-452523","1":"post","2":"type-post","3":"status-publish","4":"format-standard","5":"has-post-thumbnail","7":"category-marseille","8":"tag-actu","9":"tag-actualites","10":"tag-culture","11":"tag-eu","12":"tag-europe","13":"tag-fr","14":"tag-france","15":"tag-location","16":"tag-marseille","17":"tag-news","18":"tag-provence","19":"tag-provence-alpes-cote-dazur","20":"tag-republique-francaise"},"share_on_mastodon":{"url":"https:\/\/pubeurope.com\/@fr\/115349946087673799","error":""},"_links":{"self":[{"href":"https:\/\/www.europesays.com\/fr\/wp-json\/wp\/v2\/posts\/452523","targetHints":{"allow":["GET"]}}],"collection":[{"href":"https:\/\/www.europesays.com\/fr\/wp-json\/wp\/v2\/posts"}],"about":[{"href":"https:\/\/www.europesays.com\/fr\/wp-json\/wp\/v2\/types\/post"}],"author":[{"embeddable":true,"href":"https:\/\/www.europesays.com\/fr\/wp-json\/wp\/v2\/users\/2"}],"replies":[{"embeddable":true,"href":"https:\/\/www.europesays.com\/fr\/wp-json\/wp\/v2\/comments?post=452523"}],"version-history":[{"count":0,"href":"https:\/\/www.europesays.com\/fr\/wp-json\/wp\/v2\/posts\/452523\/revisions"}],"wp:featuredmedia":[{"embeddable":true,"href":"https:\/\/www.europesays.com\/fr\/wp-json\/wp\/v2\/media\/452524"}],"wp:attachment":[{"href":"https:\/\/www.europesays.com\/fr\/wp-json\/wp\/v2\/media?parent=452523"}],"wp:term":[{"taxonomy":"category","embeddable":true,"href":"https:\/\/www.europesays.com\/fr\/wp-json\/wp\/v2\/categories?post=452523"},{"taxonomy":"post_tag","embeddable":true,"href":"https:\/\/www.europesays.com\/fr\/wp-json\/wp\/v2\/tags?post=452523"}],"curies":[{"name":"wp","href":"https:\/\/api.w.org\/{rel}","templated":true}]}}