{"id":452527,"date":"2025-10-10T12:48:18","date_gmt":"2025-10-10T12:48:18","guid":{"rendered":"https:\/\/www.europesays.com\/fr\/452527\/"},"modified":"2025-10-10T12:48:18","modified_gmt":"2025-10-10T12:48:18","slug":"metropole-de-lyon-deux-hommes-ouvrent-le-feu-a-venissieux-un-blesse-par-balle-aux-minguettes","status":"publish","type":"post","link":"https:\/\/www.europesays.com\/fr\/452527\/","title":{"rendered":"M\u00e9tropole de Lyon. Deux hommes ouvrent le feu \u00e0 V\u00e9nissieux, un bless\u00e9 par balle aux Minguettes"},"content":{"rendered":"<p>Un homme de 36 ans, d\u2019origine alg\u00e9rienne, a \u00e9t\u00e9 bless\u00e9 par balle au niveau d\u2019un membre inf\u00e9rieur, vraisemblablement \u00e0 la cuisse, dans la nuit du jeudi\u00a09 au vendredi 10\u00a0octobre \u00e0 V\u00e9nissieux (Est lyonnais), a appris Le Progr\u00e8s de sources concordantes.<\/p>\n<p>Selon nos informations, deux hommes en voiture ont fait feu sur la victime, sur la voie publique, pr\u00e8s des commerces de <a href=\"https:\/\/www.leprogres.fr\/economie\/2025\/03\/07\/ce-n-est-plus-comme-avant-a-venissieux-les-commercants-de-la-rotonde-face-a-la-tentation-du-renoncement\" target=\"_blank\" rel=\"noopener\">La Rotonde<\/a> et de la ligne de tramway, avenue Maurice-Thorez. Les faits sont survenus peu apr\u00e8s minuit, dans le quartier des Minguettes.<\/p>\n<p>  La victime s\u2019est r\u00e9fugi\u00e9e dans une pizzeria<\/p>\n<p>Le pronostic vital du trentenaire n\u2019est pas engag\u00e9. Il est parvenu \u00e0 se r\u00e9fugier dans une pizzeria avant d\u2019\u00eatre pris en charge par les secours et d\u2019\u00eatre transport\u00e9 \u00e0 l\u2019h\u00f4pital \u00c9douard-Herriot (Lyon 3e ).<\/p>\n<p>Les auteurs \u00e9taient toujours en fuite, \u00e0 la mi-journ\u00e9e vendredi. Une enqu\u00eate de police a \u00e9t\u00e9 ouverte pour les identifier et faire la lumi\u00e8re sur le mobile.<\/p>\n<p>Aucun point de deal connu des forces de l\u2019ordre n\u2019est pr\u00e9sent dans les environs du lieu des faits, mais un lien avec le trafic de stup\u00e9fiants ne peut pas \u00eatre formellement \u00e9cart\u00e9 \u00e0 ce stade des investigations.<\/p>\n","protected":false},"excerpt":{"rendered":"Un homme de 36 ans, d\u2019origine alg\u00e9rienne, a \u00e9t\u00e9 bless\u00e9 par balle au niveau d\u2019un membre inf\u00e9rieur, vraisemblablement&hellip;\n","protected":false},"author":2,"featured_media":452528,"comment_status":"","ping_status":"","sticky":false,"template":"","format":"standard","meta":{"footnotes":""},"categories":[1889],"tags":[1111,11,2430,271,272,3152,1777,674,274,107,1011,27,2428,12,25,2429,4375,4407],"class_list":{"0":"post-452527","1":"post","2":"type-post","3":"status-publish","4":"format-standard","5":"has-post-thumbnail","7":"category-lyon","8":"tag-actu","9":"tag-actualites","10":"tag-auvergne-rhone-alpes","11":"tag-crime","12":"tag-delit-et-contravention","13":"tag-edition-est-lyonnais","14":"tag-eu","15":"tag-europe","16":"tag-faits-divers-justice","17":"tag-fil-info","18":"tag-fr","19":"tag-france","20":"tag-lyon","21":"tag-news","22":"tag-republique-francaise","23":"tag-rhone","24":"tag-venissieux","25":"tag-venissieux-bassin"},"share_on_mastodon":{"url":"https:\/\/pubeurope.com\/@fr\/115349953373990861","error":""},"_links":{"self":[{"href":"https:\/\/www.europesays.com\/fr\/wp-json\/wp\/v2\/posts\/452527","targetHints":{"allow":["GET"]}}],"collection":[{"href":"https:\/\/www.europesays.com\/fr\/wp-json\/wp\/v2\/posts"}],"about":[{"href":"https:\/\/www.europesays.com\/fr\/wp-json\/wp\/v2\/types\/post"}],"author":[{"embeddable":true,"href":"https:\/\/www.europesays.com\/fr\/wp-json\/wp\/v2\/users\/2"}],"replies":[{"embeddable":true,"href":"https:\/\/www.europesays.com\/fr\/wp-json\/wp\/v2\/comments?post=452527"}],"version-history":[{"count":0,"href":"https:\/\/www.europesays.com\/fr\/wp-json\/wp\/v2\/posts\/452527\/revisions"}],"wp:featuredmedia":[{"embeddable":true,"href":"https:\/\/www.europesays.com\/fr\/wp-json\/wp\/v2\/media\/452528"}],"wp:attachment":[{"href":"https:\/\/www.europesays.com\/fr\/wp-json\/wp\/v2\/media?parent=452527"}],"wp:term":[{"taxonomy":"category","embeddable":true,"href":"https:\/\/www.europesays.com\/fr\/wp-json\/wp\/v2\/categories?post=452527"},{"taxonomy":"post_tag","embeddable":true,"href":"https:\/\/www.europesays.com\/fr\/wp-json\/wp\/v2\/tags?post=452527"}],"curies":[{"name":"wp","href":"https:\/\/api.w.org\/{rel}","templated":true}]}}