{"id":452533,"date":"2025-10-10T12:51:13","date_gmt":"2025-10-10T12:51:13","guid":{"rendered":"https:\/\/www.europesays.com\/fr\/452533\/"},"modified":"2025-10-10T12:51:13","modified_gmt":"2025-10-10T12:51:13","slug":"le-cessez-le-feu-est-entre-en-vigueur-selon-larmee-israelienne-des-milliers-de-palestiniens-marchent-vers-le-nord","status":"publish","type":"post","link":"https:\/\/www.europesays.com\/fr\/452533\/","title":{"rendered":"le cessez-le-feu est entr\u00e9 en vigueur, selon l\u2019arm\u00e9e isra\u00e9lienne\u00a0; des milliers de Palestiniens marchent vers le nord"},"content":{"rendered":"<p>   Des milliers de personnes marchent vers le nord apr\u00e8s l\u2019annonce du cessez-le-feu             <\/p>\n<p class=\"post__live-container--answer-text post__space-node\">Des milliers de Palestiniens sont en marche vendredi vers le nord de la bande de Gaza apr\u00e8s l\u2019annonce du cessez-le-feu, ont constat\u00e9 des journalistes de l\u2019Agence France-Presse (AFP) \u00e0 Nousseirat, dans le centre du territoire.<\/p>\n<p>                 <img decoding=\"async\" class=\"post__live-container--img post__space-node\"  src=\"https:\/\/www.europesays.com\/fr\/wp-content\/uploads\/2025\/10\/5dd7067_ftp-import-images-1-fs0oaug0iy63-20fe860b117644f896d1a696db86ed4e-0-ade63bb6a1614dd69fced0b7.jpeg\" data- alt=\"Des Palestiniens marchent le long de la route c\u00f4ti\u00e8re de la bande de Gaza, en direction du nord, le 10\u00a0octobre 2025.\"\/>   Des Palestiniens marchent le long de la route c\u00f4ti\u00e8re de la bande de Gaza, en direction du nord, le 10\u00a0octobre 2025. ABDEL KAREEM HANA\/AP                 <img decoding=\"async\" class=\"post__live-container--img post__space-node\"  src=\"https:\/\/www.europesays.com\/fr\/wp-content\/uploads\/2025\/10\/1760100673_141_8e3413c_ftp-import-images-1-smoma4dumxnt-17e9e305f2e04e7a89940771b0fbae8f-0-c3ccccc4cdb14cc8a028bce9.jpeg\" data- alt=\"Le long de la route c\u00f4ti\u00e8re, dans le centre de la bande de Gaza, le 10\u00a0octobre 2025.\"\/>   Le long de la route c\u00f4ti\u00e8re, dans le centre de la bande de Gaza, le 10\u00a0octobre 2025. ABDEL KAREEM HANA\/AP               <\/p>\n<p class=\"post__live-container--answer-text post__space-node\">Une file de pi\u00e9tons, presque ininterrompue, marche le long de la route Al-Rachid, axe c\u00f4tier longeant la M\u00e9diterran\u00e9e, en direction du nord de la bande de Gaza, et quelques v\u00e9hicules avancent lentement dans le m\u00eame sens, au milieu de la foule.<\/p>\n<p class=\"post__live-container--answer-text post__space-node\"><a href=\"https:\/\/t.me\/IDFSpokespersonArabic\/10920\" target=\"_blank\" rel=\"noopener nofollow\" title=\"Nouvelle fen\u00eatre\">Le porte-parole de l\u2019arm\u00e9e isra\u00e9lienne en langue arabe, Avichay Adraee, a annonc\u00e9<\/a> que \u00ab\u00a0le d\u00e9placement du sud vers le nord de la bande de Gaza est autoris\u00e9 via la route Al-Rachid et la route Salah Al-Din\u00a0\u00bb, mais qu\u2019il est \u00ab\u00a0extr\u00eamement dangereux de s\u2019approcher des zones de Beit Hanoun, Beit Lahya, Al-Shujaiya\u00a0\u00bb et qu\u2019il est \u00ab\u00a0interdit de s\u2019approcher des forces de l\u2019arm\u00e9e isra\u00e9lienne dans la r\u00e9gion jusqu\u2019\u00e0 nouvel ordre. S\u2019approcher des forces vous met en danger\u00a0\u00bb. Dans le sud, \u00ab\u00a0il est extr\u00eamement dangereux de s\u2019approcher de la zone du point de passage de Rafah [avec l\u2019Egypte], du corridor de Philadelphie [le long de la fronti\u00e8re \u00e9gyptienne], ainsi que de toutes les zones de concentration des forces \u00e0 Khan Youn\u00e8s\u00a0\u00bb, pr\u00e9vient-il.<\/p>\n","protected":false},"excerpt":{"rendered":"Des milliers de personnes marchent vers le nord apr\u00e8s l\u2019annonce du cessez-le-feu Des milliers de Palestiniens sont en&hellip;\n","protected":false},"author":2,"featured_media":452341,"comment_status":"","ping_status":"","sticky":false,"template":"","format":"standard","meta":{"footnotes":""},"categories":[1888],"tags":[1111,1928,11,1927,1777,674,1011,27,12,1926,626,1925,25],"class_list":{"0":"post-452533","1":"post","2":"type-post","3":"status-publish","4":"format-standard","5":"has-post-thumbnail","7":"category-paris","8":"tag-actu","9":"tag-actu-paris","10":"tag-actualites","11":"tag-actualites-paris","12":"tag-eu","13":"tag-europe","14":"tag-fr","15":"tag-france","16":"tag-news","17":"tag-news-paris","18":"tag-paris","19":"tag-paris-news","20":"tag-republique-francaise"},"share_on_mastodon":{"url":"https:\/\/pubeurope.com\/@fr\/115349965615827174","error":""},"_links":{"self":[{"href":"https:\/\/www.europesays.com\/fr\/wp-json\/wp\/v2\/posts\/452533","targetHints":{"allow":["GET"]}}],"collection":[{"href":"https:\/\/www.europesays.com\/fr\/wp-json\/wp\/v2\/posts"}],"about":[{"href":"https:\/\/www.europesays.com\/fr\/wp-json\/wp\/v2\/types\/post"}],"author":[{"embeddable":true,"href":"https:\/\/www.europesays.com\/fr\/wp-json\/wp\/v2\/users\/2"}],"replies":[{"embeddable":true,"href":"https:\/\/www.europesays.com\/fr\/wp-json\/wp\/v2\/comments?post=452533"}],"version-history":[{"count":0,"href":"https:\/\/www.europesays.com\/fr\/wp-json\/wp\/v2\/posts\/452533\/revisions"}],"wp:featuredmedia":[{"embeddable":true,"href":"https:\/\/www.europesays.com\/fr\/wp-json\/wp\/v2\/media\/452341"}],"wp:attachment":[{"href":"https:\/\/www.europesays.com\/fr\/wp-json\/wp\/v2\/media?parent=452533"}],"wp:term":[{"taxonomy":"category","embeddable":true,"href":"https:\/\/www.europesays.com\/fr\/wp-json\/wp\/v2\/categories?post=452533"},{"taxonomy":"post_tag","embeddable":true,"href":"https:\/\/www.europesays.com\/fr\/wp-json\/wp\/v2\/tags?post=452533"}],"curies":[{"name":"wp","href":"https:\/\/api.w.org\/{rel}","templated":true}]}}