{"id":452534,"date":"2025-10-10T12:52:11","date_gmt":"2025-10-10T12:52:11","guid":{"rendered":"https:\/\/www.europesays.com\/fr\/452534\/"},"modified":"2025-10-10T12:52:11","modified_gmt":"2025-10-10T12:52:11","slug":"liranienne-que-teheran-veut-echanger-contre-des-francais-doit-etre-jugee-en-janvier-a-paris","status":"publish","type":"post","link":"https:\/\/www.europesays.com\/fr\/452534\/","title":{"rendered":"L&rsquo;Iranienne que T\u00e9h\u00e9ran veut \u00e9changer contre des Fran\u00e7ais doit \u00eatre jug\u00e9e en janvier \u00e0 Paris"},"content":{"rendered":"<p class=\"mb-4 text-lg md:leading-8 break-words\">L&rsquo;audience\u00a0de Mahdieh Esfandiari, une Iranienne d\u00e9tenue en France pour des soup\u00e7ons d&rsquo;apologie du terrorisme commis en ligne, aura lieu mi-janvier. Les autorit\u00e9s iraniennes proposent depuis septembre un \u00e9change entre Mahdieh Esfandiari, arr\u00eat\u00e9e le 28 f\u00e9vrier \u00e0 Villeurbanne, pr\u00e8s de Lyon, et C\u00e9cile Kohler, 41 ans, et Jacques Paris, 72 ans, d\u00e9tenus en Iran depuis mai 2022 et dont la sant\u00e9 se d\u00e9grade.<\/p>\n<p class=\"mb-4 text-lg md:leading-8 break-words\">Possible monnaie d&rsquo;\u00e9change avec <a href=\"https:\/\/www.france24.com\/fr\/moyen-orient\/20250109-iran-la-d\u00e9tention-de-la-fran\u00e7aise-c\u00e9cile-kohler-peut-lui-\u00eatre-fatal-selon-narges-mohammadi\" rel=\"nofollow noopener\" target=\"_blank\" data-ylk=\"slk:C\u00e9cile Kohler et Jacques Paris;elm:context_link;itc:0;sec:content-canvas\" class=\"link \">C\u00e9cile Kohler et Jacques Paris<\/a>, deux Fran\u00e7ais emprisonn\u00e9s en Iran. Mahdieh Esfandiari, Iranienne d\u00e9tenue en France, doit \u00eatre jug\u00e9e en janvier \u00e0 Paris pour avoir fait l&rsquo;apologie du terrorisme sur les r\u00e9seaux sociaux.<\/p>\n<p class=\"mb-4 text-lg md:leading-8 break-words\">Le 11\u00a0septembre, le chef de la diplomatie iranienne, Abbas Araghchi, a annonc\u00e9 \u00e0 la surprise g\u00e9n\u00e9rale qu&rsquo;un \u00ab\u00a0accord\u00a0\u00bb visant \u00e0 \u00e9changer des \u00ab\u00a0prisonniers\u00a0\u00bb fran\u00e7ais en Iran contre une femme iranienne d\u00e9tenue en France approchait de sa \u00ab\u00a0phase finale\u00a0\u00bb.<\/p>\n<p class=\"mb-4 text-lg md:leading-8 break-words\">T\u00e9h\u00e9ran propose un \u00e9change entre Mahdieh Esfandiari, arr\u00eat\u00e9e le 28\u00a0f\u00e9vrier \u00e0 Villeurbanne, pr\u00e8s de Lyon, et C\u00e9cile Kohler, 41\u00a0ans, et Jacques Paris, 72\u00a0ans, d\u00e9tenus en Iran depuis mai 2022\u00a0et accus\u00e9s d&rsquo;espionnage pour le compte d&rsquo;Isra\u00ebl. Leurs familles ont <a href=\"https:\/\/fr.news.yahoo.com\/fran%C3%A7ais-d%C3%A9tenus-iran-t%C3%A9h%C3%A9ran-esp%C3%A8re-095540917.html\" data-ylk=\"slk:d\u00e9crit leur situation comme de plus en plus d\u00e9sesp\u00e9r\u00e9e;elm:context_link;itc:0;sec:content-canvas;outcm:mb_qualified_link;_E:mb_qualified_link;ct:story;\" class=\"link  yahoo-link\" target=\"_blank\" rel=\"noopener\">d\u00e9crit leur situation comme de plus en plus d\u00e9sesp\u00e9r\u00e9e<\/a>.<\/p>\n<p class=\"mb-4 text-lg md:leading-8 break-words\">\u00c0 lire aussi<a class=\"link \" href=\"https:\/\/www.france24.com\/fr\/asie-pacifique\/20250703-iran-de-quels-leviers-dispose-france-pour-lib\u00e9rer-c\u00e9cile-kohler-jacques-paris\" rel=\"nofollow noopener\" target=\"_blank\" data-ylk=\"slk:De quels leviers dispose la France pour lib\u00e9rer C\u00e9cile Kohler et Jacques Paris en Iran\u00a0?;elm:context_link;itc:0;sec:content-canvas\">De quels leviers dispose la France pour lib\u00e9rer C\u00e9cile Kohler et Jacques Paris en Iran\u00a0?<\/a><\/p>\n<p class=\"mb-4 text-lg md:leading-8 break-words\">T\u00e9h\u00e9ran estime que Mahdieh Esfandiari est injustement d\u00e9tenue, tandis que Paris consid\u00e8re que C\u00e9cile Kohler et Jacques Paris sont \u00ab\u00a0retenus comme otages d&rsquo;\u00c9tat\u00a0\u00bb en Iran.<\/p>\n<p class=\"mb-4 text-lg md:leading-8 break-words\">Le chef de la diplomatie fran\u00e7aise, <a class=\"link \" href=\"https:\/\/www.france24.com\/fr\/tag\/jean-no\u00ebl-barrot\/\" rel=\"nofollow noopener\" target=\"_blank\" data-ylk=\"slk:Jean-No\u00ebl Barrot;elm:context_link;itc:0;sec:content-canvas\">Jean-No\u00ebl Barrot<\/a>, a r\u00e9p\u00e9t\u00e9 lundi qu&rsquo;il existait \u00ab\u00a0des perspectives solides de pouvoir les faire rentrer dans les prochaines semaines\u00a0\u00bb.<\/p>\n<p>Jug\u00e9e pour apologie d&rsquo;un acte de terrorisme commis en ligne<\/p>\n<p class=\"mb-4 text-lg md:leading-8 break-words\">Un juge d&rsquo;instruction parisien a renvoy\u00e9 Mahdieh Esfandiari devant le tribunal correctionnel de Paris par une ordonnance dat\u00e9e de mercredi 10\u00a0octobre, a indiqu\u00e9 le parquet de Paris, confirmant une information du journal Le Monde. Hasard du calendrier ? C&rsquo;est \u00e9galement mercredi que le Quai d&rsquo;Orsay a annonc\u00e9 <a href=\"https:\/\/fr.news.yahoo.com\/iran-jeune-franco-allemand-lennart-143623704.html\" data-ylk=\"slk:la lib\u00e9ration de Lennart Monterlos;elm:context_link;itc:0;sec:content-canvas;outcm:mb_qualified_link;_E:mb_qualified_link;ct:story;\" class=\"link  yahoo-link\" target=\"_blank\" rel=\"noopener\">la lib\u00e9ration de Lennart Monterlos<\/a>, un Franco-Allemand de 19\u00a0ans arr\u00eat\u00e9 le 16\u00a0juin en Iran pendant un p\u00e9riple \u00e0 v\u00e9lo.<\/p>\n<p class=\"mb-4 text-lg md:leading-8 break-words\">Mahdieh Esfandiari, 39\u00a0ans, sera jug\u00e9e pour apologie d&rsquo;un acte de terrorisme commis en ligne (d\u00e9lit faisant encourir sept ans d&#8217;emprisonnement et 100\u00a0000 euros d&rsquo;amende), provocation directe en ligne \u00e0 un acte de terrorisme (d\u00e9lit faisant encourir sept ans d&#8217;emprisonnement et 100\u00a0000 euros d&rsquo;amende), injure publique en ligne en raison de l&rsquo;origine, ethnie, nation, race ou religion et association de malfaiteurs, selon le parquet de Paris.<\/p>\n<p class=\"mb-4 text-lg md:leading-8 break-words\">Deux autres personnes, dont Maurizio B. qui s&rsquo;est pr\u00e9sent\u00e9 comme son compagnon selon Le Monde, sont poursuivies pour les m\u00eames chefs.<\/p>\n<p class=\"mb-4 text-lg md:leading-8 break-words\">De son c\u00f4t\u00e9, l&rsquo;essayiste d&rsquo;extr\u00eame droite Alain Soral doit \u00eatre jug\u00e9 pour apologie du terrorisme en ligne et association de malfaiteurs, et une autre personne pour association de malfaiteurs. R\u00e9sident en Suisse, il est vis\u00e9 par un mandat d&rsquo;amener, faute d&rsquo;avoir r\u00e9pondu \u00e0 sa convocation devant le juge d&rsquo;instruction.<\/p>\n<p class=\"mb-4 text-lg md:leading-8 break-words\">\u00c0 voir aussi<a class=\"link \" href=\"https:\/\/www.france24.com\/fr\/vid\u00e9o\/20250501-l-affaire-esfandiari-un-levier-pour-la-lib\u00e9ration-des-deux-fran\u00e7ais-d\u00e9tenus-en-iran-depuis-3-ans\" rel=\"nofollow noopener\" target=\"_blank\" data-ylk=\"slk:L&#039;affaire Esfandiari : un levier pour la lib\u00e9ration des deux Fran\u00e7ais d\u00e9tenus en Iran depuis 3 ans ?;elm:context_link;itc:0;sec:content-canvas\">L&rsquo;affaire Esfandiari : un levier pour la lib\u00e9ration des deux Fran\u00e7ais d\u00e9tenus en Iran depuis 3 ans ?<\/a><\/p>\n<p class=\"mb-4 text-lg md:leading-8 break-words\">L&rsquo;audience sur le fond doit avoir lieu les 13, 14, 15 et 16 janvier. Les faits reproch\u00e9s \u00e0 Mme Esfandiari ont \u00e9t\u00e9 commis \u00e0 Paris et \u00e0 Lyon de courant 2023\u00a0jusqu&rsquo;au 3\u00a0d\u00e9cembre 2024, notamment sur les plateformes Telegram et X (anciennement Twitter), Twitch et YouTube et le site \u00c9galit\u00e9 et r\u00e9conciliation.<\/p>\n<p class=\"mb-4 text-lg md:leading-8 break-words\">Le 30 octobre 2023, le parquet de Paris avait re\u00e7u un signalement du ministre de l&rsquo;Int\u00e9rieur relatif aux publications d&rsquo;un compte Telegram @Axe_de_la_R\u00e9sistance, faisant l&rsquo;apologie de l&rsquo;attaque sanglante men\u00e9e par le mouvement islamiste palestinien <a class=\"link \" href=\"https:\/\/www.france24.com\/fr\/tag\/hamas\/\" rel=\"nofollow noopener\" target=\"_blank\" data-ylk=\"slk:Hamas;elm:context_link;itc:0;sec:content-canvas\">Hamas<\/a> le 7 octobre 2023\u00a0en Isra\u00ebl, incitant \u00e0 des actes de terrorisme et injuriant la communaut\u00e9 juive.<\/p>\n<p>Apologie des massacres perp\u00e9tu\u00e9s le 7-Octobre<\/p>\n<p class=\"mb-4 text-lg md:leading-8 break-words\">Apr\u00e8s plusieurs mois d&rsquo;enqu\u00eate, des juges d&rsquo;instruction avaient \u00e9t\u00e9 saisis en novembre 2024. L&rsquo;exploitation des \u00e9changes a r\u00e9v\u00e9l\u00e9 que Mahdieh Esfandiari avait aliment\u00e9 Maurizio B., le cr\u00e9ateur d&rsquo;un compte X mis, comme elle, en examen et plac\u00e9 en d\u00e9tention provisoire, \u00ab\u00a0en contenu \u00e0 diffuser, et en conseils de prudence sur l&rsquo;anonymat et les transferts d&rsquo;argent en cryptomonnaies\u00a0\u00bb, a expliqu\u00e9 le parquet.<\/p>\n<p class=\"mb-4 text-lg md:leading-8 break-words\">Lors d&rsquo;une perquisition au domicile de Mahdieh Esfandiari ont \u00e9t\u00e9 retrouv\u00e9s des livres sur le r\u00e9gime iranien et plus de 2\u00a0000\u00a0euros en liquide.<\/p>\n<p class=\"mb-4 text-lg md:leading-8 break-words\">\u00c0 lire aussi<a class=\"link  yahoo-link\" href=\"https:\/\/fr.news.yahoo.com\/retire-kippa-apr%C3%A8s-7-octobre-050853293.html\" data-ylk=\"slk:&quot;On retire la kippa&quot; : apr\u00e8s le 7-Octobre, les juifs fran\u00e7ais face \u00e0 la flamb\u00e9e antis\u00e9mite;elm:context_link;itc:0;sec:content-canvas;outcm:mb_qualified_link;_E:mb_qualified_link;ct:story;\" target=\"_blank\" rel=\"noopener\">\u00ab\u00a0On retire la kippa\u00a0\u00bb : apr\u00e8s le 7-Octobre, les juifs fran\u00e7ais face \u00e0 la flamb\u00e9e antis\u00e9mite<\/a><\/p>\n<p class=\"mb-4 text-lg md:leading-8 break-words\">N\u00e9e en Iran, elle est arriv\u00e9e en France apr\u00e8s ses 20\u00a0ans. Apr\u00e8s avoir effectu\u00e9 des gardes d&rsquo;enfants et cr\u00e9\u00e9 une entreprise de traduction, interpr\u00e9tariat et enseignement, elle semblait envisager de retourner dans son pays natal.<\/p>\n<p class=\"mb-4 text-lg md:leading-8 break-words\">Parmi les nombreux propos qui lui sont reproch\u00e9s : le fait d&rsquo;avoir publi\u00e9 la phrase \u00ab\u00a0Une attaque qui fait le bonheur de milliards de gens dans le monde&#8230;\u00a0\u00bb en r\u00e9f\u00e9rence aux <a href=\"https:\/\/www.france24.com\/fr\/moyen-orient\/20241007-attaques-terroristes-du-7-octobre-par-le-hamas-le-jour-le-plus-meurtrier-de-l-histoire-d-isra\u00ebl\" rel=\"nofollow noopener\" target=\"_blank\" data-ylk=\"slk:massacres perp\u00e9tu\u00e9s le 7 octobre 2023 par le Hamas;elm:context_link;itc:0;sec:content-canvas\" class=\"link \">massacres perp\u00e9tu\u00e9s le 7 octobre 2023 par le Hamas<\/a> ; d&rsquo;avoir remerci\u00e9 \u00ab\u00a0ceux qui ont soutenu la R\u00e9sistance (&#8230;) Et \u00e0 leur t\u00eate la R\u00e9publique islamique d&rsquo;#Iran\u00a0\u00bb ou un an plus tard d&rsquo;avoir c\u00e9l\u00e9br\u00e9 notamment avec des \u00e9motic\u00f4nes l&rsquo;anniversaire de l&rsquo;attaque.<\/p>\n<p class=\"mb-4 text-lg md:leading-8 break-words\">Avec AFP<\/p>\n","protected":false},"excerpt":{"rendered":"L&rsquo;audience\u00a0de Mahdieh Esfandiari, une Iranienne d\u00e9tenue en France pour des soup\u00e7ons d&rsquo;apologie du terrorisme commis en ligne, aura&hellip;\n","protected":false},"author":2,"featured_media":452535,"comment_status":"","ping_status":"","sticky":false,"template":"","format":"standard","meta":{"footnotes":""},"categories":[1888],"tags":[1111,1928,11,1927,37033,57810,1777,674,1011,27,3019,18926,57809,12,1926,626,1925,25],"class_list":{"0":"post-452534","1":"post","2":"type-post","3":"status-publish","4":"format-standard","5":"has-post-thumbnail","7":"category-paris","8":"tag-actu","9":"tag-actu-paris","10":"tag-actualites","11":"tag-actualites-paris","12":"tag-cecile-kohler","13":"tag-esfandiari","14":"tag-eu","15":"tag-europe","16":"tag-fr","17":"tag-france","18":"tag-iran","19":"tag-jacques-paris","20":"tag-mahdieh-esfandiari","21":"tag-news","22":"tag-news-paris","23":"tag-paris","24":"tag-paris-news","25":"tag-republique-francaise"},"share_on_mastodon":{"url":"https:\/\/pubeurope.com\/@fr\/115349968929825150","error":""},"_links":{"self":[{"href":"https:\/\/www.europesays.com\/fr\/wp-json\/wp\/v2\/posts\/452534","targetHints":{"allow":["GET"]}}],"collection":[{"href":"https:\/\/www.europesays.com\/fr\/wp-json\/wp\/v2\/posts"}],"about":[{"href":"https:\/\/www.europesays.com\/fr\/wp-json\/wp\/v2\/types\/post"}],"author":[{"embeddable":true,"href":"https:\/\/www.europesays.com\/fr\/wp-json\/wp\/v2\/users\/2"}],"replies":[{"embeddable":true,"href":"https:\/\/www.europesays.com\/fr\/wp-json\/wp\/v2\/comments?post=452534"}],"version-history":[{"count":0,"href":"https:\/\/www.europesays.com\/fr\/wp-json\/wp\/v2\/posts\/452534\/revisions"}],"wp:featuredmedia":[{"embeddable":true,"href":"https:\/\/www.europesays.com\/fr\/wp-json\/wp\/v2\/media\/452535"}],"wp:attachment":[{"href":"https:\/\/www.europesays.com\/fr\/wp-json\/wp\/v2\/media?parent=452534"}],"wp:term":[{"taxonomy":"category","embeddable":true,"href":"https:\/\/www.europesays.com\/fr\/wp-json\/wp\/v2\/categories?post=452534"},{"taxonomy":"post_tag","embeddable":true,"href":"https:\/\/www.europesays.com\/fr\/wp-json\/wp\/v2\/tags?post=452534"}],"curies":[{"name":"wp","href":"https:\/\/api.w.org\/{rel}","templated":true}]}}