{"id":452539,"date":"2025-10-10T12:54:10","date_gmt":"2025-10-10T12:54:10","guid":{"rendered":"https:\/\/www.europesays.com\/fr\/452539\/"},"modified":"2025-10-10T12:54:10","modified_gmt":"2025-10-10T12:54:10","slug":"paris-un-multirecidiviste-condamne-pour-la-38e-fois-apres-le-vol-du-portefeuille-dune-deputee","status":"publish","type":"post","link":"https:\/\/www.europesays.com\/fr\/452539\/","title":{"rendered":"Paris\u00a0: un multir\u00e9cidiviste condamn\u00e9 pour la 38e fois apr\u00e8s le vol du portefeuille d\u2019une d\u00e9put\u00e9e"},"content":{"rendered":"<p class=\"paragraph text_align_left lp-f-body-02\">R\u00e9cidiviste et sp\u00e9cialiste du vol \u00e0 la tire, cet homme, \u00e2g\u00e9 de 51 ans, a \u00e9t\u00e9 condamn\u00e9, ce jeudi, par le tribunal correctionnel de Paris, \u00e0 douze mois de prison ferme. Il comparaissait pour avoir vol\u00e9, le 27 juillet dernier \u00e0 la gare de Lyon (XIIe), le portefeuille d\u2019une d\u00e9put\u00e9e \u00e9cologiste de la deuxi\u00e8me circonscription de C\u00f4te-d\u2019Or, Catherine Hervieu.<\/p>\n<p class=\"paragraph text_align_left lp-f-body-02\">Il est 14 heures ce jour-l\u00e0. \u00ab J\u2019\u00e9tais de passage \u00e0 Paris. Je suis all\u00e9e dans la salle d\u2019\u00e9change pour acheter un ticket de transport, car je devais me rendre \u00e0 Orly (Val-de-Marne) pour prendre l\u2019avion, raconte la d\u00e9put\u00e9e, \u00e2g\u00e9e de 67 ans. Au niveau du guichet, j\u2019ai \u00e9t\u00e9 abord\u00e9e par un homme qui s\u2019est propos\u00e9 de m\u2019aider \u00e0 acheter un billet. Quelques minutes plus tard, une femme m\u2019a signal\u00e9 que mon sac \u00e9tait ouvert. En v\u00e9rifiant \u00e0 l\u2019int\u00e9rieur, je me suis rendu compte q<a href=\"https:\/\/www.leparisien.fr\/faits-divers\/vol-dans-les-transports-a-paris-christian-le-commissaire-du-reseau-de-pickpockets-reste-en-prison-02-12-2024-PJJUZMDFKJAYBBNWJOYVLNJKSI.php\" target=\"_self\" rel=\"nofollow noopener\">u\u2019on m\u2019avait vol\u00e9 mon portefeuille,<\/a> contenant tous mes papiers, dont ma carte de l\u2019Assembl\u00e9e nationale et ma carte bancaire \u00bb.<\/p>\n<p>37 condamnations au casier<\/p>\n<p class=\"paragraph text_align_left lp-f-body-02\">La sexag\u00e9naire d\u00e9pose plainte et la s\u00fbret\u00e9 r\u00e9gionale des transports ouvre une enqu\u00eate. Les policiers r\u00e9cup\u00e8rent les images des cam\u00e9ras de vid\u00e9osurveillance de la gare et de la banque. Les fonctionnaires identifient le malfaiteur, d\u00e9j\u00e0 connu des services de police, pour des faits similaires, notamment dans les gares. La sc\u00e8ne est limpide. Il suit la victime dans les escaliers m\u00e9caniques, glisse sa main dans son sac \u00e0 main et subtilise son portefeuille. Sans attendre, il se dirige vers le premier distributeur automatique et retire 2 910 euros avec la carte bancaire. Il se d\u00e9barrasse ensuite du portefeuille et des cartes avant de prendre la fuite. Fin ao\u00fbt, il est extrait de la maison d\u2019arr\u00eat de Versailles, o\u00f9 il purgeait une peine en r\u00e9gime de semi-libert\u00e9. Son casier judiciaire compte d\u00e9j\u00e0 trente-sept condamnations. Le suspect est plac\u00e9 en garde \u00e0 vue et passe aux aveux.<\/p>\n<p class=\"paragraph text_align_left lp-f-body-02\">L\u2019affaire avait \u00e9t\u00e9 renvoy\u00e9e avant qu\u2019il ne soit de nouveau pr\u00e9sent\u00e9 ce jeudi devant ses juges. \u00ab Je n\u2019ai pas trouv\u00e9 d\u2019autre moyen pour me nourrir que de m\u2019emparer du portefeuille de cette gentille dame \u00bb, assure-t-il dans le box de la salle d\u2019audience. Son avocat, Me Hector Lajouanie, a estim\u00e9 lors de sa plaidoirie qu\u2019une nouvelle incarc\u00e9ration n\u2019aurait pas vraiment de sens pour cet homme. \u00ab Qui peut oser dire que la prison l\u2019a rendu meilleur ? \u00bb, d\u00e9clare-t-il. Une r\u00e9flexion qui a tout de m\u00eame permis de r\u00e9duire significativement la peine car le procureur avait requis trente mois dont dix-huit fermes.<\/p>\n<p class=\"lp-card-podcast-highlighting__title  lp-f-subtitle-05\">[2\/2] Patrick Tissier\u00a0: le tueur qui a amen\u00e9 la France \u00e0 cr\u00e9er la \u00ab\u00a0perp\u00e9tuit\u00e9 r\u00e9elle\u00a0\u00bb<\/p>\n<p class=\"lp-card-podcast-highlighting__description lp-f-ui-05\">Crime story raconte chaque semaine les grandes affaires criminelles.<\/p>\n<p><a class=\"lp-card-podcast-highlighting__call-to-action\" data-page-type=\"HP\" data-block-name=\"podcast-highlight\">\u00c9couter<\/a>La d\u00e9put\u00e9e devra payer son avocate<\/p>\n<p class=\"paragraph text_align_left lp-f-body-02\">La d\u00e9put\u00e9e a obtenu 1 500 euros de dommages et int\u00e9r\u00eats et a trouv\u00e9 ce moment de justice \u00ab tr\u00e8s instructif \u00bb. Cependant, elle devra probablement rembourser l\u2019avocate de permanence qui d\u00e9fendait ces int\u00e9r\u00eats, car ce service public est r\u00e9serv\u00e9 aux justiciables les plus modestes.<\/p>\n","protected":false},"excerpt":{"rendered":"R\u00e9cidiviste et sp\u00e9cialiste du vol \u00e0 la tire, cet homme, \u00e2g\u00e9 de 51 ans, a \u00e9t\u00e9 condamn\u00e9, ce&hellip;\n","protected":false},"author":2,"featured_media":452540,"comment_status":"","ping_status":"","sticky":false,"template":"","format":"standard","meta":{"footnotes":""},"categories":[1888],"tags":[11,459,1777,674,118,1011,27,12,626,25],"class_list":{"0":"post-452539","1":"post","2":"type-post","3":"status-publish","4":"format-standard","5":"has-post-thumbnail","7":"category-paris","8":"tag-actualites","9":"tag-departements-horsidfo","10":"tag-eu","11":"tag-europe","12":"tag-faits-divers","13":"tag-fr","14":"tag-france","15":"tag-news","16":"tag-paris","17":"tag-republique-francaise"},"share_on_mastodon":{"url":"https:\/\/pubeurope.com\/@fr\/115349976816323623","error":""},"_links":{"self":[{"href":"https:\/\/www.europesays.com\/fr\/wp-json\/wp\/v2\/posts\/452539","targetHints":{"allow":["GET"]}}],"collection":[{"href":"https:\/\/www.europesays.com\/fr\/wp-json\/wp\/v2\/posts"}],"about":[{"href":"https:\/\/www.europesays.com\/fr\/wp-json\/wp\/v2\/types\/post"}],"author":[{"embeddable":true,"href":"https:\/\/www.europesays.com\/fr\/wp-json\/wp\/v2\/users\/2"}],"replies":[{"embeddable":true,"href":"https:\/\/www.europesays.com\/fr\/wp-json\/wp\/v2\/comments?post=452539"}],"version-history":[{"count":0,"href":"https:\/\/www.europesays.com\/fr\/wp-json\/wp\/v2\/posts\/452539\/revisions"}],"wp:featuredmedia":[{"embeddable":true,"href":"https:\/\/www.europesays.com\/fr\/wp-json\/wp\/v2\/media\/452540"}],"wp:attachment":[{"href":"https:\/\/www.europesays.com\/fr\/wp-json\/wp\/v2\/media?parent=452539"}],"wp:term":[{"taxonomy":"category","embeddable":true,"href":"https:\/\/www.europesays.com\/fr\/wp-json\/wp\/v2\/categories?post=452539"},{"taxonomy":"post_tag","embeddable":true,"href":"https:\/\/www.europesays.com\/fr\/wp-json\/wp\/v2\/tags?post=452539"}],"curies":[{"name":"wp","href":"https:\/\/api.w.org\/{rel}","templated":true}]}}