{"id":452547,"date":"2025-10-10T12:58:13","date_gmt":"2025-10-10T12:58:13","guid":{"rendered":"https:\/\/www.europesays.com\/fr\/452547\/"},"modified":"2025-10-10T12:58:13","modified_gmt":"2025-10-10T12:58:13","slug":"le-royaume-uni-obtient-de-nouveaux-pouvoirs-sur-google-grace-a-la-designation-du-marche-de-la-recherche-10-10-2025-a-1103","status":"publish","type":"post","link":"https:\/\/www.europesays.com\/fr\/452547\/","title":{"rendered":"Le Royaume-Uni obtient de nouveaux pouvoirs sur Google gr\u00e2ce \u00e0 la d\u00e9signation du march\u00e9 de la recherche &#8211; 10\/10\/2025 \u00e0 11:03"},"content":{"rendered":"<p>\n ((Traduction automatis\u00e9e par Reuters \u00e0 l&rsquo;aide de l&rsquo;apprentissage<br \/>\nautomatique et de l&rsquo;IA g\u00e9n\u00e9rative, veuillez vous r\u00e9f\u00e9rer \u00e0<br \/>\nl&rsquo;avertissement suivant: https:\/\/bit.ly\/rtrsauto))\n<\/p>\n<p>\n Vendredi, la Grande-Bretagne<br \/>\na conf\u00e9r\u00e9 \u00e0 Google un \u00ab\u00a0statut de march\u00e9 strat\u00e9gique\u00a0\u00bb pour<br \/>\nlarecherche en ligne. C&rsquo;est la premi\u00e8re fois qu&rsquo;elle d\u00e9ploie de<br \/>\nnouveaux pouvoirs pour lutter contre la domination des grandes<br \/>\nentreprises technologiques et qu&rsquo;elle ouvre la voie \u00e0 des<br \/>\ninterventions qu&rsquo;elle juge n\u00e9cessaires.\n<\/p>\n<p>\n La d\u00e9cision de la Competition and Markets Authority lui<br \/>\npermet d&rsquo;obliger l&rsquo;entreprise d\u00e9tenue par Alphabet \u00e0 modifier<br \/>\nson mode de fonctionnement sur le march\u00e9 britannique de la<br \/>\nrecherche.\n<\/p>\n<p>\n L&rsquo;autorit\u00e9 de r\u00e9gulation, qui peut imposer des amendes en<br \/>\ncas de non-respect et dispose de pouvoirs d&rsquo;ex\u00e9cution directs, a<br \/>\nd\u00e9clar\u00e9 en juin  que ses actions seraient \u00ab\u00a0cibl\u00e9es et<br \/>\nproportionn\u00e9es\u00a0\u00bb et qu&rsquo;elles d\u00e9bloqueraient l&rsquo;innovation dans le<br \/>\nsecteur technologique britannique et dans l&rsquo;\u00e9conomie en g\u00e9n\u00e9ral.\n<\/p>\n<p>\n Les mesures propos\u00e9es par la CMA en juin comprenaient un<br \/>\nclassement plus \u00e9quitable dans les moteurs de recherche et un<br \/>\nmeilleur acc\u00e8s des consommateurs \u00e0 d&rsquo;autres moteurs de<br \/>\nrecherche.<\/p>\n","protected":false},"excerpt":{"rendered":"((Traduction automatis\u00e9e par Reuters \u00e0 l&rsquo;aide de l&rsquo;apprentissage automatique et de l&rsquo;IA g\u00e9n\u00e9rative, veuillez vous r\u00e9f\u00e9rer \u00e0 l&rsquo;avertissement&hellip;\n","protected":false},"author":2,"featured_media":8765,"comment_status":"","ping_status":"","sticky":false,"template":"","format":"standard","meta":{"footnotes":""},"categories":[1588],"tags":[400,11,398,408,405,1777,674,403,402,399,404,12,473,1853,401,406,1851,1850,1852,407],"class_list":{"0":"post-452547","1":"post","2":"type-post","3":"status-publish","4":"format-standard","5":"has-post-thumbnail","7":"category-royaume-uni","8":"tag-action-cac-40","9":"tag-actualites","10":"tag-bourse-de-paris","11":"tag-boursorama","12":"tag-cotations","13":"tag-eu","14":"tag-europe","15":"tag-indices-devises","16":"tag-investir","17":"tag-investissement","18":"tag-marche-boursier","19":"tag-news","20":"tag-royaume-uni","21":"tag-royaume-uni-de-grande-bretagne-et-dirlande-du-nord","22":"tag-sicav","23":"tag-trackers","24":"tag-uk","25":"tag-united-kingdom","26":"tag-united-kingdom-of-great-britain-and-northern-ireland","27":"tag-warrants"},"share_on_mastodon":{"url":"https:\/\/pubeurope.com\/@fr\/115349992694061771","error":""},"_links":{"self":[{"href":"https:\/\/www.europesays.com\/fr\/wp-json\/wp\/v2\/posts\/452547","targetHints":{"allow":["GET"]}}],"collection":[{"href":"https:\/\/www.europesays.com\/fr\/wp-json\/wp\/v2\/posts"}],"about":[{"href":"https:\/\/www.europesays.com\/fr\/wp-json\/wp\/v2\/types\/post"}],"author":[{"embeddable":true,"href":"https:\/\/www.europesays.com\/fr\/wp-json\/wp\/v2\/users\/2"}],"replies":[{"embeddable":true,"href":"https:\/\/www.europesays.com\/fr\/wp-json\/wp\/v2\/comments?post=452547"}],"version-history":[{"count":0,"href":"https:\/\/www.europesays.com\/fr\/wp-json\/wp\/v2\/posts\/452547\/revisions"}],"wp:featuredmedia":[{"embeddable":true,"href":"https:\/\/www.europesays.com\/fr\/wp-json\/wp\/v2\/media\/8765"}],"wp:attachment":[{"href":"https:\/\/www.europesays.com\/fr\/wp-json\/wp\/v2\/media?parent=452547"}],"wp:term":[{"taxonomy":"category","embeddable":true,"href":"https:\/\/www.europesays.com\/fr\/wp-json\/wp\/v2\/categories?post=452547"},{"taxonomy":"post_tag","embeddable":true,"href":"https:\/\/www.europesays.com\/fr\/wp-json\/wp\/v2\/tags?post=452547"}],"curies":[{"name":"wp","href":"https:\/\/api.w.org\/{rel}","templated":true}]}}