{"id":452548,"date":"2025-10-10T12:59:16","date_gmt":"2025-10-10T12:59:16","guid":{"rendered":"https:\/\/www.europesays.com\/fr\/452548\/"},"modified":"2025-10-10T12:59:16","modified_gmt":"2025-10-10T12:59:16","slug":"lopposition-de-lallemagne-offre-un-repit-aux-oppo","status":"publish","type":"post","link":"https:\/\/www.europesays.com\/fr\/452548\/","title":{"rendered":"l&rsquo;opposition de l&rsquo;Allemagne offre un r\u00e9pit aux oppo &#8230;"},"content":{"rendered":"<p>ChatControl 2.0 ne sera pas encore pour demain : alors qu&rsquo;un vote du conseil europ\u00e9en sur une nouvelle version du texte propos\u00e9e par le Danemark \u00e9tait attendu pour la semaine prochaine, l&rsquo;Allemagne a annonc\u00e9 publiquement son opposition au texte, lui faisant de fait perdre toute chance d&rsquo;obtenir l&rsquo;approbation du Conseil.<\/p>\n<p>L&rsquo;opposition au projet a tout d&rsquo;abord \u00e9t\u00e9 clarifi\u00e9e par <a href=\"https:\/\/bsky.app\/profile\/markus.reuter.netzpolitik.org\/post\/3m2metni3zs2u\" rel=\"nofollow noopener\" target=\"_blank\">les repr\u00e9sentants du groupe parlementaire allemand<\/a> CDU\/CSU, qui repr\u00e9sente le premier parti en nombre d\u2019\u00e9lus au sein du parlement allemand.\u00a0 Cette position a \u00e9galement \u00e9t\u00e9 adopt\u00e9e par <a href=\"https:\/\/www.bmjv.de\/SharedDocs\/Zitate\/DE\/2025\/1008_Chatkontrolle.html\" rel=\"nofollow noopener\" target=\"_blank\">la ministre de la justice allemande mercredi 8 octobre.\u00a0<\/a><\/p>\n<p> Fin de partie <\/p>\n<p>Cette prise de position officielle vient rebattre les cartes pour l&rsquo;avenir du projet de r\u00e9glementation europ\u00e9enne visant \u00e0 lutter contre les abus sexuels d&rsquo;enfants en ligne. Un vote du conseil de l&rsquo;Union europ\u00e9enne \u00e9tait ainsi pr\u00e9vu \u00e0 l&rsquo;agenda dans la semaine du 14 octobre, visant \u00e0 valider la nouvelle version du texte propos\u00e9e par le Danemark \u00e0 l&rsquo;occasion de sa pr\u00e9sidence de l&rsquo;UE.<\/p>\n<p>L&rsquo;opposition affich\u00e9e de l&rsquo;Allemagne vient mettre fin aux espoirs des partisans du texte qui esp\u00e9raient obtenir la majorit\u00e9 lors du vote : <a href=\"https:\/\/next.ink\/203780\/lallemagne-fait-capoter-le-projet-controverse-de-surveillance-des-messageries-chatcontrol\/\" rel=\"nofollow noopener\" target=\"_blank\">comme le rappelle Nextinpact<\/a>, l&rsquo;approbation du texte n\u00e9cessitait l&rsquo;approbation de 15 \u00c9tats membres repr\u00e9sentant 65% de la population de l&rsquo;Union europ\u00e9enne.<a href=\"https:\/\/orf.at\/stories\/3407810\/\" rel=\"nofollow noopener\" target=\"_blank\"> Comme le note la radio publique autrichienne<\/a>, les repr\u00e9sentants des \u00c9tats membres au conseil de l&rsquo;UE ont d&rsquo;ailleurs d\u00e9cid\u00e9 de retirer le vote de l&rsquo;ordre du jour du 14 octobre.<\/p>\n<p>C&rsquo;est donc une victoire des opposants au texte : cette nouvelle version du r\u00e8glement, baptis\u00e9 ChatControl 2.0 par ses d\u00e9tracteurs, pr\u00e9voyait d&rsquo;imposer aux plateformes web la mise en place d&rsquo;outils de d\u00e9tection des contenus p\u00e9docriminels et d&rsquo;analyse des conversations des utilisateurs. Une mesure de 2021 permet d\u00e9j\u00e0 la mise en place de ce type d&rsquo;outils, mais uniquement sur la base du volontariat.<\/p>\n<p> L&rsquo;opposition s&rsquo;est largement activ\u00e9e <\/p>\n<p>Le projet avait suscit\u00e9 de vives critiques de la part des organisations proposant des outils de communication chiffr\u00e9e, \u00e0 l&rsquo;instar de la fondation Signal ou de l&rsquo;\u00e9diteur Proton. Plus de quarante organisations ont ainsi exprim\u00e9 leur opposition <a href=\"https:\/\/tuta.com\/fr\/blog\/open-letter-against-chat-control\" rel=\"nofollow noopener\" target=\"_blank\">au projet au travers d&rsquo;une lettre ouverte<\/a>, tandis que des initiatives citoyennes<a href=\"https:\/\/www.politico.eu\/article\/one-man-spam-campaign-ravages-eu-chat-control-bill-fight-chat-control\/\" rel=\"nofollow noopener\" target=\"_blank\">, comme celle du site Fightchatcontrol<\/a>, ont pouss\u00e9 les citoyens \u00e0 contacter leurs d\u00e9put\u00e9s europ\u00e9ens et repr\u00e9sentants gouvernementaux afin de sensibiliser les l\u00e9gislateurs aux risques li\u00e9s \u00e0 la proposition.\u00a0 Les associations de d\u00e9fense des libert\u00e9s num\u00e9riques comme la Quadrature du Net et ses partenaires europ\u00e9ens avaient \u00e9galement fait campagne contre le projet.<\/p>\n<p><a href=\"https:\/\/www.patrick-breyer.de\/en\/citizen-protest-halts-chat-control-breyer-celebrates-major-victory-for-digital-privacy\/\" rel=\"nofollow noopener\" target=\"_blank\">Dans un message publi\u00e9 sur son site<\/a>, l&rsquo;ex eurod\u00e9put\u00e9 et opposant de longue date au projet Patrick Breyer a salu\u00e9 une \u00ab\u00a0formidable victoire pour la libert\u00e9\u00a0\u00bb rendue possible selon lui gr\u00e2ce \u00e0 la mobilisation citoyenne contre ce projet. Il appelle n\u00e9anmoins les opposants au projet \u00e0 rester vigilant, rappelant que celui-ci pourrait revenir sous une autre forme.<\/p>\n<p>Le projet de r\u00e9gulation visant \u00e0 pr\u00e9venir les abus sexuels sur les enfants en ligne a initialement \u00e9t\u00e9 pr\u00e9sent\u00e9 par la Commission en 2022. Depuis cette date, le texte de la proposition a \u00e9t\u00e9 remani\u00e9 plus de cinq fois mais n&rsquo;est toujours pas parvenu \u00e0 obtenir une validation suffisante au conseil de l&rsquo;union europ\u00e9enne.<\/p>\n","protected":false},"excerpt":{"rendered":"ChatControl 2.0 ne sera pas encore pour demain : alors qu&rsquo;un vote du conseil europ\u00e9en sur une nouvelle&hellip;\n","protected":false},"author":2,"featured_media":452549,"comment_status":"","ping_status":"","sticky":false,"template":"","format":"standard","meta":{"footnotes":""},"categories":[1587],"tags":[11,672,1804,1805,1803,26528,1777,674,1801,12,8088,9235,1802,364],"class_list":{"0":"post-452548","1":"post","2":"type-post","3":"status-publish","4":"format-standard","5":"has-post-thumbnail","7":"category-allemagne","8":"tag-actualites","9":"tag-allemagne","10":"tag-bundesrepublik-deutschland","11":"tag-de","12":"tag-deutschland","13":"tag-donnees-privees","14":"tag-eu","15":"tag-europe","16":"tag-germany","17":"tag-news","18":"tag-reglementation","19":"tag-regulation","20":"tag-republique-federale-dallemagne","21":"tag-union-europeenne"},"share_on_mastodon":{"url":"https:\/\/pubeurope.com\/@fr\/115349996453823865","error":""},"_links":{"self":[{"href":"https:\/\/www.europesays.com\/fr\/wp-json\/wp\/v2\/posts\/452548","targetHints":{"allow":["GET"]}}],"collection":[{"href":"https:\/\/www.europesays.com\/fr\/wp-json\/wp\/v2\/posts"}],"about":[{"href":"https:\/\/www.europesays.com\/fr\/wp-json\/wp\/v2\/types\/post"}],"author":[{"embeddable":true,"href":"https:\/\/www.europesays.com\/fr\/wp-json\/wp\/v2\/users\/2"}],"replies":[{"embeddable":true,"href":"https:\/\/www.europesays.com\/fr\/wp-json\/wp\/v2\/comments?post=452548"}],"version-history":[{"count":0,"href":"https:\/\/www.europesays.com\/fr\/wp-json\/wp\/v2\/posts\/452548\/revisions"}],"wp:featuredmedia":[{"embeddable":true,"href":"https:\/\/www.europesays.com\/fr\/wp-json\/wp\/v2\/media\/452549"}],"wp:attachment":[{"href":"https:\/\/www.europesays.com\/fr\/wp-json\/wp\/v2\/media?parent=452548"}],"wp:term":[{"taxonomy":"category","embeddable":true,"href":"https:\/\/www.europesays.com\/fr\/wp-json\/wp\/v2\/categories?post=452548"},{"taxonomy":"post_tag","embeddable":true,"href":"https:\/\/www.europesays.com\/fr\/wp-json\/wp\/v2\/tags?post=452548"}],"curies":[{"name":"wp","href":"https:\/\/api.w.org\/{rel}","templated":true}]}}