{"id":452563,"date":"2025-10-10T13:08:11","date_gmt":"2025-10-10T13:08:11","guid":{"rendered":"https:\/\/www.europesays.com\/fr\/452563\/"},"modified":"2025-10-10T13:08:11","modified_gmt":"2025-10-10T13:08:11","slug":"daniil-medvedev-ecarte-alex-de-minaur-et-rejoint-arthur-rinderknech-en-demi-finales-du-masters-1000-de-shanghai-lequipe","status":"publish","type":"post","link":"https:\/\/www.europesays.com\/fr\/452563\/","title":{"rendered":"Daniil Medvedev \u00e9carte Alex de Minaur et rejoint Arthur Rinderknech en demi-finales du Masters 1000 de Shanghai &#8211; L&#039;\u00c9quipe"},"content":{"rendered":"<ol>\n<li><a href=\"https:\/\/news.google.com\/rss\/articles\/CBMi8gFBVV95cUxPSmxHVXBrTWxXSHJmSGFvTS1wTHFDZDdJS1JZam5XdDJRUF83SzNpMk5Bb2pHT1dKYmkxc2tGWklMNE5XRjdFQjVpUm1BbzhRcm0zMFpwazIyQW5WTV8waEo5R2t3Y0pzaDJVUnVlNFJaZ3F6RzFEWnc5SWVROEVsT1Jic1dnc29DRlJ3MHZuUnIxVUdjMXpzbzd6TktqenlTNGQ1RkRfTnpFbVMzYTFteWZWM21NMWpwY09aazJxOF80NzN1cUc4VFgwbkw0OEJmejdxdFdKOV9BdzVwUkVCV3ktU0VtNnBnSVdGTHdzNDV5Zw?oc=5\" target=\"_blank\" rel=\"nofollow noopener\">Daniil Medvedev \u00e9carte Alex de Minaur et rejoint Arthur Rinderknech en demi-finales du Masters 1000 de Shanghai<\/a>&nbsp;&nbsp;L&rsquo;\u00c9quipe<\/li>\n<li><a href=\"https:\/\/news.google.com\/rss\/articles\/CBMiygFBVV95cUxNUFV6bVJRQU9aMS02aG5aQVZocmpMcURqd2NKNDJweHpObHBQeTdjaTdwc0loVDRBaGl5ZmpNcGtXS0sweVZnb3g4Rlp3b3U1Z1NWRUxSRFpOSENJRUItQWlFVHRyTFlRc0YwY0RpNExWREFuSGVzbEFoSTdUcl9fY3ZYWkVJdEFhTFEtTFFZR1ZUZDJXeUdjMTFqTkcwVTI4WXlTbnNJM0VwTzRjbHk2UHAxQXowMVU1QUhFMXB1M2QzbG5vNTZNaTFR?oc=5\" target=\"_blank\" rel=\"nofollow noopener\">R\u00e9sultat et r\u00e9sum\u00e9 : Daniil Medvedev &#8211; Alex De Minaur<\/a>&nbsp;&nbsp;L&rsquo;\u00c9quipe<\/li>\n<li><a href=\"https:\/\/news.google.com\/rss\/articles\/CBMi8AFBVV95cUxOU3BGZ09RRHU0aHI1V3NXdU9VYVdhaHVaYXk4Y09ia19Sd011Q3VUOF95REZNSFI5MkFkQUIzeTBHYk1QeUx3SzdvOEJxVDFiM2s2Sm5uX3hSazRLRThpcExJbGR6UU4tYlZjWFJNR3pNSFdDTkJUbGhLOTBfdEs0QUxRVnd3U013QVE0QlhwaWxMMW5abU9qSUtZdThpeEx1dDdDdHRZNEtrYklDOUVlWkx0R2VldlRldkRqbDFxWDFHZzBzOXZRS3MtMXpFb2lCSERwa3lhUGNuRGVKWkhONmhleU9qZE0wdTJlYTJTZnU?oc=5\" target=\"_blank\" rel=\"nofollow noopener\">VIDEO. Tennis : \u00ab\u00a0D\u00e9go\u00fbtant !\u00a0\u00bb Un joueur star demande qu\u2019une ramasseuse de balles lui enl\u00e8ve son t-shirt en plein match<\/a>&nbsp;&nbsp;ladepeche.fr<\/li>\n<li><a href=\"https:\/\/news.google.com\/rss\/articles\/CBMizAFBVV95cUxPZ0NSazVsOTdXYVdVdjl0RVM4dk9vSUVrMl9Rc0s0eUtBcHpsSVZIUGhPQjFzaHZLTUVKMENCcUY0X1lXcnJaYVlSeGxhUGktQlBVWUtxNFZSX1dmWV9KRzlvdk9INTVuUDlHOUNmdzVvV05iYTk4OVdpQTZrVm16MHptSjl3NExvYXdPejlZejZ0VGxwY1QzMTA4MDVtaXZTS2tIV0syVFF2NmxrUFBrSDJUZ2o1cXF4c2F5M0dqbDkyWWhZNmpmVldIcnfSAcsBQVVfeXFMUF9sYXpYdnlOcThpek9VY3JsRUR3cV9hSTgxUzlHWUd0emhhalJMeVRKNVlENTJZQzNDbTlCeTFaaURMbWF5UHdYcjFDdm8zdVFOeVBWZl9FY0w0b3ZNWk0wLUxUa0M1WEJRRWJKbnczNUh4YmlNOUhhSWpRanVNMVNYQ2Q2bFdQT0l1RHBweGNqQ21DNWYyUnVFNDdTVFk1WmNFd3hrR0pPbllMcmloOGFMRWJKZzV3Sm1XSUtXU1h1SG01VlkwbG9nVnM?oc=5\" target=\"_blank\" rel=\"nofollow noopener\">ATP &#8211; Shanghai : H\u00e9ro\u00efque et revanchard, Medvedev a \u00e9galement tacl\u00e9 Nadal<\/a>&nbsp;&nbsp;Orange Actualit\u00e9s | Sports<\/li>\n<li><a href=\"https:\/\/news.google.com\/rss\/articles\/CBMigwFBVV95cUxQMVZrUG0zbzlxTmNGSjk0NFVKUkVjUkd6UmtUMGhzX0RpYXNvWkluOFYydzFZeVpyazZnUVdSenlrOXhmX0p1LTM5TkU0OTJvM3YzSmU0OEdTRUJmSFF0dm1ja0t6b0VBV0lpbHV6a0U3UnNmcHhLZzk1c25FQktRRklTOA?oc=5\" target=\"_blank\" rel=\"nofollow noopener\">Shanghai : Medvedev en demi-finales apr\u00e8s une 50e victoire contre un top 10<\/a>&nbsp;&nbsp;Tennis Temple<\/li>\n<\/ol>\n","protected":false},"excerpt":{"rendered":"Daniil Medvedev \u00e9carte Alex de Minaur et rejoint Arthur Rinderknech en demi-finales du Masters 1000 de Shanghai&nbsp;&nbsp;L&rsquo;\u00c9quipe R\u00e9sultat&hellip;\n","protected":false},"author":2,"featured_media":452564,"comment_status":"","ping_status":"","sticky":false,"template":"","format":"standard","meta":{"footnotes":""},"categories":[1415],"tags":[1011,27,60,1467],"class_list":{"0":"post-452563","1":"post","2":"type-post","3":"status-publish","4":"format-standard","5":"has-post-thumbnail","7":"category-tennis","8":"tag-fr","9":"tag-france","10":"tag-sports","11":"tag-tennis"},"share_on_mastodon":{"url":"https:\/\/pubeurope.com\/@fr\/115350031748059424","error":""},"_links":{"self":[{"href":"https:\/\/www.europesays.com\/fr\/wp-json\/wp\/v2\/posts\/452563","targetHints":{"allow":["GET"]}}],"collection":[{"href":"https:\/\/www.europesays.com\/fr\/wp-json\/wp\/v2\/posts"}],"about":[{"href":"https:\/\/www.europesays.com\/fr\/wp-json\/wp\/v2\/types\/post"}],"author":[{"embeddable":true,"href":"https:\/\/www.europesays.com\/fr\/wp-json\/wp\/v2\/users\/2"}],"replies":[{"embeddable":true,"href":"https:\/\/www.europesays.com\/fr\/wp-json\/wp\/v2\/comments?post=452563"}],"version-history":[{"count":0,"href":"https:\/\/www.europesays.com\/fr\/wp-json\/wp\/v2\/posts\/452563\/revisions"}],"wp:featuredmedia":[{"embeddable":true,"href":"https:\/\/www.europesays.com\/fr\/wp-json\/wp\/v2\/media\/452564"}],"wp:attachment":[{"href":"https:\/\/www.europesays.com\/fr\/wp-json\/wp\/v2\/media?parent=452563"}],"wp:term":[{"taxonomy":"category","embeddable":true,"href":"https:\/\/www.europesays.com\/fr\/wp-json\/wp\/v2\/categories?post=452563"},{"taxonomy":"post_tag","embeddable":true,"href":"https:\/\/www.europesays.com\/fr\/wp-json\/wp\/v2\/tags?post=452563"}],"curies":[{"name":"wp","href":"https:\/\/api.w.org\/{rel}","templated":true}]}}