{"id":452567,"date":"2025-10-10T13:11:11","date_gmt":"2025-10-10T13:11:11","guid":{"rendered":"https:\/\/www.europesays.com\/fr\/452567\/"},"modified":"2025-10-10T13:11:11","modified_gmt":"2025-10-10T13:11:11","slug":"lhistoire-dementielle-des-enveloppes-pleines-dargent-de-fernando-alonso-a-ses-ingenieurs","status":"publish","type":"post","link":"https:\/\/www.europesays.com\/fr\/452567\/","title":{"rendered":"l&rsquo;histoire d\u00e9mentielle des enveloppes pleines d&rsquo;argent de Fernando Alonso \u00e0 ses ing\u00e9nieurs"},"content":{"rendered":"<p>C&rsquo;est une histoire d\u00e9mentielle qui a \u00e9t\u00e9 r\u00e9v\u00e9l\u00e9e concernant Fernando Alonso lors de son aventure chez McLaren. Dans un article publi\u00e9 par <a href=\"https:\/\/www.lavoixdunord.fr\/1633926\/article\/2025-10-09\/formule-1-pourquoi-mclaren-oblige-les-mecaniciens-rendre-une-enveloppe-de-1000eu\" rel=\"nofollow noopener\" target=\"_blank\">La Voix Du Nord<\/a>, on apprend que le pilote espagnol, double champion du monde en 2005 et 2006, a \u00e9t\u00e9 au coeur d&rsquo;une histoire folle avec des enveloppes pleines d&rsquo;argent pour ses ing\u00e9nieurs et qui a fait grand bruit concernant le directeur sportif de l&rsquo;\u00e9poque chez McLaren, Dave Ryan. Cette histoire a \u00e9t\u00e9 r\u00e9v\u00e9l\u00e9e par l\u2019ing\u00e9nieur de piste d\u2019Alonso \u00e0 l\u2019\u00e9poque, Mark Slade, qui a d\u00e9voil\u00e9 quelques anecdotes sur la saison 2007, celle qui a vu une grande bataille entre Lewis Hamilton, alors jeune p\u00e9pite de McLaren, et Fernando Alonso, qui est \u00e0 ce moment l\u00e0 double champion du monde en titre.<\/p>\n<p>Une saison qui avait \u00e9t\u00e9 tr\u00e8s chaude chez McLaren, avec Ron Dennis, patron de l\u2019\u00e9curie \u00e0 l&rsquo;\u00e9poque, qui avait m\u00eame fini par balancer, alors que la fin de saison approchait : \u00ab\u00a0Nous sommes en comp\u00e9tition contre Fernando\u00a0\u00bb. Et au final, c&rsquo;est le Finlandais Kimi Raikkonen, pilote pour Ferrari, qui avait \u00e9t\u00e9 sacr\u00e9 champion du monde au terme d\u2019une ultime victoire au Br\u00e9sil (110 points), devant Hamilton et Alonso (109 points).<\/p>\n<p>Une histoire d&rsquo;enveloppes qui a fait grand bruit<\/p>\n<p>Mais alors que cette saison 2007 avait mis aux prises Hamilton et Alonso au sein de l&rsquo;\u00e9curie de Woking, l&rsquo;Espagnol a voulu remercier son \u00e9quipe en d\u00e9cidant de leur faire un petit cadeau financier. Mark Slade raconte cette folle histoire, d\u00e9voilant :<\/p>\n<blockquote>\n<p>\u00ab\u00a0Au N\u00fcrburgring 2007 (qui \u00e9tait le 10e Grand Prix de la saison, avec Lewis Hamilton en t\u00eate du championnat \u00e0 ce moment l\u00e0 avec 70 points devant Alonso, qui avait 58 unit\u00e9s), le premier jour, Fernando est venu me voir et m\u2019a demand\u00e9 : \u00ab\u00a0Peux-tu me donner la liste de tous ceux qui travaillent sur ma voiture ?\u00a0\u00bb J\u2019ai pens\u00e9 : \u00ab\u00a0OK, mais dans quelle mesure ? Parce qu\u2019il y a bien s\u00fbr le vendeur de pi\u00e8ces d\u00e9tach\u00e9es, ceux qui travaillent sur les voitures, et puis il y a le reste. On ne peut pas d\u00e9finir qui travaille sur une voiture et qui ne travaille pas. Bref, j\u2019ai fait une liste qui me semblait correcte, du mieux que j\u2019ai pu, incluant le m\u00e9canicien, le ravitailleur et le m\u00e9canicien des pneus. Mais je ne savais pas \u00e0 quoi elle servirait.\u00a0\u00bb<\/p>\n<p>Il est revenu le lendemain matin et m\u2019a dit : \u00ab\u00a0Pourriez-vous demander \u00e0 ces gars de me rejoindre \u00e0 l\u2019arri\u00e8re ?\u00a0\u00bb Il voulait juste discuter avec ses gars avant le d\u00e9but du week-end. Alors je suis all\u00e9 au garage, j\u2019ai appel\u00e9 les gars et je leur ai dit : \u00ab\u00a0Sortez, Fernando veut nous parler un peu.\u00a0\u00bb Il est arriv\u00e9 au fond du garage avec une pile d\u2019enveloppes. Et il m\u2019a dit : \u00ab\u00a0Avant, j\u2019aimais partager mes gains avec mes co\u00e9quipiers. Je ne l\u2019ai pas encore fait chez McLaren, mais j\u2019aime bien leur t\u00e9moigner ma reconnaissance pour leur excellent travail dans ma voiture.\u00a0\u00bb Il a distribu\u00e9 les enveloppes, nous les avons ouvertes, et je crois qu\u2019il y avait 1 000 \u20ac dans chacune. J\u2019\u00e9tais tout simplement \u00e9poustoufl\u00e9, on ne savait pas quoi dire. Alors on a juste dit : \u00ab\u00a0C\u2019est vraiment gentil, merci beaucoup.\u00a0\u00bb<\/p>\n<\/blockquote>\n<p>Sauf que ce beau geste va avoir de lourdes cons\u00e9quences pour Fernando Alonso, avec Dave Ryan qui n&rsquo;accepte pas du tout. Car Mark Slade fait comprendre que le directeur sportif de l&rsquo;\u00e9poque chez McLaren a \u00e9t\u00e9 rapidement mis au courant et a menac\u00e9 quiconque ne rendait pas l&rsquo;enveloppe d&rsquo;un renvoi.<\/p>\n<p>Les employ\u00e9s menac\u00e9s de renvoi s&rsquo;ils ne rendaient pas les enveloppes<\/p>\n<p>Slade continue ainsi son histoire en d\u00e9clarant : \u00ab\u00a0Dave Ryan est entr\u00e9 dans le camping-car, l\u2019air maussade, et m\u2019a demand\u00e9 : \u00ab\u00a0Que s\u2019est-il pass\u00e9 dans le garage ?\u00a0\u00bb J\u2019ai r\u00e9pondu : \u00ab\u00a0Eh bien, Fernando\u2026\u00a0\u00bb Il a r\u00e9pondu : \u00ab\u00a0Oui, je pensais que c\u2019\u00e9tait \u00e7a. En gros, tu dois nous donner tout l\u2019argent, tu dois me le donner, tu dois le donner \u00e0 l\u2019\u00e9quipe. Et il a dit en gros que quiconque ne rendrait pas son argent serait renvoy\u00e9. On a dit que Fernando essayait d\u2019acheter la loyaut\u00e9 de ses m\u00e9caniciens. Et je suis peut-\u00eatre na\u00eff ; je n\u2019ai pas eu cette impression. C\u2019\u00e9tait normal \u00e0 l\u2019\u00e9poque. Je connais des gens qui travaillent avec d\u2019autres pilotes, comme un homme qui avait une montre offerte par Patrese, et plusieurs autres avaient des objets offerts par leurs coll\u00e8gues. Et je suppose que c\u2019\u00e9tait vrai que, chez Renault, il leur avait donn\u00e9 des choses. Carlos Reutemann a toujours fait \u00e7a avec ses m\u00e9caniciens de course, et Nigel Mansell aussi.\u00a0\u00bb Et tout les employ\u00e9s \u00ab\u00a0remerci\u00e9s\u00a0\u00bb financi\u00e8rement par Alonso ont fini par rendre l&rsquo;argent, alors que l&rsquo;Espagnol a \u00e9t\u00e9 somm\u00e9 de ne plus recommencer un tel geste. Cette saison l\u00e0, de grosse crises internes ont travers\u00e9 McLaren et cet \u00e9pisode en a visiblement fait partie, laissant des traces pour Fernando Alonso, qui voulait tout simplement remercier son \u00e9quipe mais a pris un sacr\u00e9 retour de b\u00e2ton&#8230;<\/p>\n<p>    Partagez cette info avec vos amis et vos proches en cliquant ici  <\/p>\n<p> Podcasts \u00e0 la une MEN LIFE <\/p>\n<p>    Pour r\u00e9sumer<\/p>\n<p>C&rsquo;est une histoire d\u00e9mentielle qui a \u00e9t\u00e9 r\u00e9v\u00e9l\u00e9e concernant Fernando Alonso lors de son aventure chez McLaren. Dans un article publi\u00e9 par La Voix Du Nord, on apprend que le pilote espagnol, double champion du monde en 2005 et 2006, a \u00e9t\u00e9 au coeur d&rsquo;une histoire folle avec des enveloppes pleines d&rsquo;argent pour ses ing\u00e9nieurs et qui a fait grand bruit concernant le directeur sportif de l&rsquo;\u00e9poque chez McLaren, Dave Ryan.<\/p>\n<p>R\u00e9dacteur<\/p>\n<p><img decoding=\"async\" width=\"76\" height=\"76\" loading=\"lazy\" src=\"https:\/\/www.europesays.com\/fr\/wp-content\/uploads\/2025\/04\/logo-victor-willems.jpg\" alt=\"Victor Willems\"\/><\/p>\n","protected":false},"excerpt":{"rendered":"C&rsquo;est une histoire d\u00e9mentielle qui a \u00e9t\u00e9 r\u00e9v\u00e9l\u00e9e concernant Fernando Alonso lors de son aventure chez McLaren. Dans&hellip;\n","protected":false},"author":2,"featured_media":452568,"comment_status":"","ping_status":"","sticky":false,"template":"","format":"standard","meta":{"footnotes":""},"categories":[1412],"tags":[1451,1452,1453,1454,1455,1011,27,60],"class_list":{"0":"post-452567","1":"post","2":"type-post","3":"status-publish","4":"format-standard","5":"has-post-thumbnail","7":"category-f1","8":"tag-f1","9":"tag-formula-1","10":"tag-formula1","11":"tag-formule-1","12":"tag-formule1","13":"tag-fr","14":"tag-france","15":"tag-sports"},"share_on_mastodon":{"url":"https:\/\/pubeurope.com\/@fr\/115350043689038984","error":""},"_links":{"self":[{"href":"https:\/\/www.europesays.com\/fr\/wp-json\/wp\/v2\/posts\/452567","targetHints":{"allow":["GET"]}}],"collection":[{"href":"https:\/\/www.europesays.com\/fr\/wp-json\/wp\/v2\/posts"}],"about":[{"href":"https:\/\/www.europesays.com\/fr\/wp-json\/wp\/v2\/types\/post"}],"author":[{"embeddable":true,"href":"https:\/\/www.europesays.com\/fr\/wp-json\/wp\/v2\/users\/2"}],"replies":[{"embeddable":true,"href":"https:\/\/www.europesays.com\/fr\/wp-json\/wp\/v2\/comments?post=452567"}],"version-history":[{"count":0,"href":"https:\/\/www.europesays.com\/fr\/wp-json\/wp\/v2\/posts\/452567\/revisions"}],"wp:featuredmedia":[{"embeddable":true,"href":"https:\/\/www.europesays.com\/fr\/wp-json\/wp\/v2\/media\/452568"}],"wp:attachment":[{"href":"https:\/\/www.europesays.com\/fr\/wp-json\/wp\/v2\/media?parent=452567"}],"wp:term":[{"taxonomy":"category","embeddable":true,"href":"https:\/\/www.europesays.com\/fr\/wp-json\/wp\/v2\/categories?post=452567"},{"taxonomy":"post_tag","embeddable":true,"href":"https:\/\/www.europesays.com\/fr\/wp-json\/wp\/v2\/tags?post=452567"}],"curies":[{"name":"wp","href":"https:\/\/api.w.org\/{rel}","templated":true}]}}