{"id":452573,"date":"2025-10-10T13:14:11","date_gmt":"2025-10-10T13:14:11","guid":{"rendered":"https:\/\/www.europesays.com\/fr\/452573\/"},"modified":"2025-10-10T13:14:11","modified_gmt":"2025-10-10T13:14:11","slug":"renaud-sest-deniche-une-nouvelle-addiction-fini-lalcool-et-le-tabac-mais","status":"publish","type":"post","link":"https:\/\/www.europesays.com\/fr\/452573\/","title":{"rendered":"Renaud s&rsquo;est d\u00e9nich\u00e9 une nouvelle addiction\u00a0: fini l&rsquo;alcool et le tabac mais\u2026"},"content":{"rendered":"<p>On ne compte plus le <strong>nombre de tubes<\/strong> que Renaud a sorti tout au long de sa carri\u00e8re. Morgane de toi, Toujours debout, Mistral gagnant, Laisse b\u00e9ton, Manhattan-Kaboul, Marche \u00e0 l&rsquo;ombre, D\u00e8s que le vent soufflera\u2026 Il faudrait sans doute plus d&rsquo;une journ\u00e9e pour tous les citer. Voil\u00e0 <strong>des ann\u00e9es<\/strong> maintenant que <a href=\"https:\/\/www.public.fr\/le-placer-sous-tutelle-lolita-sechan-confidences-inattendues-sur-son-pere-renaud\" target=\"_blank\" rel=\"noopener\">l&rsquo;artiste de 73 ans<\/a> nous enchante avec ses m\u00e9lodies. Des ann\u00e9es\u2026 et plus pr\u00e9cis\u00e9ment 50 ans\u00a0! <strong>Renaud f\u00eate ses 50 ans de carri\u00e8re.<\/strong><\/p>\n<p>Bien qu&rsquo;affaiblie par les ann\u00e9es qui passent, <a href=\"https:\/\/www.public.fr\/un-pere-na-pas-a-parler-de-ca-renaud-cette-chanson-que-sa-fille-lolita-na-pas-du-tout-aime\" target=\"_blank\" rel=\"noopener\">le Parisien<\/a> ne <strong>compte pas l\u00e2cher ses fans<\/strong>. D&rsquo;ailleurs sa manageuse met tout en \u0153uvre pour l&rsquo;accompagner. <strong>Sa manageuse qui n&rsquo;est autre que\u2026 <\/strong><a href=\"https:\/\/www.public.fr\/un-papa-genialement-complexe-lolita-sechan-balance-sur-son-enfance-hors-norme-avec-renaud\" target=\"_blank\" rel=\"noopener\"><strong>sa fille<\/strong>, Lolita S\u00e9chan<\/a>. D&rsquo;ailleurs, cette derni\u00e8re a tenu \u00e0 rendre hommage \u00e0 son illustre papa \u00e0 l&rsquo;occasion de cette ann\u00e9e anniversaire. <a href=\"https:\/\/www.public.fr\/renaud-sa-fille-envahie-elle-poste-un-message-de-detresse\" target=\"_blank\" rel=\"noopener\">La jeune femme de 45 ans<\/a> a alors co\u00e9crit un livre avec Erwan L&rsquo;\u00c9l\u00e9ouet <strong>intitul\u00e9 Renaud le livre <\/strong>(\u00c9ditions de la Martini\u00e8re).<\/p>\n<p>Un ouvrage dans lequel elle <strong>parle de son p\u00e8re comme jamais <\/strong>auparavant. Des <strong>confidences touchantes<\/strong> sur <a href=\"https:\/\/www.public.fr\/renaud-lartiste-menace-par-un-divorce\" target=\"_blank\" rel=\"noopener\">le mari de Cerise<\/a> qui s&rsquo;appr\u00eate \u00e0 remonter sur sc\u00e8ne. La quadrag\u00e9naire a notamment \u00e9voqu\u00e9  le <strong>\u201ccomportement extr\u00eame\u201d<\/strong> de <a href=\"https:\/\/www.public.fr\/renaud-se-desole-davoir-abandonne-son-fils-malone-brillant-mais-pas-bavard\" target=\"_blank\" rel=\"noopener\">son paternel<\/a> et est revenue sur ses nombreuses ann\u00e9es \u00e0 se battre contre ses addictions. En effet, pendant longtemps, Renaud a \u00e9t\u00e9 <strong>addict \u00e0 l&rsquo;alcool et \u00e0 la cigarette<\/strong>. Toutefois, depuis qu&rsquo;il a arr\u00eat\u00e9, il compense.<\/p>\n<p>Renaud arr\u00eate l&rsquo;alcool et la cigarette mais devient accro \u00e0 d&rsquo;autres produits<\/p>\n<p>Le 6\u00a0octobre dernier, dans le cadre de la sortie de ce livre, <a href=\"https:\/\/www.google.com\/url?sa=t&amp;source=web&amp;rct=j&amp;opi=89978449&amp;url=https:\/\/vsd.fr\/52023-renaud-le-sourire-aux-levres-aupres-de-lolita\/&amp;ved=2ahUKEwiWgv26tZmQAxVDVqQEHeEOJN4QFnoECB8QAQ&amp;usg=AOvVaw2V_ljvKi1OGXuvG5ESKNr-\" target=\"_blank\" rel=\"noopener\">Lolita S\u00e9chan<\/a> a pris la parole dans les colonnes du Parisien. \u00c0 cette occasion, la fille de Renaud et Dominique Quilichini <strong>a parl\u00e9 des d\u00e9mons de son p\u00e8re <\/strong>mais\u2026 Il y a une bonne nouvelle. En effet, <a href=\"https:\/\/www.google.com\/url?sa=t&amp;source=web&amp;rct=j&amp;opi=89978449&amp;url=https:\/\/vsd.fr\/77015-renaud-les-dernieres-nouvelles-sur-son-etat-de-sante\/&amp;ved=2ahUKEwi2waLJtZmQAxX2VaQEHUZNMlsQFnoECB8QAQ&amp;usg=AOvVaw3sSHsGHeod0VBSU7R3fake\" target=\"_blank\" rel=\"noopener\">l&rsquo;artiste<\/a> <strong>\u201ca arr\u00eat\u00e9 de fumer et de boire\u201d<\/strong>. Cette p\u00e9riode semble derri\u00e8re lui. Mais\u2026 Car il y a un \u00ab\u00a0mais\u00a0\u00bb. Tous les addictologues s&rsquo;accorderont \u00e0 dire qu&rsquo;une personne addict qui stoppe sa consommation de produit quel qu&rsquo;il soit va <strong>chercher \u00e0 compenser ailleurs.<\/strong><\/p>\n<p>Pour certains, cela peut \u00eatre par le sport, le shopping ou encore le sexe. Renaud, quant \u00e0 lui, a opt\u00e9 pour de petits plaisirs. \u201cIl est extr\u00eame, donc<strong> il compense avec le sucre et la vapoteuse<\/strong>. Il a besoin de vibrer, il a besoin d\u2019un comportement extr\u00eame, et en vieillissant c\u2019est de plus en plus difficile\u201d, a expliqu\u00e9 sa fille devenue sa manageuse mais aussi son aidante, tout comme sa femme Cerise. \u00ab\u00a0<strong>C\u2019est tr\u00e8s compliqu\u00e9 d\u2019\u00eatre aidant<\/strong>. Ma m\u00e8re l\u2019a v\u00e9cu, sa nouvelle compagne le vit\u2026 <a href=\"https:\/\/www.google.com\/url?sa=t&amp;source=web&amp;rct=j&amp;opi=89978449&amp;url=https:\/\/vsd.fr\/73873-la-scene-me-fait-vivre-et-linactivite-me-tue-renaud-donne-de-ses-nouvelles-et-repond-cash-aux-rumeurs-sur-sa-sante\/&amp;ved=2ahUKEwi2waLJtZmQAxX2VaQEHUZNMlsQFnoECBgQAQ&amp;usg=AOvVaw1zOuwgi-FonM5P0q2YN4Rg\" target=\"_blank\" rel=\"noopener\">Papa <\/a>est complexe \u00e0 vivre\u00a0\u00bb, a-t-elle conclu lors de cet entretien.<\/p>\n<p>      Mentionn\u00e9s dans cet article<\/p>\n<p>      Sur le m\u00eame sujet<\/p>\n","protected":false},"excerpt":{"rendered":"On ne compte plus le nombre de tubes que Renaud a sorti tout au long de sa carri\u00e8re.&hellip;\n","protected":false},"author":2,"featured_media":452574,"comment_status":"","ping_status":"","sticky":false,"template":"","format":"standard","meta":{"footnotes":""},"categories":[1359],"tags":[3581,1695,5551,58,59,1011,27,2003,51822,57814,973,1628],"class_list":{"0":"post-452573","1":"post","2":"type-post","3":"status-publish","4":"format-standard","5":"has-post-thumbnail","7":"category-people","8":"tag-anniversaire","9":"tag-chanson","10":"tag-chanson-francaise","11":"tag-divertissement","12":"tag-entertainment","13":"tag-fr","14":"tag-france","15":"tag-livre","16":"tag-lolita","17":"tag-lolita-sechan","18":"tag-people","19":"tag-renaud"},"share_on_mastodon":{"url":"https:\/\/pubeurope.com\/@fr\/115350055461002207","error":""},"_links":{"self":[{"href":"https:\/\/www.europesays.com\/fr\/wp-json\/wp\/v2\/posts\/452573","targetHints":{"allow":["GET"]}}],"collection":[{"href":"https:\/\/www.europesays.com\/fr\/wp-json\/wp\/v2\/posts"}],"about":[{"href":"https:\/\/www.europesays.com\/fr\/wp-json\/wp\/v2\/types\/post"}],"author":[{"embeddable":true,"href":"https:\/\/www.europesays.com\/fr\/wp-json\/wp\/v2\/users\/2"}],"replies":[{"embeddable":true,"href":"https:\/\/www.europesays.com\/fr\/wp-json\/wp\/v2\/comments?post=452573"}],"version-history":[{"count":0,"href":"https:\/\/www.europesays.com\/fr\/wp-json\/wp\/v2\/posts\/452573\/revisions"}],"wp:featuredmedia":[{"embeddable":true,"href":"https:\/\/www.europesays.com\/fr\/wp-json\/wp\/v2\/media\/452574"}],"wp:attachment":[{"href":"https:\/\/www.europesays.com\/fr\/wp-json\/wp\/v2\/media?parent=452573"}],"wp:term":[{"taxonomy":"category","embeddable":true,"href":"https:\/\/www.europesays.com\/fr\/wp-json\/wp\/v2\/categories?post=452573"},{"taxonomy":"post_tag","embeddable":true,"href":"https:\/\/www.europesays.com\/fr\/wp-json\/wp\/v2\/tags?post=452573"}],"curies":[{"name":"wp","href":"https:\/\/api.w.org\/{rel}","templated":true}]}}