{"id":452577,"date":"2025-10-10T13:16:12","date_gmt":"2025-10-10T13:16:12","guid":{"rendered":"https:\/\/www.europesays.com\/fr\/452577\/"},"modified":"2025-10-10T13:16:12","modified_gmt":"2025-10-10T13:16:12","slug":"cadalen-le-livre-est-roi-une-fois-par-mois-au-caftiers","status":"publish","type":"post","link":"https:\/\/www.europesays.com\/fr\/452577\/","title":{"rendered":"Cadalen\u00a0: le livre est roi une fois par mois au Caf\u2019Tiers"},"content":{"rendered":"<p>\n                                                                    l&rsquo;essentiel<br \/>\n                                                                Apr\u00e8s un atelier d\u2019essai en juin dernier, l\u2019atelier du Caf\u2019Tiers consacr\u00e9 \u00e0 la lecture devient un rendez-vous mensuel. Les amateurs de livres se retrouveront d\u00e9sormais chaque premier dimanche du mois autour d\u2019Audrey et d\u2019Albane, les deux animatrices.\n                            <\/p>\n<p>\u00ab\u00a0Raconte-moi ton livre, ce n\u2019est pas un cercle litt\u00e9raire, juste un moment d\u2019\u00e9change autour des livres que nous aimons\u00a0\u00bb, explique Audrey. Les deux initiatrices ne sont pas des professionnelles de la litt\u00e9rature, \u00ab\u00a0seulement des passionn\u00e9es de lecture\u00a0\u00bb. Habitu\u00e9es \u00e0 parler de leurs lectures \u00e0 leurs familles, amis ou coll\u00e8gues, elles se sont dit qu\u2019il serait int\u00e9ressant de r\u00e9unir d\u2019autres personnes pour partager ces moments. Ainsi est n\u00e9 \u00ab\u00a0Raconte-moi ton livre\u00a0\u00bb o\u00f9 bienveillance et convivialit\u00e9 sont les ma\u00eetres mots.<\/p>\n<p>Chacun vient avec un ou plusieurs ouvrages qu\u2019il a aim\u00e9s\u2026 ou pas\u00a0! Il ne s\u2019agit pas de se transformer en critique litt\u00e9raire, mais de donner envie \u00e0 d\u2019autres de lire.<\/p>\n<p>\u00ab\u00a0C\u2019est aussi un moment de d\u00e9couverte\u00a0: il y a tellement de livres qu\u2019on ne peut pas tous les conna\u00eetre\u00a0\u00bb, soulignent-elles. Si Albane affectionne particuli\u00e8rement l\u2019actualit\u00e9 litt\u00e9raire, Audrey, elle, explore la litt\u00e9rature japonaise. Aucun style n\u2019est impos\u00e9\u00a0: roman, manga, BD, documentaire\u2026 tout est bienvenu. Dans le futur, les animatrices envisagent des s\u00e9ances \u00e0 th\u00e8me, mais pour l\u2019heure, c\u2019est l\u2019\u00e9clectisme qui prime.<\/p>\n<p>Contrairement aux id\u00e9es re\u00e7ues, les jeunes lisent aussi\u00a0! \u00ab\u00a0Lors d\u2019une pr\u00e9c\u00e9dente s\u00e9ance, plusieurs ados ont particip\u00e9 et n\u2019ont pas h\u00e9sit\u00e9 \u00e0 parler de leurs lectures, voire \u00e0 lire des passages\u00a0\u00bb, se f\u00e9licitent Audrey et Albane. Si leur priorit\u00e9 est aujourd\u2019hui de consolider le groupe de participants, elles esp\u00e8rent \u00e9galement cr\u00e9er des liens avec les r\u00e9sidents de l\u2019EHPAD.<\/p>\n<p>Et, sans se transformer en biblioth\u00e8que, l\u2019atelier pourrait bien devenir un lieu d\u2019\u00e9change de livres. Prochaines s\u00e9ances\u00a0: les 2\u00a0novembre et 7\u00a0d\u00e9cembre, de 14\u00a0h\u00a030 \u00e0 16\u00a0h\u00a030 au Caf\u2019Tiers. Entr\u00e9e libre et gratuite.<\/p>\n","protected":false},"excerpt":{"rendered":"l&rsquo;essentiel Apr\u00e8s un atelier d\u2019essai en juin dernier, l\u2019atelier du Caf\u2019Tiers consacr\u00e9 \u00e0 la lecture devient un rendez-vous&hellip;\n","protected":false},"author":2,"featured_media":452578,"comment_status":"","ping_status":"","sticky":false,"template":"","format":"standard","meta":{"footnotes":""},"categories":[1357],"tags":[1379,58,59,1011,27,1380],"class_list":{"0":"post-452577","1":"post","2":"type-post","3":"status-publish","4":"format-standard","5":"has-post-thumbnail","7":"category-livres","8":"tag-books","9":"tag-divertissement","10":"tag-entertainment","11":"tag-fr","12":"tag-france","13":"tag-livres"},"share_on_mastodon":{"url":"https:\/\/pubeurope.com\/@fr\/115350063356763085","error":""},"_links":{"self":[{"href":"https:\/\/www.europesays.com\/fr\/wp-json\/wp\/v2\/posts\/452577","targetHints":{"allow":["GET"]}}],"collection":[{"href":"https:\/\/www.europesays.com\/fr\/wp-json\/wp\/v2\/posts"}],"about":[{"href":"https:\/\/www.europesays.com\/fr\/wp-json\/wp\/v2\/types\/post"}],"author":[{"embeddable":true,"href":"https:\/\/www.europesays.com\/fr\/wp-json\/wp\/v2\/users\/2"}],"replies":[{"embeddable":true,"href":"https:\/\/www.europesays.com\/fr\/wp-json\/wp\/v2\/comments?post=452577"}],"version-history":[{"count":0,"href":"https:\/\/www.europesays.com\/fr\/wp-json\/wp\/v2\/posts\/452577\/revisions"}],"wp:featuredmedia":[{"embeddable":true,"href":"https:\/\/www.europesays.com\/fr\/wp-json\/wp\/v2\/media\/452578"}],"wp:attachment":[{"href":"https:\/\/www.europesays.com\/fr\/wp-json\/wp\/v2\/media?parent=452577"}],"wp:term":[{"taxonomy":"category","embeddable":true,"href":"https:\/\/www.europesays.com\/fr\/wp-json\/wp\/v2\/categories?post=452577"},{"taxonomy":"post_tag","embeddable":true,"href":"https:\/\/www.europesays.com\/fr\/wp-json\/wp\/v2\/tags?post=452577"}],"curies":[{"name":"wp","href":"https:\/\/api.w.org\/{rel}","templated":true}]}}