{"id":452579,"date":"2025-10-10T13:17:16","date_gmt":"2025-10-10T13:17:16","guid":{"rendered":"https:\/\/www.europesays.com\/fr\/452579\/"},"modified":"2025-10-10T13:17:16","modified_gmt":"2025-10-10T13:17:16","slug":"il-ma-vu-et-il-est-parti-philippe-etchebest-fait-face-a-une-situation-inedite-dans-lhistoire-de-cauchemar-en-cuisine-sur-m6","status":"publish","type":"post","link":"https:\/\/www.europesays.com\/fr\/452579\/","title":{"rendered":"\u00ab\u00a0Il m&rsquo;a vu et il est parti\u00a0\u00bb : Philippe Etchebest fait face \u00e0 une situation in\u00e9dite dans l&rsquo;histoire de \u00ab\u00a0Cauchemar en cuisine\u00a0\u00bb sur M6"},"content":{"rendered":"<p>            <img loading=\"lazy\" decoding=\"async\" src=\"https:\/\/www.europesays.com\/fr\/wp-content\/uploads\/2025\/07\/1753453630_789_dcb0d112757ed4ab-35x35-1.jpg\" class=\"author-article-picture\" width=\"35\" height=\"35\"\/><\/p>\n<p>                Par<br \/>\n                                    Mathis Ferrut<br \/>\n                                                    | Journaliste<\/p>\n<p>\n                Passionn\u00e9 par le monde des m\u00e9dias depuis sa tendre enfance, la t\u00e9l\u00e9vision et particuli\u00e8rement les divertissements n&rsquo;ont aucun secret pour lui : \u00ab\u00a0Le Bigdil\u00a0\u00bb, \u00ab\u00a0L&rsquo;amour est dans le pr\u00e9\u00a0\u00bb, \u00ab\u00a0N&rsquo;oubliez pas les paroles\u00a0\u00bb, \u00ab\u00a0Fort Boyard\u00a0\u00bb, \u00ab\u00a0Mari\u00e9s au premier regard\u00a0\u00bb, \u00ab\u00a0Loft Story\u00a0\u00bb, \u00ab\u00a0Star Academy\u00a0\u00bb, \u00ab\u00a0Secret Story\u00a0\u00bb, \u00ab\u00a0Les Tra\u00eetres\u00a0\u00bb, \u00ab\u00a0Les Marseillais\u00a0\u00bb\u2026 On le surnomme m\u00eame \u00ab\u00a0l&rsquo;encyclop\u00e9die de la t\u00e9l\u00e9-r\u00e9alit\u00e9\u00a0\u00bb !\n            <\/p>\n<p>\n    Ce vendredi 10 octobre 2025, M6 diffuse un nouvel \u00e9pisode in\u00e9dit de \u00ab\u00a0Cauchemar en cuisine\u00a0\u00bb. Cette fois, Philippe Etchebest se rend \u00e0 S\u00e8te, dans l&rsquo;H\u00e9rault, pour venir en aide \u00e0 un restaurant routier, mais il se retrouve face \u00e0 une situation in\u00e9dite dans l&rsquo;histoire de l&rsquo;\u00e9mission.\n<\/p>\n<p>                            <img loading=\"lazy\" decoding=\"async\" class=\"player-thumbnail\" src=\"https:\/\/www.europesays.com\/fr\/wp-content\/uploads\/2025\/10\/40eccc4bfe2c12c0-580x326-1.jpg\" width=\"580\" height=\"326\"\/><\/p>\n<p>                    Philippe Etchebest se retrouve face \u00e0 une situation in\u00e9dite dans \u00ab\u00a0Cauchemar en cuisine\u00a0\u00bb, ce vendredi 10 octobre 2025. \u00a9 M6<\/p>\n<p>La suite apr\u00e8s la publicit\u00e9<\/p>\n<p><a href=\"https:\/\/www.ozap.com\/personnalite\/philippe-etchebest_e189583\" rel=\"nofollow noopener\" target=\"_blank\">Philippe Etchebest<\/a> est vu comme un v\u00e9ritable h\u00e9ros par la plupart des restaurateurs qui s&rsquo;inscrivent \u00e0 \u00ab\u00a0Cauchemar en cuisine\u00a0\u00bb. Le chef r\u00e9ussi r\u00e9guli\u00e8rement sa mission et permet \u00e0 de nombreux restaurants de rester ouverts. Derni\u00e8rement, il a sauv\u00e9 l&rsquo;\u00e9tablissement d&rsquo;Aline et Luc \u00e0 Langeron, dans la Ni\u00e8vre. <a href=\"https:\/\/www.ozap.com\/actu\/cauchemar-en-cuisine-sur-m6-4-mois-apres-le-passage-de-philippe-etchebest-que-devient-le-restaurant-daline-et-luc-a-langeron\/651794\" rel=\"nofollow noopener\" target=\"_blank\">Quatre mois apr\u00e8s le passage du c\u00e9l\u00e8bre cuisinier, Purem\u00e9dias a eu l&rsquo;occasion d&rsquo;interviewer les deux restaurateurs<\/a>. \u00ab\u00a0On a fait un tr\u00e8s bon mois d&rsquo;ao\u00fbt et de septembre. La client\u00e8le commence \u00e0 revenir. On a eu du monde presque tous les jours, suffisamment pour ne pas perdre et m\u00eame pour pouvoir renflouer un peu les caisses\u00a0\u00bb, s&rsquo;est r\u00e9jouie Aline. \u00ab\u00a0On a eu une dizaine de couverts en moyenne. On a fait parfois 13, 15, un peu tous les jours, donc c&rsquo;est bien\u00a0\u00bb, a pr\u00e9cis\u00e9 Luc. Pour eux, pas de doute, ils doivent cette renaissance au progamme de M6 : \u00ab\u00a0Beaucoup de gens savent qu&rsquo;ils sont venus, qu&rsquo;il y a une nouvelle d\u00e9coration. D&rsquo;autres, qui n&rsquo;avaient jamais entendu parler de nous, qui ne nous connaissaient pas, ont su que le tournage avait eu lieu et donc viennent pour voir, pour savoir\u00a0\u00bb.<\/p>\n<p>Ce vendredi 10 octobre 2025, <a href=\"https:\/\/www.ozap.com\/actu\/nouveau-jour-larrivee-de-philippe-etchebest-a-t-elle-enfin-booste-les-scores-confidentiels-du-feuilleton-de-m6\/651510\" rel=\"nofollow noopener\" target=\"_blank\">celui qui s&rsquo;est lanc\u00e9 dans la com\u00e9die en jouant dans \u00ab\u00a0Nouveau Jour\u00a0\u00bb<\/a> revient sur M6 avec un nouvel \u00e9pisode in\u00e9dit de \u00ab\u00a0Cauchemar en cuisine\u00a0\u00bb. Dedans, il se rend \u00e0 S\u00e8te, dans l&rsquo;H\u00e9rault, pour venir en aide \u00e0 un restaurant routier tenu depuis 14 ans par Bachir, sa femme et leurs fils. Mais surprise, les patrons ne sont pas \u00e0 l&rsquo;origine de la venue de Philippe Etchebest. En effet, c&rsquo;est Aurora, la serveuse, qui a fait appel \u00e0 la production. Visiblement, la surprise n&rsquo;a pas vraiment fait plaisir au restaurateur. Dans un teaser d\u00e9voil\u00e9 sur les r\u00e9seaux sociaux de la cha\u00eene, la voix off tease : \u00ab\u00a0Pour la premi\u00e8re fois dans l&rsquo;histoire de Cauchemar en Cuisine, Philippe Etchebest fait face \u00e0 une situation inattendue. Vraiment inattendue\u00a0\u00bb. C&rsquo;est le moins qu&rsquo;on puisse dire, puisque <a href=\"https:\/\/www.ozap.com\/actu\/je-n-ai-jamais-vu-ca-de-ma-vie-philippe-etchebest-perd-ses-nerfs-dans-cauchemar-en-cuisine-et-fait-une-demande-inedite-dans-l-histoire-de-l-emission\/651562\" rel=\"nofollow noopener\" target=\"_blank\">Philippe Etchebest, qui s&rsquo;\u00e9tait d\u00e9j\u00e0 retrouv\u00e9 face \u00e0 une situation in\u00e9dite dans le restaurant de d&rsquo;Amina \u00e0 Brive-la-Gaillarde<\/a>, se retrouve seul dans le restaurant.<\/p>\n<p>\u00ab\u00a0Il y a quelqu&rsquo;un ? Personne. Bonjour ? Il y a personne qui vient me chercher, c&rsquo;est quand m\u00eame incroyable, hallucinant\u00a0\u00bb, commente-t-il. Mais le chef n&rsquo;est pas au bout de ses surprises, puisqu&rsquo;il apprend que le patron s&rsquo;est enfui en le voyant arriver ! \u00ab\u00a0Ah, parce qu&rsquo;il m&rsquo;a vu ! Oh, c&rsquo;est une blague ! Ah, il m&rsquo;a vu, il est parti !\u00a0\u00bb, hallucine-t-il. Comment va r\u00e9agir Philippe Etchebest au retour du restaurateur ? Pour le d\u00e9couvrir, rendez-vous sur M6 ce vendredi 10 octobre \u00e0 21h10.<\/p>\n<p>        <img decoding=\"async\" class=\"thumb-img-100 thumb-img\" src=\"https:\/\/www.europesays.com\/fr\/wp-content\/uploads\/2025\/10\/f04b30e705ecb4ce-320x180-1.jpg\" alt=\"&quot;Laura est partie juste apr\u00e8s le tournage&quot; : Un mois apr\u00e8s le passage de Philippe Etchebest et &quot;Cauchemar en cuisine&quot;, Amina donne des nouvelles de son restaurant \u00e0 Brive-la-Gaillarde\" width=\"320\" height=\"180\" loading=\"lazy\" role=\"presentation\"\/><\/p>\n<p>                                            \u00ab\u00a0Laura est partie juste apr\u00e8s le tournage\u00a0\u00bb : Un mois apr\u00e8s le passage de Philippe Etchebest et \u00ab\u00a0Cauchemar en cuisine\u00a0\u00bb, Amina donne des nouvelles de son restaurant \u00e0 Brive-la-Gaillarde<\/p>\n<p>        <img decoding=\"async\" class=\"thumb-img-100 thumb-img\" src=\"https:\/\/www.europesays.com\/fr\/wp-content\/uploads\/2025\/10\/faeacb2470f46468-320x180-1.png\" alt=\"&quot;C'est suffisamment rare pour le souligner&quot; : Philippe Etchebest surpris par l'\u00e9tat de la cuisine d'Aline et Luc dans &quot;Cauchemar en cuisine&quot; sur M6\" width=\"320\" height=\"180\" loading=\"lazy\" role=\"presentation\"\/><\/p>\n<p>                                            \u00ab\u00a0C&rsquo;est suffisamment rare pour le souligner\u00a0\u00bb : Philippe Etchebest surpris par l&rsquo;\u00e9tat de la cuisine d&rsquo;Aline et Luc dans \u00ab\u00a0Cauchemar en cuisine\u00a0\u00bb sur M6<\/p>\n<p>        <img decoding=\"async\" class=\"thumb-img-100 thumb-img\" src=\"https:\/\/www.europesays.com\/fr\/wp-content\/uploads\/2025\/10\/d3616e3083e95748-320x180-1.jpg\" alt=\"&quot;La liquidation a \u00e9t\u00e9 officiellement act\u00e9e&quot; : Six mois apr\u00e8s le tournage de &quot;Cauchemar en cuisine&quot; sur M6, Steve annonce la fermeture d\u00e9finitive de son restaurant \u00e0 Saint-Vrain\" width=\"320\" height=\"180\" loading=\"lazy\" role=\"presentation\"\/><\/p>\n<p>                                            \u00ab\u00a0La liquidation a \u00e9t\u00e9 officiellement act\u00e9e\u00a0\u00bb : Six mois apr\u00e8s le tournage de \u00ab\u00a0Cauchemar en cuisine\u00a0\u00bb sur M6, Steve annonce la fermeture d\u00e9finitive de son restaurant \u00e0 Saint-Vrain<\/p>\n","protected":false},"excerpt":{"rendered":"Par Mathis Ferrut | Journaliste Passionn\u00e9 par le monde des m\u00e9dias depuis sa tendre enfance, la t\u00e9l\u00e9vision et&hellip;\n","protected":false},"author":2,"featured_media":452580,"comment_status":"","ping_status":"","sticky":false,"template":"","format":"standard","meta":{"footnotes":""},"categories":[1356],"tags":[58,59,1011,27,252,1364],"class_list":{"0":"post-452579","1":"post","2":"type-post","3":"status-publish","4":"format-standard","5":"has-post-thumbnail","7":"category-television","8":"tag-divertissement","9":"tag-entertainment","10":"tag-fr","11":"tag-france","12":"tag-television","13":"tag-tv"},"share_on_mastodon":{"url":"https:\/\/pubeurope.com\/@fr\/115350067918526240","error":""},"_links":{"self":[{"href":"https:\/\/www.europesays.com\/fr\/wp-json\/wp\/v2\/posts\/452579","targetHints":{"allow":["GET"]}}],"collection":[{"href":"https:\/\/www.europesays.com\/fr\/wp-json\/wp\/v2\/posts"}],"about":[{"href":"https:\/\/www.europesays.com\/fr\/wp-json\/wp\/v2\/types\/post"}],"author":[{"embeddable":true,"href":"https:\/\/www.europesays.com\/fr\/wp-json\/wp\/v2\/users\/2"}],"replies":[{"embeddable":true,"href":"https:\/\/www.europesays.com\/fr\/wp-json\/wp\/v2\/comments?post=452579"}],"version-history":[{"count":0,"href":"https:\/\/www.europesays.com\/fr\/wp-json\/wp\/v2\/posts\/452579\/revisions"}],"wp:featuredmedia":[{"embeddable":true,"href":"https:\/\/www.europesays.com\/fr\/wp-json\/wp\/v2\/media\/452580"}],"wp:attachment":[{"href":"https:\/\/www.europesays.com\/fr\/wp-json\/wp\/v2\/media?parent=452579"}],"wp:term":[{"taxonomy":"category","embeddable":true,"href":"https:\/\/www.europesays.com\/fr\/wp-json\/wp\/v2\/categories?post=452579"},{"taxonomy":"post_tag","embeddable":true,"href":"https:\/\/www.europesays.com\/fr\/wp-json\/wp\/v2\/tags?post=452579"}],"curies":[{"name":"wp","href":"https:\/\/api.w.org\/{rel}","templated":true}]}}