{"id":452583,"date":"2025-10-10T13:19:23","date_gmt":"2025-10-10T13:19:23","guid":{"rendered":"https:\/\/www.europesays.com\/fr\/452583\/"},"modified":"2025-10-10T13:19:23","modified_gmt":"2025-10-10T13:19:23","slug":"et-si-cetait-elle-la-comedie-de-lautomne","status":"publish","type":"post","link":"https:\/\/www.europesays.com\/fr\/452583\/","title":{"rendered":"et si c\u2019\u00e9tait elle, la com\u00e9die de l\u2019automne\u00a0?"},"content":{"rendered":"<p class=\"intro\">Pour Elsa\u00a0Zylberstein, \u00ab\u00a0C\u2019\u00e9tait mieux demain\u00a0\u00bb est la rencontre de \u00ab\u00a0Barbie\u00a0\u00bb avec \u00ab\u00a0Retour vers le futur\u00a0\u00bb.<\/p>\n<p><strong>Le synopsis<\/strong><\/p>\n<p>H\u00e9l\u00e8ne est l\u2019\u00e9pouse mod\u00e8le de 1958\u00a0: elle s\u2019occupe des enfants, mitonne de bons petits plats et reste bien entendu aux petits soins pour Michel, son mari. Le jour o\u00f9 elle gagne une machine \u00e0 laver, c\u2019est l\u2019euphorie\u00a0! Elle aura enfin un peu de temps pour elle. Michel ne l\u2019entend pas de cette oreille\u00a0: du temps pour quoi faire, non mais oh\u00a0! Il veut d\u00e9brancher l\u2019engin mais un coup de jus les catapulte tous les deux en 2025. Et H\u00e9l\u00e8ne de se d\u00e9couvrir cheffe d\u2019entreprise et Michel homme au foyer\u2026 entre autres changements.<\/p>\n<p>    La suite apr\u00e8s cette publicit\u00e9<\/p>\n<p>La critique de Paris Match (4\/5)<\/p>\n<p>Cette com\u00e9die, c\u2019est encore Elsa\u00a0Zylberstein\u00a0qui la r\u00e9sume le mieux\u00a0: \u00ab\u00a0C\u2019est la rencontre de \u00ab\u00a0Barbie\u00a0\u00bb avec \u00ab\u00a0Retour vers le futur\u00a0\u00bb.\u00a0\u00bb. Avec en plus un truc bien \u00e0 nous\u00a0: la fameuse exception culturelle fran\u00e7aise dans ce qu\u2019elle a de plus noble et pas de plus pesant. Tout est dans le verbe et dans ce savant m\u00e9lange de com\u00e9die et d\u2019\u00e9motion. Les dialogues sont cisel\u00e9s, les situations alternent le plaisir du cocasse et le d\u00e9lice du malaise, et le dilemme face auquel se retrouve l\u2019h\u00e9ro\u00efne a de quoi serrer le c\u0153ur (non, on ne\u00a0spoilera\u00a0pas).<\/p>\n<p>    La suite apr\u00e8s cette publicit\u00e9<\/p>\n<p>Et puis\u00a0il y a le fond de l\u2019affaire. Pas qu\u2019une simple poilade franchouillarde, \u00ab\u00a0C\u2019\u00e9tait mieux demain\u00a0\u00bb n\u2019est pas un br\u00fblot f\u00e9ministe. C\u2019est un constat dont\u00a0l\u2019analyse se situe au milieu du gu\u00e9. Il n\u2019y a pas d\u2019un c\u00f4t\u00e9 la femme soumise qui finit par \u00e9clore comme une fleur et de l\u2019autre un gros con bas de plafond qui finit par voir la lumi\u00e8re de la d\u00e9construction. Il y a un couple qui s\u2019aime profond\u00e9ment sans vraiment conna\u00eetre ou comprendre le ressenti et les envies de l\u2019autre. Le choc du futur va \u00e9videmment les secouer, et c\u2019est le regard empreint de causticit\u00e9 sur notre \u00e9poque qui apporte une plus-value \u00e0 cette com\u00e9die dont la pertinence n\u2019a d\u2019\u00e9gale que la\u00a0sagacit\u00e9 des enseignements qu\u2019elle procure.<\/p>\n<p>De Vinciane\u00a0Millereau.<br \/>Avec Elsa\u00a0Zylberstein, Didier Bourdon\u2026<\/p>\n","protected":false},"excerpt":{"rendered":"Pour Elsa\u00a0Zylberstein, \u00ab\u00a0C\u2019\u00e9tait mieux demain\u00a0\u00bb est la rencontre de \u00ab\u00a0Barbie\u00a0\u00bb avec \u00ab\u00a0Retour vers le futur\u00a0\u00bb. Le synopsis H\u00e9l\u00e8ne&hellip;\n","protected":false},"author":2,"featured_media":452584,"comment_status":"","ping_status":"","sticky":false,"template":"","format":"standard","meta":{"footnotes":""},"categories":[1354],"tags":[58,59,1346,1011,27,1360],"class_list":{"0":"post-452583","1":"post","2":"type-post","3":"status-publish","4":"format-standard","5":"has-post-thumbnail","7":"category-films","8":"tag-divertissement","9":"tag-entertainment","10":"tag-films","11":"tag-fr","12":"tag-france","13":"tag-movies"},"share_on_mastodon":{"url":"https:\/\/pubeurope.com\/@fr\/115350075070543160","error":""},"_links":{"self":[{"href":"https:\/\/www.europesays.com\/fr\/wp-json\/wp\/v2\/posts\/452583","targetHints":{"allow":["GET"]}}],"collection":[{"href":"https:\/\/www.europesays.com\/fr\/wp-json\/wp\/v2\/posts"}],"about":[{"href":"https:\/\/www.europesays.com\/fr\/wp-json\/wp\/v2\/types\/post"}],"author":[{"embeddable":true,"href":"https:\/\/www.europesays.com\/fr\/wp-json\/wp\/v2\/users\/2"}],"replies":[{"embeddable":true,"href":"https:\/\/www.europesays.com\/fr\/wp-json\/wp\/v2\/comments?post=452583"}],"version-history":[{"count":0,"href":"https:\/\/www.europesays.com\/fr\/wp-json\/wp\/v2\/posts\/452583\/revisions"}],"wp:featuredmedia":[{"embeddable":true,"href":"https:\/\/www.europesays.com\/fr\/wp-json\/wp\/v2\/media\/452584"}],"wp:attachment":[{"href":"https:\/\/www.europesays.com\/fr\/wp-json\/wp\/v2\/media?parent=452583"}],"wp:term":[{"taxonomy":"category","embeddable":true,"href":"https:\/\/www.europesays.com\/fr\/wp-json\/wp\/v2\/categories?post=452583"},{"taxonomy":"post_tag","embeddable":true,"href":"https:\/\/www.europesays.com\/fr\/wp-json\/wp\/v2\/tags?post=452583"}],"curies":[{"name":"wp","href":"https:\/\/api.w.org\/{rel}","templated":true}]}}