{"id":452587,"date":"2025-10-10T13:21:10","date_gmt":"2025-10-10T13:21:10","guid":{"rendered":"https:\/\/www.europesays.com\/fr\/452587\/"},"modified":"2025-10-10T13:21:10","modified_gmt":"2025-10-10T13:21:10","slug":"comment-le-monegasque-valentin-vacherot-enflamme-le-rocher-grace-a-sa-demi-finale-a-shanghai","status":"publish","type":"post","link":"https:\/\/www.europesays.com\/fr\/452587\/","title":{"rendered":"comment le Mon\u00e9gasque Valentin Vacherot enflamme le Rocher gr\u00e2ce \u00e0 sa demi-finale \u00e0 Shanghai"},"content":{"rendered":"<p>Guillaume Couillard, le capitaine de l\u2019\u00e9quipe de Monaco de Coupe Davis, conna\u00eet Valentin Vacherot depuis tout petit. Il d\u00e9crit l\u2019effervescence sur le Rocher, o\u00f9 les performances du Mon\u00e9gasque au Masters 1000 de Shanghai remontent jusqu\u2019au Palais.<\/p>\n<p><strong>Guillaume Couillard, avec <a href=\"https:\/\/rmcsport.bfmtv.com\/tennis\/masters-1000\/shanghai\/masters-1000-de-shanghai-le-conte-de-fees-du-monegasque-valentin-vacherot-continue_AV-202510090612.html\" title=\"Masters 1000 de Shanghai: le conte de f\u00e9es du Mon\u00e9gasque Valentin Vacherot continue\" class=\"internal_link\" rel=\"nofollow noopener\" target=\"_blank\">la qualification de Valentin Vacherot en demi-finale du Masters 1000 de Shanghai<\/a>, on imagine que l\u2019atmosph\u00e8re est folle au Monte Carlo Country Club?<\/strong><\/p>\n<p>Alors moi, je n\u2019\u00e9tais pas l\u00e0 pour le quart de Valentin. J&rsquo;\u00e9tais trois semaines en Am\u00e9rique du Sud avec un junior, et je suis rentr\u00e9 jeudi soir. Par contre, je sentais quand m\u00eame un petit truc particulier, on a des groupes Whatsapp, des trucs entre joueurs et \u00e7a br\u00fblait. Ce (vendredi) matin, je suis au club et les gens se prennent m\u00eame \u00e0 regarder Arthur Rinderknech (<a href=\"https:\/\/rmcsport.bfmtv.com\/tennis\/atp\/on-ne-l-arrete-plus-nouvel-exploit-d-arthur-rinderknech-qualifie-en-demi-finale-du-masters-1000-de-shanghai_AV-202510100395.html\" title=\"On ne l&#039;arr\u00eate plus: nouvel exploit d&#039;Arthur Rinderknech, qualifi\u00e9 en demi-finale du Masters 1000 de Shanghai\" class=\"internal_link\" rel=\"nofollow noopener\" target=\"_blank\">qualifi\u00e9 en demi-finale \u00e9galement, NDLR<\/a>). On sait tous qu&rsquo;il y a un petit lien familial (ils sont cousins, NDLR).<\/p>\n<p><strong>C&rsquo;est un vrai Mon\u00e9gasque Valentin, il n&rsquo;y a aucun doute?<\/strong><\/p>\n<p>Il est n\u00e9 \u00e0 Monaco, il a toujours v\u00e9cu \u00e0 Monaco, il a fait sa scolarit\u00e9 \u00e0 Monaco avant de partir aux \u00c9tats-Unis en universit\u00e9. Mais il a toujours v\u00e9cu l\u00e0, il a appris \u00e0 jouer au tennis au Country Club. Il est rouge et blanc.<\/p>\n<p><strong>Et vous le sentiez venir, ce truc?<\/strong><\/p>\n<p>En juin 2024, il \u00e9tait mont\u00e9 110e \u00e0 l\u2019ATP et il n&rsquo;avait aucun point \u00e0 d\u00e9fendre pendant pratiquement 6 mois. On \u00e9tait quasiment certain qu&rsquo;il allait rentrer dans le top 100 et puis il s&rsquo;est bless\u00e9 \u00e0 l&rsquo;\u00e9paule et il n&rsquo;a pas jou\u00e9 pendant pratiquement sept mois je crois, m\u00eame plus. C&rsquo;\u00e9tait tr\u00e8s compliqu\u00e9, donc quand il a repris, il avait perdu tous ses points. Il \u00e9tait pratiquement 270e quand il a repris donc il fallait un petit peu refaire tout \u00e7a, parce qu&rsquo;on savait qu&rsquo;il avait \u00e9videmment le potentiel pour rentrer dans les 100.<\/p>\n<p><strong>Son tournoi \u00e0 Shanghai est dingue\u2026<\/strong><\/p>\n<p>On le sentait capable de gagner \u00e0 ce niveau-l\u00e0. L\u00e0, ce qui est vraiment ultra surprenant, c&rsquo;est l&rsquo;encha\u00eenement. Ce n\u2019est pas de le faire une fois mais c&rsquo;est de le faire deux fois, trois fois, quatre fois, cinq fois. C\u2019est pourtant difficile mentalement et physiquement de tenir comme il le fait. Il ne me para\u00eet pas en sur-r\u00e9gime. Il joue juste tr\u00e8s bien, mais comme il l&rsquo;a d\u00e9j\u00e0 fait plusieurs fois. En 2024, \u00e0 Monte-Carlo, il avait battu le Portugais Borges, qui \u00e9tait top 40.<\/p>\n<p><strong>Sur la balle de match, on a vu toute son \u00e9motion\u2026<\/strong><\/p>\n<p>Oui, j&rsquo;allais dire que c&rsquo;est un r\u00eave parce qu&rsquo;on a toujours l&rsquo;impression qu&rsquo;on est capable mais est-ce qu&rsquo;on va le r\u00e9aliser? C&rsquo;est quand m\u00eame une \u00e9tape d&rsquo;\u00eatre dans le top 100. Ce n&rsquo;est pas que la symbolique du top 100, \u00e7a l&rsquo;assure d&rsquo;aller faire un tableau de Grand Chelem. \u00c7a l&rsquo;assure financi\u00e8rement d&rsquo;\u00eatre aussi tranquille pour pouvoir continuer \u00e0 payer sa structure, \u00e0 l&rsquo;am\u00e9liorer, tout \u00e7a. Donc \u00e7a a un impact quand m\u00eame \u00e9norme. Et de se dire qu&rsquo;il va pouvoir jouer les plus grands tournois du monde contre les plus grands joueurs du monde, c&rsquo;est \u00e7a qui le fait se lever le matin. Il sent que l\u00e0, enfin, il a cette opportunit\u00e9-l\u00e0.<\/p>\n<p><strong>Sa structure est 100% mon\u00e9gasque?<\/strong><\/p>\n<p>Oui, il est entra\u00een\u00e9 par Benjamin Balleret, son demi-fr\u00e8re. Il est entra\u00een\u00e9 aussi physiquement par l&rsquo;entra\u00eeneur physique de la F\u00e9d\u00e9ration mon\u00e9gasque de tennis. Il a le kin\u00e9 de notre \u00e9quipe de Coupe Davis.<\/p>\n<p><strong>En tant que capitaine de l\u2019\u00e9quipe de Monaco de Coupe Davis, vous l\u2019aviez s\u00e9lectionn\u00e9 en 2021. Il avait ador\u00e9 \u00e7a?<\/strong><\/p>\n<p>Tout de suite, \u00e7a a accroch\u00e9. Il adore \u00e7a. Sur son premier match, on a senti le \u00ab\u00a0matcheur\u00a0\u00bb. \u00c0 partir du moment o\u00f9 il jouait pour son pays, pour Monaco, il \u00e9tait ultra galvanis\u00e9. Je sais qu&rsquo;il y a certains joueurs, \u00e7a peut un peu les t\u00e9taniser le fait de jouer, on en a vu un m\u00eame en France. Valentin, il est monstrueux! Jouer pour son pays, c&rsquo;est incroyable comme \u00e7a galvanise. Quand il est loin du monde et qu&rsquo;il sent le soutien, parce qu&rsquo;on lui envoie plein de vid\u00e9os, m\u00eame des membres qui le f\u00e9licitent, les petits jeunes joueurs de notre petit centre de formation qui lui envoient des messages etc. Et il dit: \u00ab\u00a0Ah la vache, c&rsquo;est incroyable.\u00a0\u00bb Il a l&rsquo;impression de jouer un peu pour Monaco, il sent qu&rsquo;il repr\u00e9sente quand m\u00eame ce petit bout de Rocher au bout du monde et \u00e7a, \u00e7a le transcende encore plus.<\/p>\n<p><strong>Comment envisagez-vous le match contre Djokovic qui est membre du Monte Carlo Country Club? D\u2019ailleurs, ils ont peut-\u00eatre tap\u00e9 la balle avec Valentin&#8230;<\/strong><\/p>\n<p>Oui, il me semble qu&rsquo;ils ont jou\u00e9 ensemble pendant le Masters 1000 de Monte-Carlo au printemps. Nous, on a la chance ici d&rsquo;avoir plein de joueurs du top 20. Je pense qu&rsquo;il doit y avoir 10 joueurs du top 20 qui vivent et s\u2019entra\u00eenent \u00e0 Monaco. Donc r\u00e9guli\u00e8rement, on les voit, on les c\u00f4toie.<\/p>\n<p><strong>Toute la Principaut\u00e9 va \u00eatre devant sa t\u00e9l\u00e9 ce samedi&#8230;<\/strong><\/p>\n<p>On sait que le Prince Albert est comme un dingue, il suit \u00e7a, il est comme un fou. Autant que Charles Leclerc, lorsqu\u2019il a gagn\u00e9 le Grand Prix de Formule 1. Je sais que ma pr\u00e9sidente a pris l&rsquo;avion pour le rejoindre.<\/p>\n<p><strong>M\u00e9lanie-Antoinette de Massy (pr\u00e9sidente de la F\u00e9d\u00e9ration mon\u00e9gasque de tennis, NLDR) assistera donc \u00e0 la demi-finale?<\/strong><\/p>\n<p>Oui, elle suit tous nos matchs de Coupe Davis, elle est partout. C\u2019est la cousine du Prince. Elle est partie jeudi \u00e0 la fin de son quart de finale. Elle avait r\u00e9serv\u00e9 son billet d&rsquo;avion qui \u00e9tait annulable si Valentin perdait. Donc elle a pris son sac et elle est partie. Il faut savoir qu\u2019elle g\u00e8re les trois entit\u00e9s en fait. Le tournoi, la F\u00e9d\u00e9ration et le club. Donc elle est vraiment missionn\u00e9e par la famille princi\u00e8re.<\/p>\n<p>Propos recueillis par Eric Salliot<\/p>\n","protected":false},"excerpt":{"rendered":"Guillaume Couillard, le capitaine de l\u2019\u00e9quipe de Monaco de Coupe Davis, conna\u00eet Valentin Vacherot depuis tout petit. Il&hellip;\n","protected":false},"author":2,"featured_media":452588,"comment_status":"","ping_status":"","sticky":false,"template":"","format":"standard","meta":{"footnotes":""},"categories":[9],"tags":[1011,27,60],"class_list":{"0":"post-452587","1":"post","2":"type-post","3":"status-publish","4":"format-standard","5":"has-post-thumbnail","7":"category-sports","8":"tag-fr","9":"tag-france","10":"tag-sports"},"share_on_mastodon":{"url":"https:\/\/pubeurope.com\/@fr\/115350082948415772","error":""},"_links":{"self":[{"href":"https:\/\/www.europesays.com\/fr\/wp-json\/wp\/v2\/posts\/452587","targetHints":{"allow":["GET"]}}],"collection":[{"href":"https:\/\/www.europesays.com\/fr\/wp-json\/wp\/v2\/posts"}],"about":[{"href":"https:\/\/www.europesays.com\/fr\/wp-json\/wp\/v2\/types\/post"}],"author":[{"embeddable":true,"href":"https:\/\/www.europesays.com\/fr\/wp-json\/wp\/v2\/users\/2"}],"replies":[{"embeddable":true,"href":"https:\/\/www.europesays.com\/fr\/wp-json\/wp\/v2\/comments?post=452587"}],"version-history":[{"count":0,"href":"https:\/\/www.europesays.com\/fr\/wp-json\/wp\/v2\/posts\/452587\/revisions"}],"wp:featuredmedia":[{"embeddable":true,"href":"https:\/\/www.europesays.com\/fr\/wp-json\/wp\/v2\/media\/452588"}],"wp:attachment":[{"href":"https:\/\/www.europesays.com\/fr\/wp-json\/wp\/v2\/media?parent=452587"}],"wp:term":[{"taxonomy":"category","embeddable":true,"href":"https:\/\/www.europesays.com\/fr\/wp-json\/wp\/v2\/categories?post=452587"},{"taxonomy":"post_tag","embeddable":true,"href":"https:\/\/www.europesays.com\/fr\/wp-json\/wp\/v2\/tags?post=452587"}],"curies":[{"name":"wp","href":"https:\/\/api.w.org\/{rel}","templated":true}]}}